{"id":1620,"date":"2026-09-06T17:23:33","date_gmt":"2026-09-06T20:23:33","guid":{"rendered":"https:\/\/arg-agro.com.ar\/actualidad\/les-dirigeants-agricoles-amis-et-famille-pleurent-la-disparition-de-ray-gaesser\/"},"modified":"2026-09-06T17:23:36","modified_gmt":"2026-09-06T20:23:36","slug":"les-dirigeants-agricoles-amis-et-famille-pleurent-la-disparition-de-ray-gaesser","status":"publish","type":"post","link":"https:\/\/arg-agro.com.ar\/actualidad\/les-dirigeants-agricoles-amis-et-famille-pleurent-la-disparition-de-ray-gaesser\/","title":{"rendered":"Les dirigeants agricoles, amis et famille pleurent la disparition de Ray Gaesser"},"content":{"rendered":"<p><\/p>\n<div>\n<p>Ray Gaesser, un querido l\u00edder agr\u00edcola y conservacionista que cultivaba tierras cerca de Corning, Iowa, falleci\u00f3 el s\u00e1bado tras un accidente en la granja. Estaba a aproximadamente una semana de celebrar su 74 cumplea\u00f1os.<\/p>\n<p>Gaesser fue presidente de la Iowa Soybean Association y de la American Soybean Association. Tambi\u00e9n ocup\u00f3 cargos de liderazgo en varias organizaciones agr\u00edcolas, entre ellas la Conservation Infrastructure Initiative de Iowa, Solutions from the Land y la North American Climate Smart Agriculture Alliance.<\/p>\n<p>La gobernadora de Iowa, Kim Reynolds, emiti\u00f3 un comunicado tras conocer su fallecimiento ayer.<\/p>\n<p>\u201cKevin y yo perdimos a un querido amigo esta ma\u00f1ana. Ray Gaesser era como de la familia para nosotros y para tantos iowanos. Ser\u00e1 recordado como uno de nuestros mejores agricultores, innovadores y defensores. Conocido por su trabajo en biocombustibles y pr\u00e1cticas de conservaci\u00f3n, estableci\u00f3 normas altas y lider\u00f3 con el ejemplo. Estaba listo y dispuesto a servir siempre que se le pidiera, entregando tanto de s\u00ed mismo a tantas causas, y siempre con prop\u00f3sito e intenci\u00f3n.\u201d<\/p>\n<p>\u201cTuve el placer de trabajar con \u00e9l a lo largo de los a\u00f1os, y me enorgullece haberlo nombrado para la Comisi\u00f3n DOT, donde acaba de completar su mandato como presidente en julio.\u201d<\/p>\n<p>\u201cEra m\u00e1s grande que la vida, y su p\u00e9rdida es devastadora. Nuestra familia est\u00e1 profundamente entristecida por esta noticia tr\u00e1gica, y nuestras oraciones est\u00e1n con Elaine y su familia.\u201d<\/p>\n<p>El Secretario de Agricultura de Iowa, Mike Naig, dijo que estaba \u201cshockeado y con el coraz\u00f3n roto al enterarse de la p\u00e9rdida de mi amigo, Ray Gaesser.\u201d<\/p>\n<p>\u201cRay era un granjero orgulloso, un incansable defensor de la agricultura, un l\u00edder respetado y un verdadero campe\u00f3n de la sostenibilidad. Le importaba profundamente la agricultura de Iowa y los hombres y mujeres que la hacen posible con su trabajo. Tuve la suerte de conocerlo como amigo y como alguien que siempre trabajaba para hacer la agricultura mejor.\u201d<\/p>\n<p>Gaesser ayud\u00f3 a cofundar Solutions from the Land en 2010, y \u201cdurante m\u00e1s de dos d\u00e9cadas, brind\u00f3 un liderazgo invaluable para mejorar la sostenibilidad de la agricultura de Iowa, de Estados Unidos y global,\u201d dijo Ernie Shea, presidente de SLF. \u201cConservacionista de toda la vida, Ray fue un pionero y defensor de las pr\u00e1cticas de siembra sin labranza y de cultivo de cobertura que utilizaba en los terrenos que cultivaba.\u201d<\/p>\n<p>Shea lo describi\u00f3 como un \u201cincansable defensor de escalar todas las formas de energ\u00eda renovable: bioenerg\u00eda, e\u00f3lica, solar e hidroenerg\u00eda, proporcionadas por granjas, ranchos y bosques agr\u00edcolas bien gestionados. Tambi\u00e9n fue un defensor de escalar sistemas y pr\u00e1cticas de bioeconom\u00eda circular en el \u00e1mbito agr\u00edcola para mejorar la seguridad alimentaria y nutricional y, al mismo tiempo, ofrecer servicios ecosist\u00e9micos como filtraci\u00f3n y almacenamiento de agua, secuestro de carbono y mejora del medio ambiente y de la biodiversidad.\u201d<\/p>\n<p>\u201cNunca fue alguien que reh\u00faye temas dif\u00edciles como el cambio clim\u00e1tico y la calidad del agua; Ray inst\u00f3 a las partes interesadas a unirse y co-crear soluciones a los desaf\u00edos del d\u00eda. Una de las frases m\u00e1s conocidas de Ray fue \u2018Cuando trabajamos juntos, todos nos beneficiamos\u2019, que comunic\u00f3 de forma tan eficaz en su \u00faltimo podcast, \u2018Adapt\u00e1ndose al cambio clim\u00e1tico y cuidando la tierra\u2019.\u201d, a\u00f1adi\u00f3 Shea.<\/p>\n<p>Gaesser deja atr\u00e1s a su esposa Elaine y a sus hijos, Chris y Jenny, junto con varios otros familiares.<\/p>\n<p>Esta noticia se actualizar\u00e1 con informaci\u00f3n sobre el memorial tan pronto como est\u00e9 disponible.<\/p>\n<\/div>\n","protected":false},"excerpt":{"rendered":"","protected":false},"author":1,"featured_media":1621,"comment_status":"closed","ping_status":"closed","sticky":false,"template":"","format":"standard","meta":{"footnotes":""},"categories":[1],"class_list":["post-1620","post","type-post","status-publish","format-standard","has-post-thumbnail","hentry","category-actualidad","generate-columns","tablet-grid-50","mobile-grid-100","grid-parent","grid-50"],"yoast_head":"<!-- This site is optimized with the Yoast SEO plugin v27.0 - https:\/\/yoast.com\/product\/yoast-seo-wordpress\/ -->\n<title>Les dirigeants agricoles, amis et famille pleurent la disparition de Ray Gaesser - ARG-AGRO Semilleria Venta de Semillas e Insumos para el Agro<\/title>\n<meta name=\"robots\" content=\"index, follow, max-snippet:-1, max-image-preview:large, max-video-preview:-1\" \/>\n<link rel=\"canonical\" href=\"https:\/\/arg-agro.com.ar\/actualidad\/les-dirigeants-agricoles-amis-et-famille-pleurent-la-disparition-de-ray-gaesser\/\" \/>\n<meta property=\"og:locale\" content=\"es_ES\" \/>\n<meta property=\"og:type\" content=\"article\" \/>\n<meta property=\"og:title\" content=\"Les dirigeants agricoles, amis et famille pleurent la disparition de Ray Gaesser - ARG-AGRO Semilleria Venta de Semillas e Insumos para el Agro\" \/>\n<meta property=\"og:url\" content=\"https:\/\/arg-agro.com.ar\/actualidad\/les-dirigeants-agricoles-amis-et-famille-pleurent-la-disparition-de-ray-gaesser\/\" \/>\n<meta property=\"og:site_name\" content=\"ARG-AGRO Semilleria Venta de Semillas e Insumos para el Agro\" \/>\n<meta property=\"article:published_time\" content=\"2026-09-06T20:23:33+00:00\" \/>\n<meta property=\"article:modified_time\" content=\"2026-09-06T20:23:36+00:00\" \/>\n<meta property=\"og:image\" content=\"https:\/\/arg-agro.com.ar\/actualidad\/wp-content\/uploads\/2026\/09\/Les-dirigeants-agricoles-amis-et-famille-pleurent-la-disparition-de.png\" \/>\n\t<meta property=\"og:image:width\" content=\"836\" \/>\n\t<meta property=\"og:image:height\" content=\"627\" \/>\n\t<meta property=\"og:image:type\" content=\"image\/png\" \/>\n<meta name=\"author\" content=\"Tom\u00e1s Echeverr\u00eda\" \/>\n<meta name=\"twitter:card\" content=\"summary_large_image\" \/>\n<meta name=\"twitter:label1\" content=\"Escrito por\" \/>\n\t<meta name=\"twitter:data1\" content=\"Tom\u00e1s Echeverr\u00eda\" \/>\n\t<meta name=\"twitter:label2\" content=\"Tiempo de lectura\" \/>\n\t<meta name=\"twitter:data2\" content=\"3 minutos\" \/>\n<script type=\"application\/ld+json\" class=\"yoast-schema-graph\">{\"@context\":\"https:\/\/schema.org\",\"@graph\":[{\"@type\":\"NewsArticle\",\"@id\":\"https:\/\/arg-agro.com.ar\/actualidad\/les-dirigeants-agricoles-amis-et-famille-pleurent-la-disparition-de-ray-gaesser\/#article\",\"isPartOf\":{\"@id\":\"https:\/\/arg-agro.com.ar\/actualidad\/les-dirigeants-agricoles-amis-et-famille-pleurent-la-disparition-de-ray-gaesser\/\"},\"author\":{\"name\":\"Tom\u00e1s Echeverr\u00eda\",\"@id\":\"https:\/\/arg-agro.com.ar\/actualidad\/#\/schema\/person\/6f778d1f6f2c0c1b373aeda7620b7ce3\"},\"headline\":\"Les dirigeants agricoles, amis et famille pleurent la disparition de Ray Gaesser\",\"datePublished\":\"2026-09-06T20:23:33+00:00\",\"dateModified\":\"2026-09-06T20:23:36+00:00\",\"mainEntityOfPage\":{\"@id\":\"https:\/\/arg-agro.com.ar\/actualidad\/les-dirigeants-agricoles-amis-et-famille-pleurent-la-disparition-de-ray-gaesser\/\"},\"wordCount\":617,\"publisher\":{\"@id\":\"https:\/\/arg-agro.com.ar\/actualidad\/#organization\"},\"image\":{\"@id\":\"https:\/\/arg-agro.com.ar\/actualidad\/les-dirigeants-agricoles-amis-et-famille-pleurent-la-disparition-de-ray-gaesser\/#primaryimage\"},\"thumbnailUrl\":\"https:\/\/arg-agro.com.ar\/actualidad\/wp-content\/uploads\/2026\/09\/Les-dirigeants-agricoles-amis-et-famille-pleurent-la-disparition-de.png\",\"keywords\":[\"agricoles\",\"amis\",\"dirigeants\",\"disparition\",\"famille\",\"Gaesser\",\"les\",\"pleurent\",\"Ray\"],\"articleSection\":[\"Actualidad\"],\"inLanguage\":\"es\"},{\"@type\":\"WebPage\",\"@id\":\"https:\/\/arg-agro.com.ar\/actualidad\/les-dirigeants-agricoles-amis-et-famille-pleurent-la-disparition-de-ray-gaesser\/\",\"url\":\"https:\/\/arg-agro.com.ar\/actualidad\/les-dirigeants-agricoles-amis-et-famille-pleurent-la-disparition-de-ray-gaesser\/\",\"name\":\"Les dirigeants agricoles, amis et famille pleurent la disparition de Ray Gaesser - ARG-AGRO Semilleria Venta de Semillas e Insumos para el Agro\",\"isPartOf\":{\"@id\":\"https:\/\/arg-agro.com.ar\/actualidad\/#website\"},\"primaryImageOfPage\":{\"@id\":\"https:\/\/arg-agro.com.ar\/actualidad\/les-dirigeants-agricoles-amis-et-famille-pleurent-la-disparition-de-ray-gaesser\/#primaryimage\"},\"image\":{\"@id\":\"https:\/\/arg-agro.com.ar\/actualidad\/les-dirigeants-agricoles-amis-et-famille-pleurent-la-disparition-de-ray-gaesser\/#primaryimage\"},\"thumbnailUrl\":\"https:\/\/arg-agro.com.ar\/actualidad\/wp-content\/uploads\/2026\/09\/Les-dirigeants-agricoles-amis-et-famille-pleurent-la-disparition-de.png\",\"datePublished\":\"2026-09-06T20:23:33+00:00\",\"dateModified\":\"2026-09-06T20:23:36+00:00\",\"breadcrumb\":{\"@id\":\"https:\/\/arg-agro.com.ar\/actualidad\/les-dirigeants-agricoles-amis-et-famille-pleurent-la-disparition-de-ray-gaesser\/#breadcrumb\"},\"inLanguage\":\"es\",\"potentialAction\":[{\"@type\":\"ReadAction\",\"target\":[\"https:\/\/arg-agro.com.ar\/actualidad\/les-dirigeants-agricoles-amis-et-famille-pleurent-la-disparition-de-ray-gaesser\/\"]}]},{\"@type\":\"ImageObject\",\"inLanguage\":\"es\",\"@id\":\"https:\/\/arg-agro.com.ar\/actualidad\/les-dirigeants-agricoles-amis-et-famille-pleurent-la-disparition-de-ray-gaesser\/#primaryimage\",\"url\":\"https:\/\/arg-agro.com.ar\/actualidad\/wp-content\/uploads\/2026\/09\/Les-dirigeants-agricoles-amis-et-famille-pleurent-la-disparition-de.png\",\"contentUrl\":\"https:\/\/arg-agro.com.ar\/actualidad\/wp-content\/uploads\/2026\/09\/Les-dirigeants-agricoles-amis-et-famille-pleurent-la-disparition-de.png\",\"width\":836,\"height\":627},{\"@type\":\"BreadcrumbList\",\"@id\":\"https:\/\/arg-agro.com.ar\/actualidad\/les-dirigeants-agricoles-amis-et-famille-pleurent-la-disparition-de-ray-gaesser\/#breadcrumb\",\"itemListElement\":[{\"@type\":\"ListItem\",\"position\":1,\"name\":\"Arg-Agro\",\"item\":\"https:\/\/arg-agro.com.ar\/actualidad\/\"},{\"@type\":\"ListItem\",\"position\":2,\"name\":\"Les dirigeants agricoles, amis et famille pleurent la disparition de Ray Gaesser\"}]},{\"@type\":\"WebSite\",\"@id\":\"https:\/\/arg-agro.com.ar\/actualidad\/#website\",\"url\":\"https:\/\/arg-agro.com.ar\/actualidad\/\",\"name\":\"ARG-AGRO Semilleria Venta de Semillas e Insumos para el Agro\",\"description\":\"\",\"publisher\":{\"@id\":\"https:\/\/arg-agro.com.ar\/actualidad\/#organization\"},\"potentialAction\":[{\"@type\":\"SearchAction\",\"target\":{\"@type\":\"EntryPoint\",\"urlTemplate\":\"https:\/\/arg-agro.com.ar\/actualidad\/?s={search_term_string}\"},\"query-input\":{\"@type\":\"PropertyValueSpecification\",\"valueRequired\":true,\"valueName\":\"search_term_string\"}}],\"inLanguage\":\"es\"},{\"@type\":\"Organization\",\"@id\":\"https:\/\/arg-agro.com.ar\/actualidad\/#organization\",\"name\":\"ARG-AGRO Semilleria Venta de Semillas e Insumos para el Agro\",\"url\":\"https:\/\/arg-agro.com.ar\/actualidad\/\",\"logo\":{\"@type\":\"ImageObject\",\"inLanguage\":\"es\",\"@id\":\"https:\/\/arg-agro.com.ar\/actualidad\/#\/schema\/logo\/image\/\",\"url\":\"https:\/\/arg-agro.com.ar\/actualidad\/wp-content\/uploads\/2026\/03\/store_logo.png\",\"contentUrl\":\"https:\/\/arg-agro.com.ar\/actualidad\/wp-content\/uploads\/2026\/03\/store_logo.png\",\"width\":270,\"height\":90,\"caption\":\"ARG-AGRO Semilleria Venta de Semillas e Insumos para el Agro\"},\"image\":{\"@id\":\"https:\/\/arg-agro.com.ar\/actualidad\/#\/schema\/logo\/image\/\"}},{\"@type\":\"Person\",\"@id\":\"https:\/\/arg-agro.com.ar\/actualidad\/#\/schema\/person\/6f778d1f6f2c0c1b373aeda7620b7ce3\",\"name\":\"Tom\u00e1s Echeverr\u00eda\",\"image\":{\"@type\":\"ImageObject\",\"inLanguage\":\"es\",\"@id\":\"https:\/\/arg-agro.com.ar\/actualidad\/#\/schema\/person\/image\/\",\"url\":\"https:\/\/arg-agro.com.ar\/actualidad\/wp-content\/uploads\/2026\/03\/Tomas-Echeverria-150x150.jpg\",\"contentUrl\":\"https:\/\/arg-agro.com.ar\/actualidad\/wp-content\/uploads\/2026\/03\/Tomas-Echeverria-150x150.jpg\",\"caption\":\"Tom\u00e1s Echeverr\u00eda\"},\"description\":\"Tom\u00e1s Echeverr\u00eda es especialista en agricultura y manejo sostenible de suelos, con experiencia en sistemas productivos de Argentina. Investiga la optimizaci\u00f3n del riego, la nutrici\u00f3n de cultivos y la adopci\u00f3n de tecnolog\u00edas de agricultura de precisi\u00f3n para mejorar rendimientos. En Arg-Agro, divulga pr\u00e1cticas basadas en evidencia para una producci\u00f3n eficiente y resiliente.\",\"sameAs\":[\"https:\/\/arg-agro.com.ar\/\"]}]}<\/script>\n<!-- \/ Yoast SEO plugin. -->","yoast_head_json":{"title":"Les dirigeants agricoles, amis et famille pleurent la disparition de Ray Gaesser - ARG-AGRO Semilleria Venta de Semillas e Insumos para el Agro","robots":{"index":"index","follow":"follow","max-snippet":"max-snippet:-1","max-image-preview":"max-image-preview:large","max-video-preview":"max-video-preview:-1"},"canonical":"https:\/\/arg-agro.com.ar\/actualidad\/les-dirigeants-agricoles-amis-et-famille-pleurent-la-disparition-de-ray-gaesser\/","og_locale":"es_ES","og_type":"article","og_title":"Les dirigeants agricoles, amis et famille pleurent la disparition de Ray Gaesser - ARG-AGRO Semilleria Venta de Semillas e Insumos para el Agro","og_url":"https:\/\/arg-agro.com.ar\/actualidad\/les-dirigeants-agricoles-amis-et-famille-pleurent-la-disparition-de-ray-gaesser\/","og_site_name":"ARG-AGRO Semilleria Venta de Semillas e Insumos para el Agro","article_published_time":"2026-09-06T20:23:33+00:00","article_modified_time":"2026-09-06T20:23:36+00:00","og_image":[{"width":836,"height":627,"url":"https:\/\/arg-agro.com.ar\/actualidad\/wp-content\/uploads\/2026\/09\/Les-dirigeants-agricoles-amis-et-famille-pleurent-la-disparition-de.png","type":"image\/png"}],"author":"Tom\u00e1s Echeverr\u00eda","twitter_card":"summary_large_image","twitter_misc":{"Escrito por":"Tom\u00e1s Echeverr\u00eda","Tiempo de lectura":"3 minutos"},"schema":{"@context":"https:\/\/schema.org","@graph":[{"@type":"NewsArticle","@id":"https:\/\/arg-agro.com.ar\/actualidad\/les-dirigeants-agricoles-amis-et-famille-pleurent-la-disparition-de-ray-gaesser\/#article","isPartOf":{"@id":"https:\/\/arg-agro.com.ar\/actualidad\/les-dirigeants-agricoles-amis-et-famille-pleurent-la-disparition-de-ray-gaesser\/"},"author":{"name":"Tom\u00e1s Echeverr\u00eda","@id":"https:\/\/arg-agro.com.ar\/actualidad\/#\/schema\/person\/6f778d1f6f2c0c1b373aeda7620b7ce3"},"headline":"Les dirigeants agricoles, amis et famille pleurent la disparition de Ray Gaesser","datePublished":"2026-09-06T20:23:33+00:00","dateModified":"2026-09-06T20:23:36+00:00","mainEntityOfPage":{"@id":"https:\/\/arg-agro.com.ar\/actualidad\/les-dirigeants-agricoles-amis-et-famille-pleurent-la-disparition-de-ray-gaesser\/"},"wordCount":617,"publisher":{"@id":"https:\/\/arg-agro.com.ar\/actualidad\/#organization"},"image":{"@id":"https:\/\/arg-agro.com.ar\/actualidad\/les-dirigeants-agricoles-amis-et-famille-pleurent-la-disparition-de-ray-gaesser\/#primaryimage"},"thumbnailUrl":"https:\/\/arg-agro.com.ar\/actualidad\/wp-content\/uploads\/2026\/09\/Les-dirigeants-agricoles-amis-et-famille-pleurent-la-disparition-de.png","keywords":["agricoles","amis","dirigeants","disparition","famille","Gaesser","les","pleurent","Ray"],"articleSection":["Actualidad"],"inLanguage":"es"},{"@type":"WebPage","@id":"https:\/\/arg-agro.com.ar\/actualidad\/les-dirigeants-agricoles-amis-et-famille-pleurent-la-disparition-de-ray-gaesser\/","url":"https:\/\/arg-agro.com.ar\/actualidad\/les-dirigeants-agricoles-amis-et-famille-pleurent-la-disparition-de-ray-gaesser\/","name":"Les dirigeants agricoles, amis et famille pleurent la disparition de Ray Gaesser - ARG-AGRO Semilleria Venta de Semillas e Insumos para el Agro","isPartOf":{"@id":"https:\/\/arg-agro.com.ar\/actualidad\/#website"},"primaryImageOfPage":{"@id":"https:\/\/arg-agro.com.ar\/actualidad\/les-dirigeants-agricoles-amis-et-famille-pleurent-la-disparition-de-ray-gaesser\/#primaryimage"},"image":{"@id":"https:\/\/arg-agro.com.ar\/actualidad\/les-dirigeants-agricoles-amis-et-famille-pleurent-la-disparition-de-ray-gaesser\/#primaryimage"},"thumbnailUrl":"https:\/\/arg-agro.com.ar\/actualidad\/wp-content\/uploads\/2026\/09\/Les-dirigeants-agricoles-amis-et-famille-pleurent-la-disparition-de.png","datePublished":"2026-09-06T20:23:33+00:00","dateModified":"2026-09-06T20:23:36+00:00","breadcrumb":{"@id":"https:\/\/arg-agro.com.ar\/actualidad\/les-dirigeants-agricoles-amis-et-famille-pleurent-la-disparition-de-ray-gaesser\/#breadcrumb"},"inLanguage":"es","potentialAction":[{"@type":"ReadAction","target":["https:\/\/arg-agro.com.ar\/actualidad\/les-dirigeants-agricoles-amis-et-famille-pleurent-la-disparition-de-ray-gaesser\/"]}]},{"@type":"ImageObject","inLanguage":"es","@id":"https:\/\/arg-agro.com.ar\/actualidad\/les-dirigeants-agricoles-amis-et-famille-pleurent-la-disparition-de-ray-gaesser\/#primaryimage","url":"https:\/\/arg-agro.com.ar\/actualidad\/wp-content\/uploads\/2026\/09\/Les-dirigeants-agricoles-amis-et-famille-pleurent-la-disparition-de.png","contentUrl":"https:\/\/arg-agro.com.ar\/actualidad\/wp-content\/uploads\/2026\/09\/Les-dirigeants-agricoles-amis-et-famille-pleurent-la-disparition-de.png","width":836,"height":627},{"@type":"BreadcrumbList","@id":"https:\/\/arg-agro.com.ar\/actualidad\/les-dirigeants-agricoles-amis-et-famille-pleurent-la-disparition-de-ray-gaesser\/#breadcrumb","itemListElement":[{"@type":"ListItem","position":1,"name":"Arg-Agro","item":"https:\/\/arg-agro.com.ar\/actualidad\/"},{"@type":"ListItem","position":2,"name":"Les dirigeants agricoles, amis et famille pleurent la disparition de Ray Gaesser"}]},{"@type":"WebSite","@id":"https:\/\/arg-agro.com.ar\/actualidad\/#website","url":"https:\/\/arg-agro.com.ar\/actualidad\/","name":"ARG-AGRO Semilleria Venta de Semillas e Insumos para el Agro","description":"","publisher":{"@id":"https:\/\/arg-agro.com.ar\/actualidad\/#organization"},"potentialAction":[{"@type":"SearchAction","target":{"@type":"EntryPoint","urlTemplate":"https:\/\/arg-agro.com.ar\/actualidad\/?s={search_term_string}"},"query-input":{"@type":"PropertyValueSpecification","valueRequired":true,"valueName":"search_term_string"}}],"inLanguage":"es"},{"@type":"Organization","@id":"https:\/\/arg-agro.com.ar\/actualidad\/#organization","name":"ARG-AGRO Semilleria Venta de Semillas e Insumos para el Agro","url":"https:\/\/arg-agro.com.ar\/actualidad\/","logo":{"@type":"ImageObject","inLanguage":"es","@id":"https:\/\/arg-agro.com.ar\/actualidad\/#\/schema\/logo\/image\/","url":"https:\/\/arg-agro.com.ar\/actualidad\/wp-content\/uploads\/2026\/03\/store_logo.png","contentUrl":"https:\/\/arg-agro.com.ar\/actualidad\/wp-content\/uploads\/2026\/03\/store_logo.png","width":270,"height":90,"caption":"ARG-AGRO Semilleria Venta de Semillas e Insumos para el Agro"},"image":{"@id":"https:\/\/arg-agro.com.ar\/actualidad\/#\/schema\/logo\/image\/"}},{"@type":"Person","@id":"https:\/\/arg-agro.com.ar\/actualidad\/#\/schema\/person\/6f778d1f6f2c0c1b373aeda7620b7ce3","name":"Tom\u00e1s Echeverr\u00eda","image":{"@type":"ImageObject","inLanguage":"es","@id":"https:\/\/arg-agro.com.ar\/actualidad\/#\/schema\/person\/image\/","url":"https:\/\/arg-agro.com.ar\/actualidad\/wp-content\/uploads\/2026\/03\/Tomas-Echeverria-150x150.jpg","contentUrl":"https:\/\/arg-agro.com.ar\/actualidad\/wp-content\/uploads\/2026\/03\/Tomas-Echeverria-150x150.jpg","caption":"Tom\u00e1s Echeverr\u00eda"},"description":"Tom\u00e1s Echeverr\u00eda es especialista en agricultura y manejo sostenible de suelos, con experiencia en sistemas productivos de Argentina. Investiga la optimizaci\u00f3n del riego, la nutrici\u00f3n de cultivos y la adopci\u00f3n de tecnolog\u00edas de agricultura de precisi\u00f3n para mejorar rendimientos. En Arg-Agro, divulga pr\u00e1cticas basadas en evidencia para una producci\u00f3n eficiente y resiliente.","sameAs":["https:\/\/arg-agro.com.ar\/"]}]}},"_links":{"self":[{"href":"https:\/\/arg-agro.com.ar\/actualidad\/wp-json\/wp\/v2\/posts\/1620","targetHints":{"allow":["GET"]}}],"collection":[{"href":"https:\/\/arg-agro.com.ar\/actualidad\/wp-json\/wp\/v2\/posts"}],"about":[{"href":"https:\/\/arg-agro.com.ar\/actualidad\/wp-json\/wp\/v2\/types\/post"}],"author":[{"embeddable":true,"href":"https:\/\/arg-agro.com.ar\/actualidad\/wp-json\/wp\/v2\/users\/1"}],"replies":[{"embeddable":true,"href":"https:\/\/arg-agro.com.ar\/actualidad\/wp-json\/wp\/v2\/comments?post=1620"}],"version-history":[{"count":1,"href":"https:\/\/arg-agro.com.ar\/actualidad\/wp-json\/wp\/v2\/posts\/1620\/revisions"}],"predecessor-version":[{"id":1622,"href":"https:\/\/arg-agro.com.ar\/actualidad\/wp-json\/wp\/v2\/posts\/1620\/revisions\/1622"}],"wp:featuredmedia":[{"embeddable":true,"href":"https:\/\/arg-agro.com.ar\/actualidad\/wp-json\/wp\/v2\/media\/1621"}],"wp:attachment":[{"href":"https:\/\/arg-agro.com.ar\/actualidad\/wp-json\/wp\/v2\/media?parent=1620"}],"wp:term":[{"taxonomy":"category","embeddable":true,"href":"https:\/\/arg-agro.com.ar\/actualidad\/wp-json\/wp\/v2\/categories?post=1620"}],"curies":[{"name":"wp","href":"https:\/\/api.w.org\/{rel}","templated":true}]}}