{"id":1617,"date":"2026-09-04T18:26:55","date_gmt":"2026-09-04T21:26:55","guid":{"rendered":"https:\/\/arg-agro.com.ar\/actualidad\/trump-signe-des-ordenes-ejecutivas-centradas-en-la-competencia-de-la-carne-mcool\/"},"modified":"2026-09-04T18:26:56","modified_gmt":"2026-09-04T21:26:56","slug":"trump-signe-des-ordenes-ejecutivas-centradas-en-la-competencia-de-la-carne-mcool","status":"publish","type":"post","link":"https:\/\/arg-agro.com.ar\/actualidad\/trump-signe-des-ordenes-ejecutivas-centradas-en-la-competencia-de-la-carne-mcool\/","title":{"rendered":"Trump signe des \u00f3rdenes ejecutivas centradas en la competencia de la carne \u2014 MCOOL"},"content":{"rendered":"<p><\/p>\n<div>\n<p>La administraci\u00f3n de Trump busca promover el etiquetado obligatorio del pa\u00eds de origen para la carne de res y fortalecer la competencia en la industria del procesamiento de carne mediante dos nuevas \u00f3rdenes ejecutivas.<\/p>\n<p>Bajo una de las \u00f3rdenes enfocadas en la competencia, Trump dirigi\u00f3 al USDA a aumentar los recursos y el personal dentro de su divisi\u00f3n de Empacadoras y Hatos y a ampliar sus investigaciones sobre posibles violaciones a las leyes antimonopolio.<\/p>\n<p>Tambi\u00e9n propone que la agencia ampl\u00ede el acceso al mercado interestatal de los productos c\u00e1rnicos al simplificar procesos para permitir una mayor participaci\u00f3n de los estados en el Programa de Inspecci\u00f3n Estatal de Carne y Aves, el Programa de Env\u00edo Interestatal Cooperativo y el Programa de Inspecci\u00f3n Cooperativa Talmadge-Aiken.<\/p>\n<p>Adem\u00e1s, esa orden encomienda al USDA \u201ccrear programas de asistencia t\u00e9cnica y de capacitaci\u00f3n para peque\u00f1os y muy peque\u00f1os procesadores de carne\u201d, avanzar en el fortalecimiento del enfoque de seguridad alimentaria, la eficiencia y la tecnolog\u00eda de procesamiento, y los costos de la inspecci\u00f3n de alimentos, y eliminar \u201crequisitos de reporte de inspecci\u00f3n de servicio de seguridad alimentaria\u201d innecesarios y \u201crequisitos excesivamente prescriptivos\u201d que \u201cno avanzan las necesidades esenciales de seguridad alimentaria.\u201d<\/p>\n<p>La agencia tambi\u00e9n tendr\u00eda que presentar un informe a la Casa Blanca detallando la participaci\u00f3n actual en los programas de inspecci\u00f3n cooperativa estatales y federales y las \u201cbarreras legales y regulatorias para un mayor acceso interestatal para procesos inspeccionados por el estado.\u201d<\/p>\n<p>USDA establecer\u00eda una posici\u00f3n de coordinador centrada en la implementaci\u00f3n de las acciones.<\/p>\n<p>Una disposici\u00f3n tambi\u00e9n ordena al USDA establecer una opci\u00f3n de pr\u00e9stamo garantizado dentro del programa Strengthening Processing for U.S. Ranchers (SPUR) que lanz\u00f3 a principios de este a\u00f1o.<\/p>\n<p>Trump firm\u00f3 una segunda orden que exigir\u00eda al Secretario de Agricultura, Brooke Rollins, junto con el Representante de Comercio de Estados Unidos, Jamieson Greer, emitir o enmendar regulaciones para restablecer el obligatorio etiquetado del pa\u00eds de origen para la carne de res, tambi\u00e9n conocido como MCOOL.<\/p>\n<p>Esto marca un intento repetido de exigir el etiquetado de origen para la carne de res. MCOOL data de las leyes agr\u00edcolas de 2002 y 2008. La regla final del USDA entr\u00f3 en vigor en 2009, pero pronto enfrent\u00f3 desaf\u00edos legales porque la cadena de suministro de Estados Unidos est\u00e1 altamente integrada con M\u00e9xico y Canad\u00e1.<\/p>\n<p>Para obtener una etiqueta de origen de EE. UU., la carne debe provenir de animales nacidos, criados y sacrificados en EE. UU. En el caso de la carne molida, esos productos deb\u00edan llevar una etiqueta que indique todos los pa\u00edses de origen.<\/p>\n<p>El USDA intent\u00f3 aplacar las preocupaciones de Canad\u00e1 y M\u00e9xico, junto con grupos agr\u00edcolas, permitiendo el etiquetado de origen mixto, pero grupos como la Uni\u00f3n Nacional de Agricultores (NFU) dijeron en ese momento que esto podr\u00eda enga\u00f1ar a los consumidores, seg\u00fan el Congressional Research Service (CRS).<\/p>\n<p>La norma fue finalmente eliminada en 2015 despu\u00e9s de que la Organizaci\u00f3n Mundial del Comercio autorizara a Canad\u00e1 y M\u00e9xico a tomar represalias contra productos importados de EE. UU. porque el organismo rector encontr\u00f3 que MCOOL violaba las obligaciones de la OMC.<\/p>\n<p>La Casa Blanca tendr\u00e1 que figure out c\u00f3mo evitar otro desaf\u00edo legal ante la OMC sobre MCOOL. Eso podr\u00eda incluir acci\u00f3n del Congreso.<\/p>\n<p>\u201cTambi\u00e9n va a requerir un poco de implicaci\u00f3n con el Congreso porque entiendo que el Congreso tiene algo que ver con eso. As\u00ed que lo vamos a poner ante el Congreso de inmediato. No deber\u00eda haber problema\u201d, dijo Trump durante una conferencia de prensa el viernes. No mencion\u00f3 a la OMC.<\/p>\n<p>La ley agr\u00edcola es el veh\u00edculo m\u00e1s probable para restablecer MCOOL. El l\u00edder de la mayor\u00eda del Senado, John Thune, propuso con \u00e9xito una enmienda al proyecto de ley agr\u00edcola del Senado que exigir\u00eda a Greer y Rollins restituir MCOOL para la carne de res de acuerdo con las normas de la OMC. La enmienda fue adoptada por 17-6.<\/p>\n<p>Un an\u00e1lisis econ\u00f3mico realizado por Decision Innovation Solutions a principios de este a\u00f1o estim\u00f3 que restablecer MCOOL para la carne de res y cerdo podr\u00eda acarrear costos de 1,02 mil millones de d\u00f3lares en el primer a\u00f1o, y se estiman 4,8 mil millones de d\u00f3lares en cinco a\u00f1os y 10,1 mil millones de d\u00f3lares en diez a\u00f1os. El an\u00e1lisis fue encargado por Meat Institute, un grupo que representa a las empacadoras.<\/p>\n<p>Sugiri\u00f3 que, bajo la regla MCOOL de 2013, los consumidores pagar\u00edan 835,1 millones de d\u00f3lares adicionales por la carne de res al por menor y 284,3 millones de d\u00f3lares por la carne de cerdo al por menor.<\/p>\n<p>Sin embargo, el director ejecutivo de R-CALF USA, Bill Bullard, calific\u00f3 previamente el informe del Meat Institute como un \u201cdocumento de defensa\u201d que es \u201cabiertamente sesgado e poco fiable [y] con la intenci\u00f3n de persuadir al Congreso para votar en contra de restablecer MCOOL para la carne de res.\u201d<\/p>\n<p>En un comunicado de prensa, Bullard reconoci\u00f3 que existen costos para identificar el origen de la carne de res, pero dijo que los beneficios los superan con creces. \u201cNuestra experiencia de d\u00e9cadas con MCOOL, que se ha aplicado a casi todas las dem\u00e1s mercanc\u00edas alimentarias y que se aplic\u00f3 a la carne desde principios de 2013 hasta finales de 2015, indica claramente que los costos de implementar MCOOL fueron m\u00ednimos, y los beneficios de restablecer MCOOL para la carne de res para consumidores y productores superar\u00edan con creces esos costos m\u00ednimos.\u201d<\/p>\n<p>La orden tambi\u00e9n dirige al Secretario del Interior, Doug Burgum, a \u201cdeterminar si el lobo gris y el lobo mexicano han cumplido los criterios de recuperaci\u00f3n para ser deslistados o para un descenso del nivel de protecci\u00f3n bajo la Endangered Species Act (ESA) y, si determina que se han cumplido los criterios de recuperaci\u00f3n, deber\u00e1 iniciar el proceso de deslistado o de reducci\u00f3n de la protecci\u00f3n.\u201d<\/p>\n<p>Burgum tambi\u00e9n debe \u201cconsiderar enmendar regulaciones o brindar orientaci\u00f3n adicional, conforme a la ley aplicable, para revisar los criterios del Departamento de Interior para autorizar la eliminaci\u00f3n de lobos grises letales y lobos mexicanos, y permitir una mayor capacidad de respuesta ante emergencias, incluida una focalizaci\u00f3n precisa, para situaciones que involucren amenazas de depredadores a la seguridad humana o a la ganader\u00eda dom\u00e9stica.\u201d<\/p>\n<p>En un comunicado difundido el viernes, el presidente de la Asociaci\u00f3n de Ganaderos de EE. UU. (USCA), Justin Tupper, dijo que el anuncio de la Administraci\u00f3n Trump \u201cda mucha direcci\u00f3n\u201d, pero a\u00f1adi\u00f3 que \u201cel impacto duradero ser\u00e1 decidido por el Congreso y las agencias responsables de llevarlo a cabo.\u201d<\/p>\n<p>\u201cUSCA trabajar\u00e1 de manera constructiva con el USDA, la USTR, Interior y nuestros socios estatales para convertir estas directrices en resultados reales, y pedimos al Congreso que tome este tema en la ley de agricultura (farm bill) y en otra legislaci\u00f3n\u201d, afirm\u00f3. \u201cNuestros mercados han sido sacudidos por las importaciones, y muchos productores est\u00e1n cautelosos sobre lo que viene. Seguiremos insistiendo para asegurar que estas iniciativas se conviertan en soluciones a largo plazo, no en promesas de corto plazo, para los productores de ganado de EE. UU. y para los consumidores estadounidenses.\u201d<\/p>\n<\/div>\n","protected":false},"excerpt":{"rendered":"","protected":false},"author":1,"featured_media":1618,"comment_status":"closed","ping_status":"closed","sticky":false,"template":"","format":"standard","meta":{"footnotes":""},"categories":[1],"class_list":["post-1617","post","type-post","status-publish","format-standard","has-post-thumbnail","hentry","category-actualidad","generate-columns","tablet-grid-50","mobile-grid-100","grid-parent","grid-50"],"yoast_head":"<!-- This site is optimized with the Yoast SEO plugin v27.0 - https:\/\/yoast.com\/product\/yoast-seo-wordpress\/ -->\n<title>Trump signe des \u00f3rdenes ejecutivas centradas en la competencia de la carne \u2014 MCOOL - ARG-AGRO Semilleria Venta de Semillas e Insumos para el Agro<\/title>\n<meta name=\"robots\" content=\"index, follow, max-snippet:-1, max-image-preview:large, max-video-preview:-1\" \/>\n<link rel=\"canonical\" href=\"https:\/\/arg-agro.com.ar\/actualidad\/trump-signe-des-ordenes-ejecutivas-centradas-en-la-competencia-de-la-carne-mcool\/\" \/>\n<meta property=\"og:locale\" content=\"es_ES\" \/>\n<meta property=\"og:type\" content=\"article\" \/>\n<meta property=\"og:title\" content=\"Trump signe des \u00f3rdenes ejecutivas centradas en la competencia de la carne \u2014 MCOOL - ARG-AGRO Semilleria Venta de Semillas e Insumos para el Agro\" \/>\n<meta property=\"og:url\" content=\"https:\/\/arg-agro.com.ar\/actualidad\/trump-signe-des-ordenes-ejecutivas-centradas-en-la-competencia-de-la-carne-mcool\/\" \/>\n<meta property=\"og:site_name\" content=\"ARG-AGRO Semilleria Venta de Semillas e Insumos para el Agro\" \/>\n<meta property=\"article:published_time\" content=\"2026-09-04T21:26:55+00:00\" \/>\n<meta property=\"article:modified_time\" content=\"2026-09-04T21:26:56+00:00\" \/>\n<meta property=\"og:image\" content=\"https:\/\/arg-agro.com.ar\/actualidad\/wp-content\/uploads\/2026\/09\/Trump-signe-des-ordenes-ejecutivas-centradas-en-la-competencia-de.jpg\" \/>\n\t<meta property=\"og:image:width\" content=\"836\" \/>\n\t<meta property=\"og:image:height\" content=\"627\" \/>\n\t<meta property=\"og:image:type\" content=\"image\/jpeg\" \/>\n<meta name=\"author\" content=\"Tom\u00e1s Echeverr\u00eda\" \/>\n<meta name=\"twitter:card\" content=\"summary_large_image\" \/>\n<meta name=\"twitter:label1\" content=\"Escrito por\" \/>\n\t<meta name=\"twitter:data1\" content=\"Tom\u00e1s Echeverr\u00eda\" \/>\n\t<meta name=\"twitter:label2\" content=\"Tiempo de lectura\" \/>\n\t<meta name=\"twitter:data2\" content=\"6 minutos\" \/>\n<script type=\"application\/ld+json\" class=\"yoast-schema-graph\">{\"@context\":\"https:\/\/schema.org\",\"@graph\":[{\"@type\":\"NewsArticle\",\"@id\":\"https:\/\/arg-agro.com.ar\/actualidad\/trump-signe-des-ordenes-ejecutivas-centradas-en-la-competencia-de-la-carne-mcool\/#article\",\"isPartOf\":{\"@id\":\"https:\/\/arg-agro.com.ar\/actualidad\/trump-signe-des-ordenes-ejecutivas-centradas-en-la-competencia-de-la-carne-mcool\/\"},\"author\":{\"name\":\"Tom\u00e1s Echeverr\u00eda\",\"@id\":\"https:\/\/arg-agro.com.ar\/actualidad\/#\/schema\/person\/6f778d1f6f2c0c1b373aeda7620b7ce3\"},\"headline\":\"Trump signe des \u00f3rdenes ejecutivas centradas en la competencia de la carne \u2014 MCOOL\",\"datePublished\":\"2026-09-04T21:26:55+00:00\",\"dateModified\":\"2026-09-04T21:26:56+00:00\",\"mainEntityOfPage\":{\"@id\":\"https:\/\/arg-agro.com.ar\/actualidad\/trump-signe-des-ordenes-ejecutivas-centradas-en-la-competencia-de-la-carne-mcool\/\"},\"wordCount\":1263,\"publisher\":{\"@id\":\"https:\/\/arg-agro.com.ar\/actualidad\/#organization\"},\"image\":{\"@id\":\"https:\/\/arg-agro.com.ar\/actualidad\/trump-signe-des-ordenes-ejecutivas-centradas-en-la-competencia-de-la-carne-mcool\/#primaryimage\"},\"thumbnailUrl\":\"https:\/\/arg-agro.com.ar\/actualidad\/wp-content\/uploads\/2026\/09\/Trump-signe-des-ordenes-ejecutivas-centradas-en-la-competencia-de.jpg\",\"keywords\":[\"carne\",\"centradas\",\"competencia\",\"des\",\"ejecutivas\",\"MCOOL\",\"\u00f3rdenes\",\"signe\",\"Trump\"],\"articleSection\":[\"Actualidad\"],\"inLanguage\":\"es\"},{\"@type\":\"WebPage\",\"@id\":\"https:\/\/arg-agro.com.ar\/actualidad\/trump-signe-des-ordenes-ejecutivas-centradas-en-la-competencia-de-la-carne-mcool\/\",\"url\":\"https:\/\/arg-agro.com.ar\/actualidad\/trump-signe-des-ordenes-ejecutivas-centradas-en-la-competencia-de-la-carne-mcool\/\",\"name\":\"Trump signe des \u00f3rdenes ejecutivas centradas en la competencia de la carne \u2014 MCOOL - ARG-AGRO Semilleria Venta de Semillas e Insumos para el Agro\",\"isPartOf\":{\"@id\":\"https:\/\/arg-agro.com.ar\/actualidad\/#website\"},\"primaryImageOfPage\":{\"@id\":\"https:\/\/arg-agro.com.ar\/actualidad\/trump-signe-des-ordenes-ejecutivas-centradas-en-la-competencia-de-la-carne-mcool\/#primaryimage\"},\"image\":{\"@id\":\"https:\/\/arg-agro.com.ar\/actualidad\/trump-signe-des-ordenes-ejecutivas-centradas-en-la-competencia-de-la-carne-mcool\/#primaryimage\"},\"thumbnailUrl\":\"https:\/\/arg-agro.com.ar\/actualidad\/wp-content\/uploads\/2026\/09\/Trump-signe-des-ordenes-ejecutivas-centradas-en-la-competencia-de.jpg\",\"datePublished\":\"2026-09-04T21:26:55+00:00\",\"dateModified\":\"2026-09-04T21:26:56+00:00\",\"breadcrumb\":{\"@id\":\"https:\/\/arg-agro.com.ar\/actualidad\/trump-signe-des-ordenes-ejecutivas-centradas-en-la-competencia-de-la-carne-mcool\/#breadcrumb\"},\"inLanguage\":\"es\",\"potentialAction\":[{\"@type\":\"ReadAction\",\"target\":[\"https:\/\/arg-agro.com.ar\/actualidad\/trump-signe-des-ordenes-ejecutivas-centradas-en-la-competencia-de-la-carne-mcool\/\"]}]},{\"@type\":\"ImageObject\",\"inLanguage\":\"es\",\"@id\":\"https:\/\/arg-agro.com.ar\/actualidad\/trump-signe-des-ordenes-ejecutivas-centradas-en-la-competencia-de-la-carne-mcool\/#primaryimage\",\"url\":\"https:\/\/arg-agro.com.ar\/actualidad\/wp-content\/uploads\/2026\/09\/Trump-signe-des-ordenes-ejecutivas-centradas-en-la-competencia-de.jpg\",\"contentUrl\":\"https:\/\/arg-agro.com.ar\/actualidad\/wp-content\/uploads\/2026\/09\/Trump-signe-des-ordenes-ejecutivas-centradas-en-la-competencia-de.jpg\",\"width\":836,\"height\":627},{\"@type\":\"BreadcrumbList\",\"@id\":\"https:\/\/arg-agro.com.ar\/actualidad\/trump-signe-des-ordenes-ejecutivas-centradas-en-la-competencia-de-la-carne-mcool\/#breadcrumb\",\"itemListElement\":[{\"@type\":\"ListItem\",\"position\":1,\"name\":\"Arg-Agro\",\"item\":\"https:\/\/arg-agro.com.ar\/actualidad\/\"},{\"@type\":\"ListItem\",\"position\":2,\"name\":\"Trump signe des \u00f3rdenes ejecutivas centradas en la competencia de la carne \u2014 MCOOL\"}]},{\"@type\":\"WebSite\",\"@id\":\"https:\/\/arg-agro.com.ar\/actualidad\/#website\",\"url\":\"https:\/\/arg-agro.com.ar\/actualidad\/\",\"name\":\"ARG-AGRO Semilleria Venta de Semillas e Insumos para el Agro\",\"description\":\"\",\"publisher\":{\"@id\":\"https:\/\/arg-agro.com.ar\/actualidad\/#organization\"},\"potentialAction\":[{\"@type\":\"SearchAction\",\"target\":{\"@type\":\"EntryPoint\",\"urlTemplate\":\"https:\/\/arg-agro.com.ar\/actualidad\/?s={search_term_string}\"},\"query-input\":{\"@type\":\"PropertyValueSpecification\",\"valueRequired\":true,\"valueName\":\"search_term_string\"}}],\"inLanguage\":\"es\"},{\"@type\":\"Organization\",\"@id\":\"https:\/\/arg-agro.com.ar\/actualidad\/#organization\",\"name\":\"ARG-AGRO Semilleria Venta de Semillas e Insumos para el Agro\",\"url\":\"https:\/\/arg-agro.com.ar\/actualidad\/\",\"logo\":{\"@type\":\"ImageObject\",\"inLanguage\":\"es\",\"@id\":\"https:\/\/arg-agro.com.ar\/actualidad\/#\/schema\/logo\/image\/\",\"url\":\"https:\/\/arg-agro.com.ar\/actualidad\/wp-content\/uploads\/2026\/03\/store_logo.png\",\"contentUrl\":\"https:\/\/arg-agro.com.ar\/actualidad\/wp-content\/uploads\/2026\/03\/store_logo.png\",\"width\":270,\"height\":90,\"caption\":\"ARG-AGRO Semilleria Venta de Semillas e Insumos para el Agro\"},\"image\":{\"@id\":\"https:\/\/arg-agro.com.ar\/actualidad\/#\/schema\/logo\/image\/\"}},{\"@type\":\"Person\",\"@id\":\"https:\/\/arg-agro.com.ar\/actualidad\/#\/schema\/person\/6f778d1f6f2c0c1b373aeda7620b7ce3\",\"name\":\"Tom\u00e1s Echeverr\u00eda\",\"image\":{\"@type\":\"ImageObject\",\"inLanguage\":\"es\",\"@id\":\"https:\/\/arg-agro.com.ar\/actualidad\/#\/schema\/person\/image\/\",\"url\":\"https:\/\/arg-agro.com.ar\/actualidad\/wp-content\/uploads\/2026\/03\/Tomas-Echeverria-150x150.jpg\",\"contentUrl\":\"https:\/\/arg-agro.com.ar\/actualidad\/wp-content\/uploads\/2026\/03\/Tomas-Echeverria-150x150.jpg\",\"caption\":\"Tom\u00e1s Echeverr\u00eda\"},\"description\":\"Tom\u00e1s Echeverr\u00eda es especialista en agricultura y manejo sostenible de suelos, con experiencia en sistemas productivos de Argentina. Investiga la optimizaci\u00f3n del riego, la nutrici\u00f3n de cultivos y la adopci\u00f3n de tecnolog\u00edas de agricultura de precisi\u00f3n para mejorar rendimientos. En Arg-Agro, divulga pr\u00e1cticas basadas en evidencia para una producci\u00f3n eficiente y resiliente.\",\"sameAs\":[\"https:\/\/arg-agro.com.ar\/\"]}]}<\/script>\n<!-- \/ Yoast SEO plugin. -->","yoast_head_json":{"title":"Trump signe des \u00f3rdenes ejecutivas centradas en la competencia de la carne \u2014 MCOOL - ARG-AGRO Semilleria Venta de Semillas e Insumos para el Agro","robots":{"index":"index","follow":"follow","max-snippet":"max-snippet:-1","max-image-preview":"max-image-preview:large","max-video-preview":"max-video-preview:-1"},"canonical":"https:\/\/arg-agro.com.ar\/actualidad\/trump-signe-des-ordenes-ejecutivas-centradas-en-la-competencia-de-la-carne-mcool\/","og_locale":"es_ES","og_type":"article","og_title":"Trump signe des \u00f3rdenes ejecutivas centradas en la competencia de la carne \u2014 MCOOL - ARG-AGRO Semilleria Venta de Semillas e Insumos para el Agro","og_url":"https:\/\/arg-agro.com.ar\/actualidad\/trump-signe-des-ordenes-ejecutivas-centradas-en-la-competencia-de-la-carne-mcool\/","og_site_name":"ARG-AGRO Semilleria Venta de Semillas e Insumos para el Agro","article_published_time":"2026-09-04T21:26:55+00:00","article_modified_time":"2026-09-04T21:26:56+00:00","og_image":[{"width":836,"height":627,"url":"https:\/\/arg-agro.com.ar\/actualidad\/wp-content\/uploads\/2026\/09\/Trump-signe-des-ordenes-ejecutivas-centradas-en-la-competencia-de.jpg","type":"image\/jpeg"}],"author":"Tom\u00e1s Echeverr\u00eda","twitter_card":"summary_large_image","twitter_misc":{"Escrito por":"Tom\u00e1s Echeverr\u00eda","Tiempo de lectura":"6 minutos"},"schema":{"@context":"https:\/\/schema.org","@graph":[{"@type":"NewsArticle","@id":"https:\/\/arg-agro.com.ar\/actualidad\/trump-signe-des-ordenes-ejecutivas-centradas-en-la-competencia-de-la-carne-mcool\/#article","isPartOf":{"@id":"https:\/\/arg-agro.com.ar\/actualidad\/trump-signe-des-ordenes-ejecutivas-centradas-en-la-competencia-de-la-carne-mcool\/"},"author":{"name":"Tom\u00e1s Echeverr\u00eda","@id":"https:\/\/arg-agro.com.ar\/actualidad\/#\/schema\/person\/6f778d1f6f2c0c1b373aeda7620b7ce3"},"headline":"Trump signe des \u00f3rdenes ejecutivas centradas en la competencia de la carne \u2014 MCOOL","datePublished":"2026-09-04T21:26:55+00:00","dateModified":"2026-09-04T21:26:56+00:00","mainEntityOfPage":{"@id":"https:\/\/arg-agro.com.ar\/actualidad\/trump-signe-des-ordenes-ejecutivas-centradas-en-la-competencia-de-la-carne-mcool\/"},"wordCount":1263,"publisher":{"@id":"https:\/\/arg-agro.com.ar\/actualidad\/#organization"},"image":{"@id":"https:\/\/arg-agro.com.ar\/actualidad\/trump-signe-des-ordenes-ejecutivas-centradas-en-la-competencia-de-la-carne-mcool\/#primaryimage"},"thumbnailUrl":"https:\/\/arg-agro.com.ar\/actualidad\/wp-content\/uploads\/2026\/09\/Trump-signe-des-ordenes-ejecutivas-centradas-en-la-competencia-de.jpg","keywords":["carne","centradas","competencia","des","ejecutivas","MCOOL","\u00f3rdenes","signe","Trump"],"articleSection":["Actualidad"],"inLanguage":"es"},{"@type":"WebPage","@id":"https:\/\/arg-agro.com.ar\/actualidad\/trump-signe-des-ordenes-ejecutivas-centradas-en-la-competencia-de-la-carne-mcool\/","url":"https:\/\/arg-agro.com.ar\/actualidad\/trump-signe-des-ordenes-ejecutivas-centradas-en-la-competencia-de-la-carne-mcool\/","name":"Trump signe des \u00f3rdenes ejecutivas centradas en la competencia de la carne \u2014 MCOOL - ARG-AGRO Semilleria Venta de Semillas e Insumos para el Agro","isPartOf":{"@id":"https:\/\/arg-agro.com.ar\/actualidad\/#website"},"primaryImageOfPage":{"@id":"https:\/\/arg-agro.com.ar\/actualidad\/trump-signe-des-ordenes-ejecutivas-centradas-en-la-competencia-de-la-carne-mcool\/#primaryimage"},"image":{"@id":"https:\/\/arg-agro.com.ar\/actualidad\/trump-signe-des-ordenes-ejecutivas-centradas-en-la-competencia-de-la-carne-mcool\/#primaryimage"},"thumbnailUrl":"https:\/\/arg-agro.com.ar\/actualidad\/wp-content\/uploads\/2026\/09\/Trump-signe-des-ordenes-ejecutivas-centradas-en-la-competencia-de.jpg","datePublished":"2026-09-04T21:26:55+00:00","dateModified":"2026-09-04T21:26:56+00:00","breadcrumb":{"@id":"https:\/\/arg-agro.com.ar\/actualidad\/trump-signe-des-ordenes-ejecutivas-centradas-en-la-competencia-de-la-carne-mcool\/#breadcrumb"},"inLanguage":"es","potentialAction":[{"@type":"ReadAction","target":["https:\/\/arg-agro.com.ar\/actualidad\/trump-signe-des-ordenes-ejecutivas-centradas-en-la-competencia-de-la-carne-mcool\/"]}]},{"@type":"ImageObject","inLanguage":"es","@id":"https:\/\/arg-agro.com.ar\/actualidad\/trump-signe-des-ordenes-ejecutivas-centradas-en-la-competencia-de-la-carne-mcool\/#primaryimage","url":"https:\/\/arg-agro.com.ar\/actualidad\/wp-content\/uploads\/2026\/09\/Trump-signe-des-ordenes-ejecutivas-centradas-en-la-competencia-de.jpg","contentUrl":"https:\/\/arg-agro.com.ar\/actualidad\/wp-content\/uploads\/2026\/09\/Trump-signe-des-ordenes-ejecutivas-centradas-en-la-competencia-de.jpg","width":836,"height":627},{"@type":"BreadcrumbList","@id":"https:\/\/arg-agro.com.ar\/actualidad\/trump-signe-des-ordenes-ejecutivas-centradas-en-la-competencia-de-la-carne-mcool\/#breadcrumb","itemListElement":[{"@type":"ListItem","position":1,"name":"Arg-Agro","item":"https:\/\/arg-agro.com.ar\/actualidad\/"},{"@type":"ListItem","position":2,"name":"Trump signe des \u00f3rdenes ejecutivas centradas en la competencia de la carne \u2014 MCOOL"}]},{"@type":"WebSite","@id":"https:\/\/arg-agro.com.ar\/actualidad\/#website","url":"https:\/\/arg-agro.com.ar\/actualidad\/","name":"ARG-AGRO Semilleria Venta de Semillas e Insumos para el Agro","description":"","publisher":{"@id":"https:\/\/arg-agro.com.ar\/actualidad\/#organization"},"potentialAction":[{"@type":"SearchAction","target":{"@type":"EntryPoint","urlTemplate":"https:\/\/arg-agro.com.ar\/actualidad\/?s={search_term_string}"},"query-input":{"@type":"PropertyValueSpecification","valueRequired":true,"valueName":"search_term_string"}}],"inLanguage":"es"},{"@type":"Organization","@id":"https:\/\/arg-agro.com.ar\/actualidad\/#organization","name":"ARG-AGRO Semilleria Venta de Semillas e Insumos para el Agro","url":"https:\/\/arg-agro.com.ar\/actualidad\/","logo":{"@type":"ImageObject","inLanguage":"es","@id":"https:\/\/arg-agro.com.ar\/actualidad\/#\/schema\/logo\/image\/","url":"https:\/\/arg-agro.com.ar\/actualidad\/wp-content\/uploads\/2026\/03\/store_logo.png","contentUrl":"https:\/\/arg-agro.com.ar\/actualidad\/wp-content\/uploads\/2026\/03\/store_logo.png","width":270,"height":90,"caption":"ARG-AGRO Semilleria Venta de Semillas e Insumos para el Agro"},"image":{"@id":"https:\/\/arg-agro.com.ar\/actualidad\/#\/schema\/logo\/image\/"}},{"@type":"Person","@id":"https:\/\/arg-agro.com.ar\/actualidad\/#\/schema\/person\/6f778d1f6f2c0c1b373aeda7620b7ce3","name":"Tom\u00e1s Echeverr\u00eda","image":{"@type":"ImageObject","inLanguage":"es","@id":"https:\/\/arg-agro.com.ar\/actualidad\/#\/schema\/person\/image\/","url":"https:\/\/arg-agro.com.ar\/actualidad\/wp-content\/uploads\/2026\/03\/Tomas-Echeverria-150x150.jpg","contentUrl":"https:\/\/arg-agro.com.ar\/actualidad\/wp-content\/uploads\/2026\/03\/Tomas-Echeverria-150x150.jpg","caption":"Tom\u00e1s Echeverr\u00eda"},"description":"Tom\u00e1s Echeverr\u00eda es especialista en agricultura y manejo sostenible de suelos, con experiencia en sistemas productivos de Argentina. Investiga la optimizaci\u00f3n del riego, la nutrici\u00f3n de cultivos y la adopci\u00f3n de tecnolog\u00edas de agricultura de precisi\u00f3n para mejorar rendimientos. En Arg-Agro, divulga pr\u00e1cticas basadas en evidencia para una producci\u00f3n eficiente y resiliente.","sameAs":["https:\/\/arg-agro.com.ar\/"]}]}},"_links":{"self":[{"href":"https:\/\/arg-agro.com.ar\/actualidad\/wp-json\/wp\/v2\/posts\/1617","targetHints":{"allow":["GET"]}}],"collection":[{"href":"https:\/\/arg-agro.com.ar\/actualidad\/wp-json\/wp\/v2\/posts"}],"about":[{"href":"https:\/\/arg-agro.com.ar\/actualidad\/wp-json\/wp\/v2\/types\/post"}],"author":[{"embeddable":true,"href":"https:\/\/arg-agro.com.ar\/actualidad\/wp-json\/wp\/v2\/users\/1"}],"replies":[{"embeddable":true,"href":"https:\/\/arg-agro.com.ar\/actualidad\/wp-json\/wp\/v2\/comments?post=1617"}],"version-history":[{"count":1,"href":"https:\/\/arg-agro.com.ar\/actualidad\/wp-json\/wp\/v2\/posts\/1617\/revisions"}],"predecessor-version":[{"id":1619,"href":"https:\/\/arg-agro.com.ar\/actualidad\/wp-json\/wp\/v2\/posts\/1617\/revisions\/1619"}],"wp:featuredmedia":[{"embeddable":true,"href":"https:\/\/arg-agro.com.ar\/actualidad\/wp-json\/wp\/v2\/media\/1618"}],"wp:attachment":[{"href":"https:\/\/arg-agro.com.ar\/actualidad\/wp-json\/wp\/v2\/media?parent=1617"}],"wp:term":[{"taxonomy":"category","embeddable":true,"href":"https:\/\/arg-agro.com.ar\/actualidad\/wp-json\/wp\/v2\/categories?post=1617"}],"curies":[{"name":"wp","href":"https:\/\/api.w.org\/{rel}","templated":true}]}}