{"id":1615,"date":"2026-09-04T12:25:43","date_gmt":"2026-09-04T15:25:43","guid":{"rendered":"https:\/\/arg-agro.com.ar\/actualidad\/juez-allana-el-camino-para-la-reorganizacion-del-usda\/"},"modified":"2026-09-04T12:25:44","modified_gmt":"2026-09-04T15:25:44","slug":"juez-allana-el-camino-para-la-reorganizacion-del-usda","status":"publish","type":"post","link":"https:\/\/arg-agro.com.ar\/actualidad\/juez-allana-el-camino-para-la-reorganizacion-del-usda\/","title":{"rendered":"Juez allana el camino para la reorganizaci\u00f3n del USDA"},"content":{"rendered":"<p><\/p>\n<div>\n<p>Un juez federal permiti\u00f3 que el plan de reorganizaci\u00f3n del USDA siga adelante, negando la solicitud de sindicatos de empleados federales y de otros interesados de obtener una medida cautelar para detenerlo.<\/p>\n<p>La jueza de distrito de EE. UU. Susan Illston neg\u00f3 la moci\u00f3n de los demandantes para suplementar su demanda, as\u00ed como su moci\u00f3n de una medida cautelar preliminar, la cual determin\u00f3 que era sin objeto.<\/p>\n<p>El gobierno hab\u00eda argumentado que la queja original cuestionaba una orden ejecutiva emitida por el presidente Donald Trump que ordenaba recortes de personal en las agencias federales.<\/p>\n<p>Las nuevas pretensiones propuestas est\u00e1n \u201cmuy alejadas del origen de la demanda \u2014 un desaf\u00edo a los recortes de personal al inicio de esta administraci\u00f3n\u201d y tambi\u00e9n afirmaron que la reorganizaci\u00f3n actual del USDA es \u201ctotalmente distinta de sus planes anteriores de recortes y reorganizaci\u00f3n de la agencia.\u201d<\/p>\n<p>Illston estuvo de acuerdo, razonando que \u201clas pretensiones suplementarias propuestas introducir\u00edan cuestiones f\u00e1cticas y jur\u00eddicas distintas en este litigio ya de por s\u00ed complicado.\u201d<\/p>\n<p>Los demandantes argumentaron que se les deber\u00eda permitir suplementar su demanda original \u201cporque sostienen que la actual reorganizaci\u00f3n del USDA se origina a partir de las mismas directrices impugnadas en la demanda inicial, y afirman que, para la eficiencia judicial, convendr\u00eda resolver todas las pretensiones de los demandantes respecto al USDA en el mismo litigio.\u201d<\/p>\n<p>Sin embargo, Illston indic\u00f3 en su fallo que \u201c[n]i la demanda original ni ninguna de las demandas sucesivas impugnan la reorganizaci\u00f3n actual del USDA.\u201d<\/p>\n<p>En una audiencia celebrada el martes, \u201clos demandantes se\u00f1alaron que su reclamo jur\u00eddico principal que impugna la reorganizaci\u00f3n del USDA es que viola las leyes de asignaciones para el a\u00f1o fiscal 2026 del USDA y del Servicio Forestal. Como demuestra la extensa argumentaci\u00f3n presentada sobre la moci\u00f3n de medida cautelar preliminar del USDA, las reclamaciones relacionadas con las leyes de asignaciones del a\u00f1o fiscal 2026 implican preguntas legales nuevas y distintas acerca de si esas leyes contienen veto legislativo inconstitucional, cl\u00e1usulas de divisibilidad, interpretaci\u00f3n de la historia legislativa, si los demandantes pueden hacer cumplir las restricciones de asignaciones del Congreso, y as\u00ed sucesivamente\u2014cuestiones que no se plantean en ninguna de las reclamaciones o causas de acci\u00f3n de la demanda operativa.\u201d<\/p>\n<p>La reorganizaci\u00f3n implica trasladar a empleados de la zona de Washington, D.C., a centros regionales en todo el pa\u00eds, incluidos Kansas City, Missouri; Raleigh, North Carolina; Dallas\/Fort Worth, Texas; Fort Collins, Colorado; y Salt Lake City, Utah.<\/p>\n<\/div>\n","protected":false},"excerpt":{"rendered":"","protected":false},"author":1,"featured_media":1370,"comment_status":"closed","ping_status":"closed","sticky":false,"template":"","format":"standard","meta":{"footnotes":""},"categories":[1],"class_list":["post-1615","post","type-post","status-publish","format-standard","has-post-thumbnail","hentry","category-actualidad","generate-columns","tablet-grid-50","mobile-grid-100","grid-parent","grid-50"],"yoast_head":"<!-- This site is optimized with the Yoast SEO plugin v27.0 - https:\/\/yoast.com\/product\/yoast-seo-wordpress\/ -->\n<title>Juez allana el camino para la reorganizaci\u00f3n del USDA - ARG-AGRO Semilleria Venta de Semillas e Insumos para el Agro<\/title>\n<meta name=\"robots\" content=\"index, follow, max-snippet:-1, max-image-preview:large, max-video-preview:-1\" \/>\n<link rel=\"canonical\" href=\"https:\/\/arg-agro.com.ar\/actualidad\/juez-allana-el-camino-para-la-reorganizacion-del-usda\/\" \/>\n<meta property=\"og:locale\" content=\"es_ES\" \/>\n<meta property=\"og:type\" content=\"article\" \/>\n<meta property=\"og:title\" content=\"Juez allana el camino para la reorganizaci\u00f3n del USDA - ARG-AGRO Semilleria Venta de Semillas e Insumos para el Agro\" \/>\n<meta property=\"og:url\" content=\"https:\/\/arg-agro.com.ar\/actualidad\/juez-allana-el-camino-para-la-reorganizacion-del-usda\/\" \/>\n<meta property=\"og:site_name\" content=\"ARG-AGRO Semilleria Venta de Semillas e Insumos para el Agro\" \/>\n<meta property=\"article:published_time\" content=\"2026-09-04T15:25:43+00:00\" \/>\n<meta property=\"article:modified_time\" content=\"2026-09-04T15:25:44+00:00\" \/>\n<meta property=\"og:image\" content=\"https:\/\/arg-agro.com.ar\/actualidad\/wp-content\/uploads\/2026\/08\/Empleados-del-USDA-se-oponen-a-planes-de-reorganizacion.jpg\" \/>\n\t<meta property=\"og:image:width\" content=\"836\" \/>\n\t<meta property=\"og:image:height\" content=\"627\" \/>\n\t<meta property=\"og:image:type\" content=\"image\/jpeg\" \/>\n<meta name=\"author\" content=\"Tom\u00e1s Echeverr\u00eda\" \/>\n<meta name=\"twitter:card\" content=\"summary_large_image\" \/>\n<meta name=\"twitter:label1\" content=\"Escrito por\" \/>\n\t<meta name=\"twitter:data1\" content=\"Tom\u00e1s Echeverr\u00eda\" \/>\n\t<meta name=\"twitter:label2\" content=\"Tiempo de lectura\" \/>\n\t<meta name=\"twitter:data2\" content=\"2 minutos\" \/>\n<script type=\"application\/ld+json\" class=\"yoast-schema-graph\">{\"@context\":\"https:\/\/schema.org\",\"@graph\":[{\"@type\":\"NewsArticle\",\"@id\":\"https:\/\/arg-agro.com.ar\/actualidad\/juez-allana-el-camino-para-la-reorganizacion-del-usda\/#article\",\"isPartOf\":{\"@id\":\"https:\/\/arg-agro.com.ar\/actualidad\/juez-allana-el-camino-para-la-reorganizacion-del-usda\/\"},\"author\":{\"name\":\"Tom\u00e1s Echeverr\u00eda\",\"@id\":\"https:\/\/arg-agro.com.ar\/actualidad\/#\/schema\/person\/6f778d1f6f2c0c1b373aeda7620b7ce3\"},\"headline\":\"Juez allana el camino para la reorganizaci\u00f3n del USDA\",\"datePublished\":\"2026-09-04T15:25:43+00:00\",\"dateModified\":\"2026-09-04T15:25:44+00:00\",\"mainEntityOfPage\":{\"@id\":\"https:\/\/arg-agro.com.ar\/actualidad\/juez-allana-el-camino-para-la-reorganizacion-del-usda\/\"},\"wordCount\":442,\"publisher\":{\"@id\":\"https:\/\/arg-agro.com.ar\/actualidad\/#organization\"},\"image\":{\"@id\":\"https:\/\/arg-agro.com.ar\/actualidad\/juez-allana-el-camino-para-la-reorganizacion-del-usda\/#primaryimage\"},\"thumbnailUrl\":\"https:\/\/arg-agro.com.ar\/actualidad\/wp-content\/uploads\/2026\/08\/Empleados-del-USDA-se-oponen-a-planes-de-reorganizacion.jpg\",\"keywords\":[\"allana\",\"camino\",\"del\",\"juez\",\"para\",\"reorganizaci\u00f3n\",\"USDA\"],\"articleSection\":[\"Actualidad\"],\"inLanguage\":\"es\"},{\"@type\":\"WebPage\",\"@id\":\"https:\/\/arg-agro.com.ar\/actualidad\/juez-allana-el-camino-para-la-reorganizacion-del-usda\/\",\"url\":\"https:\/\/arg-agro.com.ar\/actualidad\/juez-allana-el-camino-para-la-reorganizacion-del-usda\/\",\"name\":\"Juez allana el camino para la reorganizaci\u00f3n del USDA - ARG-AGRO Semilleria Venta de Semillas e Insumos para el Agro\",\"isPartOf\":{\"@id\":\"https:\/\/arg-agro.com.ar\/actualidad\/#website\"},\"primaryImageOfPage\":{\"@id\":\"https:\/\/arg-agro.com.ar\/actualidad\/juez-allana-el-camino-para-la-reorganizacion-del-usda\/#primaryimage\"},\"image\":{\"@id\":\"https:\/\/arg-agro.com.ar\/actualidad\/juez-allana-el-camino-para-la-reorganizacion-del-usda\/#primaryimage\"},\"thumbnailUrl\":\"https:\/\/arg-agro.com.ar\/actualidad\/wp-content\/uploads\/2026\/08\/Empleados-del-USDA-se-oponen-a-planes-de-reorganizacion.jpg\",\"datePublished\":\"2026-09-04T15:25:43+00:00\",\"dateModified\":\"2026-09-04T15:25:44+00:00\",\"breadcrumb\":{\"@id\":\"https:\/\/arg-agro.com.ar\/actualidad\/juez-allana-el-camino-para-la-reorganizacion-del-usda\/#breadcrumb\"},\"inLanguage\":\"es\",\"potentialAction\":[{\"@type\":\"ReadAction\",\"target\":[\"https:\/\/arg-agro.com.ar\/actualidad\/juez-allana-el-camino-para-la-reorganizacion-del-usda\/\"]}]},{\"@type\":\"ImageObject\",\"inLanguage\":\"es\",\"@id\":\"https:\/\/arg-agro.com.ar\/actualidad\/juez-allana-el-camino-para-la-reorganizacion-del-usda\/#primaryimage\",\"url\":\"https:\/\/arg-agro.com.ar\/actualidad\/wp-content\/uploads\/2026\/08\/Empleados-del-USDA-se-oponen-a-planes-de-reorganizacion.jpg\",\"contentUrl\":\"https:\/\/arg-agro.com.ar\/actualidad\/wp-content\/uploads\/2026\/08\/Empleados-del-USDA-se-oponen-a-planes-de-reorganizacion.jpg\",\"width\":836,\"height\":627},{\"@type\":\"BreadcrumbList\",\"@id\":\"https:\/\/arg-agro.com.ar\/actualidad\/juez-allana-el-camino-para-la-reorganizacion-del-usda\/#breadcrumb\",\"itemListElement\":[{\"@type\":\"ListItem\",\"position\":1,\"name\":\"Arg-Agro\",\"item\":\"https:\/\/arg-agro.com.ar\/actualidad\/\"},{\"@type\":\"ListItem\",\"position\":2,\"name\":\"Juez allana el camino para la reorganizaci\u00f3n del USDA\"}]},{\"@type\":\"WebSite\",\"@id\":\"https:\/\/arg-agro.com.ar\/actualidad\/#website\",\"url\":\"https:\/\/arg-agro.com.ar\/actualidad\/\",\"name\":\"ARG-AGRO Semilleria Venta de Semillas e Insumos para el Agro\",\"description\":\"\",\"publisher\":{\"@id\":\"https:\/\/arg-agro.com.ar\/actualidad\/#organization\"},\"potentialAction\":[{\"@type\":\"SearchAction\",\"target\":{\"@type\":\"EntryPoint\",\"urlTemplate\":\"https:\/\/arg-agro.com.ar\/actualidad\/?s={search_term_string}\"},\"query-input\":{\"@type\":\"PropertyValueSpecification\",\"valueRequired\":true,\"valueName\":\"search_term_string\"}}],\"inLanguage\":\"es\"},{\"@type\":\"Organization\",\"@id\":\"https:\/\/arg-agro.com.ar\/actualidad\/#organization\",\"name\":\"ARG-AGRO Semilleria Venta de Semillas e Insumos para el Agro\",\"url\":\"https:\/\/arg-agro.com.ar\/actualidad\/\",\"logo\":{\"@type\":\"ImageObject\",\"inLanguage\":\"es\",\"@id\":\"https:\/\/arg-agro.com.ar\/actualidad\/#\/schema\/logo\/image\/\",\"url\":\"https:\/\/arg-agro.com.ar\/actualidad\/wp-content\/uploads\/2026\/03\/store_logo.png\",\"contentUrl\":\"https:\/\/arg-agro.com.ar\/actualidad\/wp-content\/uploads\/2026\/03\/store_logo.png\",\"width\":270,\"height\":90,\"caption\":\"ARG-AGRO Semilleria Venta de Semillas e Insumos para el Agro\"},\"image\":{\"@id\":\"https:\/\/arg-agro.com.ar\/actualidad\/#\/schema\/logo\/image\/\"}},{\"@type\":\"Person\",\"@id\":\"https:\/\/arg-agro.com.ar\/actualidad\/#\/schema\/person\/6f778d1f6f2c0c1b373aeda7620b7ce3\",\"name\":\"Tom\u00e1s Echeverr\u00eda\",\"image\":{\"@type\":\"ImageObject\",\"inLanguage\":\"es\",\"@id\":\"https:\/\/arg-agro.com.ar\/actualidad\/#\/schema\/person\/image\/\",\"url\":\"https:\/\/arg-agro.com.ar\/actualidad\/wp-content\/uploads\/2026\/03\/Tomas-Echeverria-150x150.jpg\",\"contentUrl\":\"https:\/\/arg-agro.com.ar\/actualidad\/wp-content\/uploads\/2026\/03\/Tomas-Echeverria-150x150.jpg\",\"caption\":\"Tom\u00e1s Echeverr\u00eda\"},\"description\":\"Tom\u00e1s Echeverr\u00eda es especialista en agricultura y manejo sostenible de suelos, con experiencia en sistemas productivos de Argentina. Investiga la optimizaci\u00f3n del riego, la nutrici\u00f3n de cultivos y la adopci\u00f3n de tecnolog\u00edas de agricultura de precisi\u00f3n para mejorar rendimientos. En Arg-Agro, divulga pr\u00e1cticas basadas en evidencia para una producci\u00f3n eficiente y resiliente.\",\"sameAs\":[\"https:\/\/arg-agro.com.ar\/\"]}]}<\/script>\n<!-- \/ Yoast SEO plugin. -->","yoast_head_json":{"title":"Juez allana el camino para la reorganizaci\u00f3n del USDA - ARG-AGRO Semilleria Venta de Semillas e Insumos para el Agro","robots":{"index":"index","follow":"follow","max-snippet":"max-snippet:-1","max-image-preview":"max-image-preview:large","max-video-preview":"max-video-preview:-1"},"canonical":"https:\/\/arg-agro.com.ar\/actualidad\/juez-allana-el-camino-para-la-reorganizacion-del-usda\/","og_locale":"es_ES","og_type":"article","og_title":"Juez allana el camino para la reorganizaci\u00f3n del USDA - ARG-AGRO Semilleria Venta de Semillas e Insumos para el Agro","og_url":"https:\/\/arg-agro.com.ar\/actualidad\/juez-allana-el-camino-para-la-reorganizacion-del-usda\/","og_site_name":"ARG-AGRO Semilleria Venta de Semillas e Insumos para el Agro","article_published_time":"2026-09-04T15:25:43+00:00","article_modified_time":"2026-09-04T15:25:44+00:00","og_image":[{"width":836,"height":627,"url":"https:\/\/arg-agro.com.ar\/actualidad\/wp-content\/uploads\/2026\/08\/Empleados-del-USDA-se-oponen-a-planes-de-reorganizacion.jpg","type":"image\/jpeg"}],"author":"Tom\u00e1s Echeverr\u00eda","twitter_card":"summary_large_image","twitter_misc":{"Escrito por":"Tom\u00e1s Echeverr\u00eda","Tiempo de lectura":"2 minutos"},"schema":{"@context":"https:\/\/schema.org","@graph":[{"@type":"NewsArticle","@id":"https:\/\/arg-agro.com.ar\/actualidad\/juez-allana-el-camino-para-la-reorganizacion-del-usda\/#article","isPartOf":{"@id":"https:\/\/arg-agro.com.ar\/actualidad\/juez-allana-el-camino-para-la-reorganizacion-del-usda\/"},"author":{"name":"Tom\u00e1s Echeverr\u00eda","@id":"https:\/\/arg-agro.com.ar\/actualidad\/#\/schema\/person\/6f778d1f6f2c0c1b373aeda7620b7ce3"},"headline":"Juez allana el camino para la reorganizaci\u00f3n del USDA","datePublished":"2026-09-04T15:25:43+00:00","dateModified":"2026-09-04T15:25:44+00:00","mainEntityOfPage":{"@id":"https:\/\/arg-agro.com.ar\/actualidad\/juez-allana-el-camino-para-la-reorganizacion-del-usda\/"},"wordCount":442,"publisher":{"@id":"https:\/\/arg-agro.com.ar\/actualidad\/#organization"},"image":{"@id":"https:\/\/arg-agro.com.ar\/actualidad\/juez-allana-el-camino-para-la-reorganizacion-del-usda\/#primaryimage"},"thumbnailUrl":"https:\/\/arg-agro.com.ar\/actualidad\/wp-content\/uploads\/2026\/08\/Empleados-del-USDA-se-oponen-a-planes-de-reorganizacion.jpg","keywords":["allana","camino","del","juez","para","reorganizaci\u00f3n","USDA"],"articleSection":["Actualidad"],"inLanguage":"es"},{"@type":"WebPage","@id":"https:\/\/arg-agro.com.ar\/actualidad\/juez-allana-el-camino-para-la-reorganizacion-del-usda\/","url":"https:\/\/arg-agro.com.ar\/actualidad\/juez-allana-el-camino-para-la-reorganizacion-del-usda\/","name":"Juez allana el camino para la reorganizaci\u00f3n del USDA - ARG-AGRO Semilleria Venta de Semillas e Insumos para el Agro","isPartOf":{"@id":"https:\/\/arg-agro.com.ar\/actualidad\/#website"},"primaryImageOfPage":{"@id":"https:\/\/arg-agro.com.ar\/actualidad\/juez-allana-el-camino-para-la-reorganizacion-del-usda\/#primaryimage"},"image":{"@id":"https:\/\/arg-agro.com.ar\/actualidad\/juez-allana-el-camino-para-la-reorganizacion-del-usda\/#primaryimage"},"thumbnailUrl":"https:\/\/arg-agro.com.ar\/actualidad\/wp-content\/uploads\/2026\/08\/Empleados-del-USDA-se-oponen-a-planes-de-reorganizacion.jpg","datePublished":"2026-09-04T15:25:43+00:00","dateModified":"2026-09-04T15:25:44+00:00","breadcrumb":{"@id":"https:\/\/arg-agro.com.ar\/actualidad\/juez-allana-el-camino-para-la-reorganizacion-del-usda\/#breadcrumb"},"inLanguage":"es","potentialAction":[{"@type":"ReadAction","target":["https:\/\/arg-agro.com.ar\/actualidad\/juez-allana-el-camino-para-la-reorganizacion-del-usda\/"]}]},{"@type":"ImageObject","inLanguage":"es","@id":"https:\/\/arg-agro.com.ar\/actualidad\/juez-allana-el-camino-para-la-reorganizacion-del-usda\/#primaryimage","url":"https:\/\/arg-agro.com.ar\/actualidad\/wp-content\/uploads\/2026\/08\/Empleados-del-USDA-se-oponen-a-planes-de-reorganizacion.jpg","contentUrl":"https:\/\/arg-agro.com.ar\/actualidad\/wp-content\/uploads\/2026\/08\/Empleados-del-USDA-se-oponen-a-planes-de-reorganizacion.jpg","width":836,"height":627},{"@type":"BreadcrumbList","@id":"https:\/\/arg-agro.com.ar\/actualidad\/juez-allana-el-camino-para-la-reorganizacion-del-usda\/#breadcrumb","itemListElement":[{"@type":"ListItem","position":1,"name":"Arg-Agro","item":"https:\/\/arg-agro.com.ar\/actualidad\/"},{"@type":"ListItem","position":2,"name":"Juez allana el camino para la reorganizaci\u00f3n del USDA"}]},{"@type":"WebSite","@id":"https:\/\/arg-agro.com.ar\/actualidad\/#website","url":"https:\/\/arg-agro.com.ar\/actualidad\/","name":"ARG-AGRO Semilleria Venta de Semillas e Insumos para el Agro","description":"","publisher":{"@id":"https:\/\/arg-agro.com.ar\/actualidad\/#organization"},"potentialAction":[{"@type":"SearchAction","target":{"@type":"EntryPoint","urlTemplate":"https:\/\/arg-agro.com.ar\/actualidad\/?s={search_term_string}"},"query-input":{"@type":"PropertyValueSpecification","valueRequired":true,"valueName":"search_term_string"}}],"inLanguage":"es"},{"@type":"Organization","@id":"https:\/\/arg-agro.com.ar\/actualidad\/#organization","name":"ARG-AGRO Semilleria Venta de Semillas e Insumos para el Agro","url":"https:\/\/arg-agro.com.ar\/actualidad\/","logo":{"@type":"ImageObject","inLanguage":"es","@id":"https:\/\/arg-agro.com.ar\/actualidad\/#\/schema\/logo\/image\/","url":"https:\/\/arg-agro.com.ar\/actualidad\/wp-content\/uploads\/2026\/03\/store_logo.png","contentUrl":"https:\/\/arg-agro.com.ar\/actualidad\/wp-content\/uploads\/2026\/03\/store_logo.png","width":270,"height":90,"caption":"ARG-AGRO Semilleria Venta de Semillas e Insumos para el Agro"},"image":{"@id":"https:\/\/arg-agro.com.ar\/actualidad\/#\/schema\/logo\/image\/"}},{"@type":"Person","@id":"https:\/\/arg-agro.com.ar\/actualidad\/#\/schema\/person\/6f778d1f6f2c0c1b373aeda7620b7ce3","name":"Tom\u00e1s Echeverr\u00eda","image":{"@type":"ImageObject","inLanguage":"es","@id":"https:\/\/arg-agro.com.ar\/actualidad\/#\/schema\/person\/image\/","url":"https:\/\/arg-agro.com.ar\/actualidad\/wp-content\/uploads\/2026\/03\/Tomas-Echeverria-150x150.jpg","contentUrl":"https:\/\/arg-agro.com.ar\/actualidad\/wp-content\/uploads\/2026\/03\/Tomas-Echeverria-150x150.jpg","caption":"Tom\u00e1s Echeverr\u00eda"},"description":"Tom\u00e1s Echeverr\u00eda es especialista en agricultura y manejo sostenible de suelos, con experiencia en sistemas productivos de Argentina. Investiga la optimizaci\u00f3n del riego, la nutrici\u00f3n de cultivos y la adopci\u00f3n de tecnolog\u00edas de agricultura de precisi\u00f3n para mejorar rendimientos. En Arg-Agro, divulga pr\u00e1cticas basadas en evidencia para una producci\u00f3n eficiente y resiliente.","sameAs":["https:\/\/arg-agro.com.ar\/"]}]}},"_links":{"self":[{"href":"https:\/\/arg-agro.com.ar\/actualidad\/wp-json\/wp\/v2\/posts\/1615","targetHints":{"allow":["GET"]}}],"collection":[{"href":"https:\/\/arg-agro.com.ar\/actualidad\/wp-json\/wp\/v2\/posts"}],"about":[{"href":"https:\/\/arg-agro.com.ar\/actualidad\/wp-json\/wp\/v2\/types\/post"}],"author":[{"embeddable":true,"href":"https:\/\/arg-agro.com.ar\/actualidad\/wp-json\/wp\/v2\/users\/1"}],"replies":[{"embeddable":true,"href":"https:\/\/arg-agro.com.ar\/actualidad\/wp-json\/wp\/v2\/comments?post=1615"}],"version-history":[{"count":1,"href":"https:\/\/arg-agro.com.ar\/actualidad\/wp-json\/wp\/v2\/posts\/1615\/revisions"}],"predecessor-version":[{"id":1616,"href":"https:\/\/arg-agro.com.ar\/actualidad\/wp-json\/wp\/v2\/posts\/1615\/revisions\/1616"}],"wp:featuredmedia":[{"embeddable":true,"href":"https:\/\/arg-agro.com.ar\/actualidad\/wp-json\/wp\/v2\/media\/1370"}],"wp:attachment":[{"href":"https:\/\/arg-agro.com.ar\/actualidad\/wp-json\/wp\/v2\/media?parent=1615"}],"wp:term":[{"taxonomy":"category","embeddable":true,"href":"https:\/\/arg-agro.com.ar\/actualidad\/wp-json\/wp\/v2\/categories?post=1615"}],"curies":[{"name":"wp","href":"https:\/\/api.w.org\/{rel}","templated":true}]}}