{"id":1613,"date":"2026-09-04T11:24:17","date_gmt":"2026-09-04T14:24:17","guid":{"rendered":"https:\/\/arg-agro.com.ar\/actualidad\/epa-y-usace-presentan-propuesta-suplementaria-de-wotus\/"},"modified":"2026-09-04T11:24:18","modified_gmt":"2026-09-04T14:24:18","slug":"epa-y-usace-presentan-propuesta-suplementaria-de-wotus","status":"publish","type":"post","link":"https:\/\/arg-agro.com.ar\/actualidad\/epa-y-usace-presentan-propuesta-suplementaria-de-wotus\/","title":{"rendered":"EPA y USACE presentan propuesta suplementaria de WOTUS"},"content":{"rendered":"<p><\/p>\n<div>\n<p>La EPA y el Cuerpo de Ingenieros del Ej\u00e9rcito est\u00e1n buscando comentarios adicionales sobre su propuesta de norma \u201caguas de los Estados Unidos\u201d al proponer nuevas definiciones para una terminolog\u00eda cr\u00edtica, incluyendo qu\u00e9 se entiende por aguas \u201crelativamente permanentes\u201d y una \u201cconexi\u00f3n superficial continua.\u201d<\/p>\n<p>Las agencias propusieron la nueva norma WOTUS en noviembre y recibieron m\u00e1s de 22,000 comentarios, muchos de los cuales solicitaban \u201cuna aclaraci\u00f3n adicional acerca de la norma propuesta por las agencias y los enfoques alternativos para los cuales las agencias solicitaron comentarios\u201d, seg\u00fan el aviso suplementario de reglamentaci\u00f3n propuesto publicado hoy. \u201cAdem\u00e1s, algunos comentaristas recomendaron que las agencias consideren otros enfoques que no est\u00e1n expl\u00edcitamente articulados\u201d en la propuesta.<\/p>\n<p>La Administradora Adjunta de Agua de la EPA, Jessica Kramer, dijo en una llamada con periodistas el jueves que \u201cesta acci\u00f3n avanza el compromiso de la agencia con una transparencia radical, y, de nuevo, desarrolla una definici\u00f3n duradera, final y jur\u00eddicamente defendible de WOTUS que se adhiera a la direcci\u00f3n del Tribunal Supremo en Sackett contra la EPA\u201d, una decisi\u00f3n de 2023 del Tribunal Supremo que limit\u00f3 la jurisdicci\u00f3n del gobierno federal sobre aguas y humedales cubiertos por la Ley de Agua Limpia.<\/p>\n<p>\u201cNuestro objetivo sigue siendo, a trav\u00e9s de este proceso, reducir la burocracia y proteger la calidad del agua mientras reconocemos que los estados y las tribus realmente conocen mejor sus aguas,\u201d afirm\u00f3.<\/p>\n<p>Kramer dijo que las agencias quieren asegurarse de que su norma final pueda sostenerse en los tribunales.<\/p>\n<p>\u201cQueremos asegurarnos de no enfrentar problemas relacionados con algo llamado \u2018desarrollo l\u00f3gico\u2019,\u201d afirm\u00f3. \u201cEn la medida en que la norma final incorpore algunas de las nuevas definiciones propuestas que figuran en el suplemento, ciertamente no querr\u00edamos poner en peligro la defensibilidad legal de la norma al no haber informado al p\u00fablico de que est\u00e1bamos considerando opciones alternativas que no estaban presentadas en la norma propuesta.\u201d<\/p>\n<p>Las agencias proponen que los cuerpos de agua \u201crelativamente permanentes\u201d se definan como \u201ccuerpos de agua perennes.\u201d<\/p>\n<p>Sin embargo, tambi\u00e9n se\u00f1alan en la propuesta suplementaria que un cuerpo de agua \u201cno pierde su estatus relativamente permanente si se seca como resultado de eventos an\u00f3malos como sequ\u00eda o un periodo de sequ\u00eda. Un cuerpo de agua tampoco pierde su estatus relativamente permanente si se seca por no m\u00e1s de un \u00fanico periodo de hasta 30 d\u00edas consecutivos en cualquier a\u00f1o como resultado de eventos no an\u00f3malos que resulten en una interrupci\u00f3n temporal, como marea baja o una sequ\u00eda que ocurre regularmente.\u201d<\/p>\n<p>Las agencias tambi\u00e9n proponen definir \u201cperenne\u201d como \u201ctener agua estancada o fluir de forma continua todos los d\u00edas del a\u00f1o bajo condiciones ordinarias.\u201d<\/p>\n<p>Esta definici\u00f3n, dijeron la EPA y el Cuerpo en la propuesta, \u201ces consistente con la comprensi\u00f3n hidrol\u00f3gica com\u00fan del t\u00e9rmino \u2018perenne\u2019.\u201d Dijeron que la sequ\u00eda \u201cser\u00eda un tipo de evento an\u00f3malo que permitir\u00eda que un cuerpo de agua, normalmente sujeto a jurisdicci\u00f3n, permanezca sujeto a jurisdicci\u00f3n en ausencia de caudal durante todo el a\u00f1o.\u201d<\/p>\n<p>Las agencias propusieron previamente definir \u201cconexi\u00f3n superficial continua\u201d como \u201ctener agua superficial al menos durante la temporada de lluvias y estar adyacente (es decir, tocando) a un cuerpo de agua sujeto a jurisdicci\u00f3n.\u201d Pero algunos comentaristas dijeron que la EPA y el Cuerpo estaban as\u00ed cambiando la definici\u00f3n de \u201chumedales\u201d sin proporcionar una oportunidad para comentar.<\/p>\n<p>En la propuesta suplementaria, las agencias buscan comentarios sobre una definici\u00f3n alternativa de \u201cconexi\u00f3n superficial continua\u201d como significando \u201cagua superficial perenne en un humedal que est\u00e1 conectada de forma continua con el agua superficial en el agua de jurisdicci\u00f3n de modo que sea dif\u00edcil determinar d\u00f3nde termina el agua de jurisdicci\u00f3n y d\u00f3nde empieza el humedal.\u201d<\/p>\n<p>\u201cUna interrupci\u00f3n temporal en la conexi\u00f3n superficial de agua puede ocurrir como resultado de eventos an\u00f3malos como sequ\u00eda o un periodo de sequ\u00eda,\u201d dice la definici\u00f3n de la propuesta suplementaria. \u201cUna interrupci\u00f3n temporal en la conexi\u00f3n superficial de agua que dure no m\u00e1s de un periodo \u00fanico de hasta 30 d\u00edas consecutivos en cualquier a\u00f1o tambi\u00e9n puede ocurrir como resultado de eventos no an\u00f3malos como la marea baja o un periodo de sequ\u00eda que ocurre regularmente.\u201d<\/p>\n<p>\u201cSolo la porci\u00f3n del humedal que sea indistinguible del agua de jurisdicci\u00f3n ser\u00eda, por s\u00ed misma, jurisdiccional,\u201d explicaron las agencias en la propuesta.<\/p>\n<p>La decisi\u00f3n Sackett de 2023 del Tribunal Supremo sostuvo que \u201cla [Ley de Agua Limpia] se extiende solamente a aquellos humedales que, en la pr\u00e1ctica, son indistinguibles de las aguas de los Estados Unidos.\u201d<\/p>\n<\/div>\n","protected":false},"excerpt":{"rendered":"","protected":false},"author":1,"featured_media":1188,"comment_status":"closed","ping_status":"closed","sticky":false,"template":"","format":"standard","meta":{"footnotes":""},"categories":[1],"class_list":["post-1613","post","type-post","status-publish","format-standard","has-post-thumbnail","hentry","category-actualidad","generate-columns","tablet-grid-50","mobile-grid-100","grid-parent","grid-50"],"yoast_head":"<!-- This site is optimized with the Yoast SEO plugin v27.0 - https:\/\/yoast.com\/product\/yoast-seo-wordpress\/ -->\n<title>EPA y USACE presentan propuesta suplementaria de WOTUS - ARG-AGRO Semilleria Venta de Semillas e Insumos para el Agro<\/title>\n<meta name=\"robots\" content=\"index, follow, max-snippet:-1, max-image-preview:large, max-video-preview:-1\" \/>\n<link rel=\"canonical\" href=\"https:\/\/arg-agro.com.ar\/actualidad\/epa-y-usace-presentan-propuesta-suplementaria-de-wotus\/\" \/>\n<meta property=\"og:locale\" content=\"es_ES\" \/>\n<meta property=\"og:type\" content=\"article\" \/>\n<meta property=\"og:title\" content=\"EPA y USACE presentan propuesta suplementaria de WOTUS - ARG-AGRO Semilleria Venta de Semillas e Insumos para el Agro\" \/>\n<meta property=\"og:url\" content=\"https:\/\/arg-agro.com.ar\/actualidad\/epa-y-usace-presentan-propuesta-suplementaria-de-wotus\/\" \/>\n<meta property=\"og:site_name\" content=\"ARG-AGRO Semilleria Venta de Semillas e Insumos para el Agro\" \/>\n<meta property=\"article:published_time\" content=\"2026-09-04T14:24:17+00:00\" \/>\n<meta property=\"article:modified_time\" content=\"2026-09-04T14:24:18+00:00\" \/>\n<meta property=\"og:image\" content=\"https:\/\/arg-agro.com.ar\/actualidad\/wp-content\/uploads\/2026\/07\/Amanecer-del-29-de-julio-el-USDA-aclara-la-regulacion.jpg\" \/>\n\t<meta property=\"og:image:width\" content=\"836\" \/>\n\t<meta property=\"og:image:height\" content=\"627\" \/>\n\t<meta property=\"og:image:type\" content=\"image\/jpeg\" \/>\n<meta name=\"author\" content=\"Tom\u00e1s Echeverr\u00eda\" \/>\n<meta name=\"twitter:card\" content=\"summary_large_image\" \/>\n<meta name=\"twitter:label1\" content=\"Escrito por\" \/>\n\t<meta name=\"twitter:data1\" content=\"Tom\u00e1s Echeverr\u00eda\" \/>\n\t<meta name=\"twitter:label2\" content=\"Tiempo de lectura\" \/>\n\t<meta name=\"twitter:data2\" content=\"4 minutos\" \/>\n<script type=\"application\/ld+json\" class=\"yoast-schema-graph\">{\"@context\":\"https:\/\/schema.org\",\"@graph\":[{\"@type\":\"NewsArticle\",\"@id\":\"https:\/\/arg-agro.com.ar\/actualidad\/epa-y-usace-presentan-propuesta-suplementaria-de-wotus\/#article\",\"isPartOf\":{\"@id\":\"https:\/\/arg-agro.com.ar\/actualidad\/epa-y-usace-presentan-propuesta-suplementaria-de-wotus\/\"},\"author\":{\"name\":\"Tom\u00e1s Echeverr\u00eda\",\"@id\":\"https:\/\/arg-agro.com.ar\/actualidad\/#\/schema\/person\/6f778d1f6f2c0c1b373aeda7620b7ce3\"},\"headline\":\"EPA y USACE presentan propuesta suplementaria de WOTUS\",\"datePublished\":\"2026-09-04T14:24:17+00:00\",\"dateModified\":\"2026-09-04T14:24:18+00:00\",\"mainEntityOfPage\":{\"@id\":\"https:\/\/arg-agro.com.ar\/actualidad\/epa-y-usace-presentan-propuesta-suplementaria-de-wotus\/\"},\"wordCount\":813,\"publisher\":{\"@id\":\"https:\/\/arg-agro.com.ar\/actualidad\/#organization\"},\"image\":{\"@id\":\"https:\/\/arg-agro.com.ar\/actualidad\/epa-y-usace-presentan-propuesta-suplementaria-de-wotus\/#primaryimage\"},\"thumbnailUrl\":\"https:\/\/arg-agro.com.ar\/actualidad\/wp-content\/uploads\/2026\/07\/Amanecer-del-29-de-julio-el-USDA-aclara-la-regulacion.jpg\",\"keywords\":[\"EPA\",\"presentan\",\"Propuesta\",\"Suplementaria\",\"USACE\",\"WOTUS\"],\"articleSection\":[\"Actualidad\"],\"inLanguage\":\"es\"},{\"@type\":\"WebPage\",\"@id\":\"https:\/\/arg-agro.com.ar\/actualidad\/epa-y-usace-presentan-propuesta-suplementaria-de-wotus\/\",\"url\":\"https:\/\/arg-agro.com.ar\/actualidad\/epa-y-usace-presentan-propuesta-suplementaria-de-wotus\/\",\"name\":\"EPA y USACE presentan propuesta suplementaria de WOTUS - ARG-AGRO Semilleria Venta de Semillas e Insumos para el Agro\",\"isPartOf\":{\"@id\":\"https:\/\/arg-agro.com.ar\/actualidad\/#website\"},\"primaryImageOfPage\":{\"@id\":\"https:\/\/arg-agro.com.ar\/actualidad\/epa-y-usace-presentan-propuesta-suplementaria-de-wotus\/#primaryimage\"},\"image\":{\"@id\":\"https:\/\/arg-agro.com.ar\/actualidad\/epa-y-usace-presentan-propuesta-suplementaria-de-wotus\/#primaryimage\"},\"thumbnailUrl\":\"https:\/\/arg-agro.com.ar\/actualidad\/wp-content\/uploads\/2026\/07\/Amanecer-del-29-de-julio-el-USDA-aclara-la-regulacion.jpg\",\"datePublished\":\"2026-09-04T14:24:17+00:00\",\"dateModified\":\"2026-09-04T14:24:18+00:00\",\"breadcrumb\":{\"@id\":\"https:\/\/arg-agro.com.ar\/actualidad\/epa-y-usace-presentan-propuesta-suplementaria-de-wotus\/#breadcrumb\"},\"inLanguage\":\"es\",\"potentialAction\":[{\"@type\":\"ReadAction\",\"target\":[\"https:\/\/arg-agro.com.ar\/actualidad\/epa-y-usace-presentan-propuesta-suplementaria-de-wotus\/\"]}]},{\"@type\":\"ImageObject\",\"inLanguage\":\"es\",\"@id\":\"https:\/\/arg-agro.com.ar\/actualidad\/epa-y-usace-presentan-propuesta-suplementaria-de-wotus\/#primaryimage\",\"url\":\"https:\/\/arg-agro.com.ar\/actualidad\/wp-content\/uploads\/2026\/07\/Amanecer-del-29-de-julio-el-USDA-aclara-la-regulacion.jpg\",\"contentUrl\":\"https:\/\/arg-agro.com.ar\/actualidad\/wp-content\/uploads\/2026\/07\/Amanecer-del-29-de-julio-el-USDA-aclara-la-regulacion.jpg\",\"width\":836,\"height\":627},{\"@type\":\"BreadcrumbList\",\"@id\":\"https:\/\/arg-agro.com.ar\/actualidad\/epa-y-usace-presentan-propuesta-suplementaria-de-wotus\/#breadcrumb\",\"itemListElement\":[{\"@type\":\"ListItem\",\"position\":1,\"name\":\"Arg-Agro\",\"item\":\"https:\/\/arg-agro.com.ar\/actualidad\/\"},{\"@type\":\"ListItem\",\"position\":2,\"name\":\"EPA y USACE presentan propuesta suplementaria de WOTUS\"}]},{\"@type\":\"WebSite\",\"@id\":\"https:\/\/arg-agro.com.ar\/actualidad\/#website\",\"url\":\"https:\/\/arg-agro.com.ar\/actualidad\/\",\"name\":\"ARG-AGRO Semilleria Venta de Semillas e Insumos para el Agro\",\"description\":\"\",\"publisher\":{\"@id\":\"https:\/\/arg-agro.com.ar\/actualidad\/#organization\"},\"potentialAction\":[{\"@type\":\"SearchAction\",\"target\":{\"@type\":\"EntryPoint\",\"urlTemplate\":\"https:\/\/arg-agro.com.ar\/actualidad\/?s={search_term_string}\"},\"query-input\":{\"@type\":\"PropertyValueSpecification\",\"valueRequired\":true,\"valueName\":\"search_term_string\"}}],\"inLanguage\":\"es\"},{\"@type\":\"Organization\",\"@id\":\"https:\/\/arg-agro.com.ar\/actualidad\/#organization\",\"name\":\"ARG-AGRO Semilleria Venta de Semillas e Insumos para el Agro\",\"url\":\"https:\/\/arg-agro.com.ar\/actualidad\/\",\"logo\":{\"@type\":\"ImageObject\",\"inLanguage\":\"es\",\"@id\":\"https:\/\/arg-agro.com.ar\/actualidad\/#\/schema\/logo\/image\/\",\"url\":\"https:\/\/arg-agro.com.ar\/actualidad\/wp-content\/uploads\/2026\/03\/store_logo.png\",\"contentUrl\":\"https:\/\/arg-agro.com.ar\/actualidad\/wp-content\/uploads\/2026\/03\/store_logo.png\",\"width\":270,\"height\":90,\"caption\":\"ARG-AGRO Semilleria Venta de Semillas e Insumos para el Agro\"},\"image\":{\"@id\":\"https:\/\/arg-agro.com.ar\/actualidad\/#\/schema\/logo\/image\/\"}},{\"@type\":\"Person\",\"@id\":\"https:\/\/arg-agro.com.ar\/actualidad\/#\/schema\/person\/6f778d1f6f2c0c1b373aeda7620b7ce3\",\"name\":\"Tom\u00e1s Echeverr\u00eda\",\"image\":{\"@type\":\"ImageObject\",\"inLanguage\":\"es\",\"@id\":\"https:\/\/arg-agro.com.ar\/actualidad\/#\/schema\/person\/image\/\",\"url\":\"https:\/\/arg-agro.com.ar\/actualidad\/wp-content\/uploads\/2026\/03\/Tomas-Echeverria-150x150.jpg\",\"contentUrl\":\"https:\/\/arg-agro.com.ar\/actualidad\/wp-content\/uploads\/2026\/03\/Tomas-Echeverria-150x150.jpg\",\"caption\":\"Tom\u00e1s Echeverr\u00eda\"},\"description\":\"Tom\u00e1s Echeverr\u00eda es especialista en agricultura y manejo sostenible de suelos, con experiencia en sistemas productivos de Argentina. Investiga la optimizaci\u00f3n del riego, la nutrici\u00f3n de cultivos y la adopci\u00f3n de tecnolog\u00edas de agricultura de precisi\u00f3n para mejorar rendimientos. En Arg-Agro, divulga pr\u00e1cticas basadas en evidencia para una producci\u00f3n eficiente y resiliente.\",\"sameAs\":[\"https:\/\/arg-agro.com.ar\/\"]}]}<\/script>\n<!-- \/ Yoast SEO plugin. -->","yoast_head_json":{"title":"EPA y USACE presentan propuesta suplementaria de WOTUS - ARG-AGRO Semilleria Venta de Semillas e Insumos para el Agro","robots":{"index":"index","follow":"follow","max-snippet":"max-snippet:-1","max-image-preview":"max-image-preview:large","max-video-preview":"max-video-preview:-1"},"canonical":"https:\/\/arg-agro.com.ar\/actualidad\/epa-y-usace-presentan-propuesta-suplementaria-de-wotus\/","og_locale":"es_ES","og_type":"article","og_title":"EPA y USACE presentan propuesta suplementaria de WOTUS - ARG-AGRO Semilleria Venta de Semillas e Insumos para el Agro","og_url":"https:\/\/arg-agro.com.ar\/actualidad\/epa-y-usace-presentan-propuesta-suplementaria-de-wotus\/","og_site_name":"ARG-AGRO Semilleria Venta de Semillas e Insumos para el Agro","article_published_time":"2026-09-04T14:24:17+00:00","article_modified_time":"2026-09-04T14:24:18+00:00","og_image":[{"width":836,"height":627,"url":"https:\/\/arg-agro.com.ar\/actualidad\/wp-content\/uploads\/2026\/07\/Amanecer-del-29-de-julio-el-USDA-aclara-la-regulacion.jpg","type":"image\/jpeg"}],"author":"Tom\u00e1s Echeverr\u00eda","twitter_card":"summary_large_image","twitter_misc":{"Escrito por":"Tom\u00e1s Echeverr\u00eda","Tiempo de lectura":"4 minutos"},"schema":{"@context":"https:\/\/schema.org","@graph":[{"@type":"NewsArticle","@id":"https:\/\/arg-agro.com.ar\/actualidad\/epa-y-usace-presentan-propuesta-suplementaria-de-wotus\/#article","isPartOf":{"@id":"https:\/\/arg-agro.com.ar\/actualidad\/epa-y-usace-presentan-propuesta-suplementaria-de-wotus\/"},"author":{"name":"Tom\u00e1s Echeverr\u00eda","@id":"https:\/\/arg-agro.com.ar\/actualidad\/#\/schema\/person\/6f778d1f6f2c0c1b373aeda7620b7ce3"},"headline":"EPA y USACE presentan propuesta suplementaria de WOTUS","datePublished":"2026-09-04T14:24:17+00:00","dateModified":"2026-09-04T14:24:18+00:00","mainEntityOfPage":{"@id":"https:\/\/arg-agro.com.ar\/actualidad\/epa-y-usace-presentan-propuesta-suplementaria-de-wotus\/"},"wordCount":813,"publisher":{"@id":"https:\/\/arg-agro.com.ar\/actualidad\/#organization"},"image":{"@id":"https:\/\/arg-agro.com.ar\/actualidad\/epa-y-usace-presentan-propuesta-suplementaria-de-wotus\/#primaryimage"},"thumbnailUrl":"https:\/\/arg-agro.com.ar\/actualidad\/wp-content\/uploads\/2026\/07\/Amanecer-del-29-de-julio-el-USDA-aclara-la-regulacion.jpg","keywords":["EPA","presentan","Propuesta","Suplementaria","USACE","WOTUS"],"articleSection":["Actualidad"],"inLanguage":"es"},{"@type":"WebPage","@id":"https:\/\/arg-agro.com.ar\/actualidad\/epa-y-usace-presentan-propuesta-suplementaria-de-wotus\/","url":"https:\/\/arg-agro.com.ar\/actualidad\/epa-y-usace-presentan-propuesta-suplementaria-de-wotus\/","name":"EPA y USACE presentan propuesta suplementaria de WOTUS - ARG-AGRO Semilleria Venta de Semillas e Insumos para el Agro","isPartOf":{"@id":"https:\/\/arg-agro.com.ar\/actualidad\/#website"},"primaryImageOfPage":{"@id":"https:\/\/arg-agro.com.ar\/actualidad\/epa-y-usace-presentan-propuesta-suplementaria-de-wotus\/#primaryimage"},"image":{"@id":"https:\/\/arg-agro.com.ar\/actualidad\/epa-y-usace-presentan-propuesta-suplementaria-de-wotus\/#primaryimage"},"thumbnailUrl":"https:\/\/arg-agro.com.ar\/actualidad\/wp-content\/uploads\/2026\/07\/Amanecer-del-29-de-julio-el-USDA-aclara-la-regulacion.jpg","datePublished":"2026-09-04T14:24:17+00:00","dateModified":"2026-09-04T14:24:18+00:00","breadcrumb":{"@id":"https:\/\/arg-agro.com.ar\/actualidad\/epa-y-usace-presentan-propuesta-suplementaria-de-wotus\/#breadcrumb"},"inLanguage":"es","potentialAction":[{"@type":"ReadAction","target":["https:\/\/arg-agro.com.ar\/actualidad\/epa-y-usace-presentan-propuesta-suplementaria-de-wotus\/"]}]},{"@type":"ImageObject","inLanguage":"es","@id":"https:\/\/arg-agro.com.ar\/actualidad\/epa-y-usace-presentan-propuesta-suplementaria-de-wotus\/#primaryimage","url":"https:\/\/arg-agro.com.ar\/actualidad\/wp-content\/uploads\/2026\/07\/Amanecer-del-29-de-julio-el-USDA-aclara-la-regulacion.jpg","contentUrl":"https:\/\/arg-agro.com.ar\/actualidad\/wp-content\/uploads\/2026\/07\/Amanecer-del-29-de-julio-el-USDA-aclara-la-regulacion.jpg","width":836,"height":627},{"@type":"BreadcrumbList","@id":"https:\/\/arg-agro.com.ar\/actualidad\/epa-y-usace-presentan-propuesta-suplementaria-de-wotus\/#breadcrumb","itemListElement":[{"@type":"ListItem","position":1,"name":"Arg-Agro","item":"https:\/\/arg-agro.com.ar\/actualidad\/"},{"@type":"ListItem","position":2,"name":"EPA y USACE presentan propuesta suplementaria de WOTUS"}]},{"@type":"WebSite","@id":"https:\/\/arg-agro.com.ar\/actualidad\/#website","url":"https:\/\/arg-agro.com.ar\/actualidad\/","name":"ARG-AGRO Semilleria Venta de Semillas e Insumos para el Agro","description":"","publisher":{"@id":"https:\/\/arg-agro.com.ar\/actualidad\/#organization"},"potentialAction":[{"@type":"SearchAction","target":{"@type":"EntryPoint","urlTemplate":"https:\/\/arg-agro.com.ar\/actualidad\/?s={search_term_string}"},"query-input":{"@type":"PropertyValueSpecification","valueRequired":true,"valueName":"search_term_string"}}],"inLanguage":"es"},{"@type":"Organization","@id":"https:\/\/arg-agro.com.ar\/actualidad\/#organization","name":"ARG-AGRO Semilleria Venta de Semillas e Insumos para el Agro","url":"https:\/\/arg-agro.com.ar\/actualidad\/","logo":{"@type":"ImageObject","inLanguage":"es","@id":"https:\/\/arg-agro.com.ar\/actualidad\/#\/schema\/logo\/image\/","url":"https:\/\/arg-agro.com.ar\/actualidad\/wp-content\/uploads\/2026\/03\/store_logo.png","contentUrl":"https:\/\/arg-agro.com.ar\/actualidad\/wp-content\/uploads\/2026\/03\/store_logo.png","width":270,"height":90,"caption":"ARG-AGRO Semilleria Venta de Semillas e Insumos para el Agro"},"image":{"@id":"https:\/\/arg-agro.com.ar\/actualidad\/#\/schema\/logo\/image\/"}},{"@type":"Person","@id":"https:\/\/arg-agro.com.ar\/actualidad\/#\/schema\/person\/6f778d1f6f2c0c1b373aeda7620b7ce3","name":"Tom\u00e1s Echeverr\u00eda","image":{"@type":"ImageObject","inLanguage":"es","@id":"https:\/\/arg-agro.com.ar\/actualidad\/#\/schema\/person\/image\/","url":"https:\/\/arg-agro.com.ar\/actualidad\/wp-content\/uploads\/2026\/03\/Tomas-Echeverria-150x150.jpg","contentUrl":"https:\/\/arg-agro.com.ar\/actualidad\/wp-content\/uploads\/2026\/03\/Tomas-Echeverria-150x150.jpg","caption":"Tom\u00e1s Echeverr\u00eda"},"description":"Tom\u00e1s Echeverr\u00eda es especialista en agricultura y manejo sostenible de suelos, con experiencia en sistemas productivos de Argentina. Investiga la optimizaci\u00f3n del riego, la nutrici\u00f3n de cultivos y la adopci\u00f3n de tecnolog\u00edas de agricultura de precisi\u00f3n para mejorar rendimientos. En Arg-Agro, divulga pr\u00e1cticas basadas en evidencia para una producci\u00f3n eficiente y resiliente.","sameAs":["https:\/\/arg-agro.com.ar\/"]}]}},"_links":{"self":[{"href":"https:\/\/arg-agro.com.ar\/actualidad\/wp-json\/wp\/v2\/posts\/1613","targetHints":{"allow":["GET"]}}],"collection":[{"href":"https:\/\/arg-agro.com.ar\/actualidad\/wp-json\/wp\/v2\/posts"}],"about":[{"href":"https:\/\/arg-agro.com.ar\/actualidad\/wp-json\/wp\/v2\/types\/post"}],"author":[{"embeddable":true,"href":"https:\/\/arg-agro.com.ar\/actualidad\/wp-json\/wp\/v2\/users\/1"}],"replies":[{"embeddable":true,"href":"https:\/\/arg-agro.com.ar\/actualidad\/wp-json\/wp\/v2\/comments?post=1613"}],"version-history":[{"count":1,"href":"https:\/\/arg-agro.com.ar\/actualidad\/wp-json\/wp\/v2\/posts\/1613\/revisions"}],"predecessor-version":[{"id":1614,"href":"https:\/\/arg-agro.com.ar\/actualidad\/wp-json\/wp\/v2\/posts\/1613\/revisions\/1614"}],"wp:featuredmedia":[{"embeddable":true,"href":"https:\/\/arg-agro.com.ar\/actualidad\/wp-json\/wp\/v2\/media\/1188"}],"wp:attachment":[{"href":"https:\/\/arg-agro.com.ar\/actualidad\/wp-json\/wp\/v2\/media?parent=1613"}],"wp:term":[{"taxonomy":"category","embeddable":true,"href":"https:\/\/arg-agro.com.ar\/actualidad\/wp-json\/wp\/v2\/categories?post=1613"}],"curies":[{"name":"wp","href":"https:\/\/api.w.org\/{rel}","templated":true}]}}