{"id":1610,"date":"2026-09-03T22:26:39","date_gmt":"2026-09-04T01:26:39","guid":{"rendered":"https:\/\/arg-agro.com.ar\/actualidad\/callahan-de-lustr-obsesionado-por-bajar-el-deficit-comercial-agricola\/"},"modified":"2026-09-03T22:26:40","modified_gmt":"2026-09-04T01:26:40","slug":"callahan-de-lustr-obsesionado-por-bajar-el-deficit-comercial-agricola","status":"publish","type":"post","link":"https:\/\/arg-agro.com.ar\/actualidad\/callahan-de-lustr-obsesionado-por-bajar-el-deficit-comercial-agricola\/","title":{"rendered":"Callahan de l&#8217;USTR: obsesionado por bajar el d\u00e9ficit comercial agr\u00edcola"},"content":{"rendered":"<p><\/p>\n<div>\n<p>El d\u00e9ficit comercial agropecuario todav\u00eda no est\u00e1 bajo control, pero la embajadora Julie Callahan afirma que la administraci\u00f3n de Trump est\u00e1 avanzando y ella sigue \u201cobsesionada\u201d con exportar m\u00e1s productos agr\u00edcolas de EE. UU. y volver a condiciones de super\u00e1vit.<\/p>\n<p>Durante una aparici\u00f3n virtual en el Flinchbaugh Forum, en el campus de la Universidad Estatal de Kansas, la principal negociadora agr\u00edcolas de la Oficina de Representante de Comercio de EE. UU. dijo que el d\u00e9ficit comercial agropecuario se sit\u00faa en \u201cun poco m\u00e1s de 15.000 millones de d\u00f3lares\u201d desde enero hasta julio de 2026, seg\u00fan los datos publicados hoy.<\/p>\n<p>\u201cHemos reducido nuestro d\u00e9ficit comercial agropecuario en m\u00e1s de la mitad y, con suerte, para fin de a\u00f1o seguiremos por debajo de los 20.000 millones de d\u00f3lares\u201d, afirm\u00f3. \u201cEso comparado con un d\u00e9ficit de 44.000 millones el a\u00f1o pasado\u201d.<\/p>\n<p>Callahan dijo que cuando el presidente Trump dej\u00f3 el cargo por primera vez, \u201cten\u00edamos un super\u00e1vit comercial agropecuario bastante saludable con el mundo\u201d, pero cuando Trump asumi\u00f3 el cargo en enero de 2025, el d\u00e9ficit comercial agropecuario de EE. UU. super\u00f3 los 6.000 millones solo en ese mes. \u201cEl USDA proyectaba m\u00e1s de 49.000 millones para fin de a\u00f1o, y eso fue una emergencia.\u201d<\/p>\n<p>\u201cEstamos avanzando mediante nuevos acuerdos y obteniendo compromisos de los pa\u00edses\u201d, agreg\u00f3. Sin embargo, \u201ces como dar la vuelta al transatl\u00e1ntico Queen Mary. No va a ocurrir de la noche a la ma\u00f1ana, pero estamos avanzando en mejorar el acceso a los mercados en todo el mundo.\u201d<\/p>\n<p>Otros aspectos destacados de su discurso:<\/p>\n<p><strong>Los aranceles proporcionaron palanca.<\/strong> A partir de su d\u00e9cada de trabajo en la USTR, Callahan afirm\u00f3 que una constante ha sido las barreras comerciales desleales erigidas por los socios comerciales. \u201cPublicamos lo que se llama la Estimaci\u00f3n Nacional del Comercio. Yo la llamo la Enciclopedia del Mal Comportamiento porque describe las cosas que los pa\u00edses hacen para mantener la comida y la agroindustria de EE. UU. fuera de sus mercados. Lo que realmente ha cambiado desde enero de 2025 es la pol\u00edtica comercial America First y la introducci\u00f3n de los aranceles de la administraci\u00f3n de Trump. Ella describi\u00f3 los aranceles como un \u2018llamado de atenci\u00f3n\u2019 para nuestros socios comerciales.\u201d<\/p>\n<p>\u201cSi no tratan a nuestros agricultores y ganaderos de manera justa, no deber\u00edan esperar tener acceso al mercado de EE. UU.; eso realmente sacudi\u00f3 nuestras relaciones comerciales globales y llev\u00f3 a los socios comerciales a la mesa de negociaci\u00f3n\u201d, enfatiz\u00f3.<\/p>\n<p><strong>Evaluando el comercio TMEC (USMCA).<\/strong> Callahan subray\u00f3 la importancia de Canad\u00e1 y M\u00e9xico para la agroindustria estadounidense. Dijo: \u201cel 18% de la agroindustria de EE. UU. va a M\u00e9xico, el 17% va a Canad\u00e1. Dicho esto, el 60% de las exportaciones de Canad\u00e1 van a EE. UU. y el 89% de las exportaciones agropecuarias de M\u00e9xico llegan a EE. UU. Por tanto, dependen de nosotros incluso m\u00e1s de lo que nosotros dependemos de ellos en t\u00e9rminos de sus exportaciones agropecuarias.\u201d<\/p>\n<p>Cuando el TMEC entr\u00f3 en vigor, EE. UU. ten\u00eda un d\u00e9ficit comercial agropecuario de 3.000 millones de d\u00f3lares con Canad\u00e1. El a\u00f1o pasado ese d\u00e9ficit escal\u00f3 a 11.000 millones, lo cual describi\u00f3 como \u201cuna situaci\u00f3n loca.\u201d<\/p>\n<p>Con su veto a los vinos, dijo que el d\u00e9ficit estadounidense se increment\u00f3 en otros 1.100 millones. \u201cA este ritmo, los canadienses terminar\u00e1n provocando un d\u00e9ficit comercial agropecuario m\u00e1s grande con Canad\u00e1 que con M\u00e9xico, y eso no est\u00e1 bien. Debemos asegurarnos de tener acceso a su mercado y de no ser aprovechados.\u201d<\/p>\n<p><strong>Negociaciones con Canad\u00e1.<\/strong> Desde el inicio de la segunda administraci\u00f3n de Trump, indic\u00f3, Canad\u00e1, junto con China, fueron los \u00fanicos dos pa\u00edses que tomaron represalias contra EE. UU. \u201cHicimos saber nuestras preocupaciones [a Canad\u00e1] por su prohibici\u00f3n de vino y licores destilados estadounidenses. Cuando claramente no estaban avanzando, seguimos adelante utilizando la Secci\u00f3n 338, que permite a Estados Unidos tomar medidas si un pa\u00eds proh\u00edbe injustamente nuestros productos, como el vino.\u201d<\/p>\n<p>Dijo que eso llam\u00f3 la atenci\u00f3n de Canad\u00e1 y estimul\u00f3 nuevas negociaciones, destacando que Canad\u00e1 \u201cten\u00eda el mejor trato de cualquier socio comercial antes de las Secciones 338.\u201d<\/p>\n<p>La USTR realmente lleg\u00f3 a un acuerdo que result\u00f3 incluso mejor para Canad\u00e1, agreg\u00f3. \u201c\u00c9ramos bastante confiados de que este acuerdo nos llevar\u00eda a un lugar realmente bueno y estable con los canadienses, y el presidente estuvo de acuerdo. Luego, el equipo canadiense regres\u00f3 a Washington con demandas adicionales que realmente no eran alcanzables, y se apartaron del acuerdo. Veremos si Canad\u00e1 cambia de tono y regresa a la mesa de negociaciones.\u201d<\/p>\n<p><strong>Mientras tanto, las conversaciones contin\u00faan con M\u00e9xico.<\/strong> Nuestro vecino del sur ha sido \u201cmuy productivo y serio\u201d en estas negociaciones, dijo Callahan. \u201cTenemos una serie de temas que queremos abordar con ellos, pero estamos bastante seguros de que podremos llegar a un acuerdo realmente mutuamente beneficioso con M\u00e9xico y Canad\u00e1.\u201d<\/p>\n<p><strong>Perspectiva sobre China.<\/strong> La intenci\u00f3n con China es establecer una relaci\u00f3n \u201cm\u00e1s predecible y transaccional.\u201d Dijo que EE. UU. tradicionalmente ha mantenido un super\u00e1vit comercial agropecuario con China, y los actores del sector agropecuario quieren mantener el acceso. Esa fue la g\u00e9nesis de dos acuerdos: uno en octubre, cuando China acord\u00f3 comprar 25 millones de toneladas m\u00e9tricas de soja, y en mayo, cuando China acord\u00f3 17 mil millones de d\u00f3lares en compras agropecuarias adicionales.<\/p>\n<p>\u201cYa no vamos a enviar dos tercios de nuestra soja a China\u201d, dijo Callahan. \u201cLos productores de soja me han comunicado que no quieren depender en exceso de China, pero las 25 millones de toneladas m\u00e9tricas son una base s\u00f3lida. Del mismo modo, China puede cumplir ese compromiso de 17 mil millones de d\u00f3lares a trav\u00e9s de la compra de una amplia variedad de bienes agr\u00edcolas. \u201cLa intenci\u00f3n es usar esos compromisos como una especie de base,\u201d a\u00f1adi\u00f3.<\/p>\n<p>\u00a0<\/p>\n<p>\u00a0<\/p>\n<\/div>\n","protected":false},"excerpt":{"rendered":"","protected":false},"author":1,"featured_media":1611,"comment_status":"closed","ping_status":"closed","sticky":false,"template":"","format":"standard","meta":{"footnotes":""},"categories":[1],"class_list":["post-1610","post","type-post","status-publish","format-standard","has-post-thumbnail","hentry","category-actualidad","generate-columns","tablet-grid-50","mobile-grid-100","grid-parent","grid-50"],"yoast_head":"<!-- This site is optimized with the Yoast SEO plugin v27.0 - https:\/\/yoast.com\/product\/yoast-seo-wordpress\/ -->\n<title>Callahan de l&#039;USTR: obsesionado por bajar el d\u00e9ficit comercial agr\u00edcola - ARG-AGRO Semilleria Venta de Semillas e Insumos para el Agro<\/title>\n<meta name=\"robots\" content=\"index, follow, max-snippet:-1, max-image-preview:large, max-video-preview:-1\" \/>\n<link rel=\"canonical\" href=\"https:\/\/arg-agro.com.ar\/actualidad\/callahan-de-lustr-obsesionado-por-bajar-el-deficit-comercial-agricola\/\" \/>\n<meta property=\"og:locale\" content=\"es_ES\" \/>\n<meta property=\"og:type\" content=\"article\" \/>\n<meta property=\"og:title\" content=\"Callahan de l&#039;USTR: obsesionado por bajar el d\u00e9ficit comercial agr\u00edcola - ARG-AGRO Semilleria Venta de Semillas e Insumos para el Agro\" \/>\n<meta property=\"og:url\" content=\"https:\/\/arg-agro.com.ar\/actualidad\/callahan-de-lustr-obsesionado-por-bajar-el-deficit-comercial-agricola\/\" \/>\n<meta property=\"og:site_name\" content=\"ARG-AGRO Semilleria Venta de Semillas e Insumos para el Agro\" \/>\n<meta property=\"article:published_time\" content=\"2026-09-04T01:26:39+00:00\" \/>\n<meta property=\"article:modified_time\" content=\"2026-09-04T01:26:40+00:00\" \/>\n<meta property=\"og:image\" content=\"https:\/\/arg-agro.com.ar\/actualidad\/wp-content\/uploads\/2026\/09\/Callahan-de-lUSTR-obsesionado-por-bajar-el-deficit-comercial-agricola.jpg\" \/>\n\t<meta property=\"og:image:width\" content=\"953\" \/>\n\t<meta property=\"og:image:height\" content=\"635\" \/>\n\t<meta property=\"og:image:type\" content=\"image\/jpeg\" \/>\n<meta name=\"author\" content=\"Tom\u00e1s Echeverr\u00eda\" \/>\n<meta name=\"twitter:card\" content=\"summary_large_image\" \/>\n<meta name=\"twitter:label1\" content=\"Escrito por\" \/>\n\t<meta name=\"twitter:data1\" content=\"Tom\u00e1s Echeverr\u00eda\" \/>\n\t<meta name=\"twitter:label2\" content=\"Tiempo de lectura\" \/>\n\t<meta name=\"twitter:data2\" content=\"5 minutos\" \/>\n<script type=\"application\/ld+json\" class=\"yoast-schema-graph\">{\"@context\":\"https:\/\/schema.org\",\"@graph\":[{\"@type\":\"NewsArticle\",\"@id\":\"https:\/\/arg-agro.com.ar\/actualidad\/callahan-de-lustr-obsesionado-por-bajar-el-deficit-comercial-agricola\/#article\",\"isPartOf\":{\"@id\":\"https:\/\/arg-agro.com.ar\/actualidad\/callahan-de-lustr-obsesionado-por-bajar-el-deficit-comercial-agricola\/\"},\"author\":{\"name\":\"Tom\u00e1s Echeverr\u00eda\",\"@id\":\"https:\/\/arg-agro.com.ar\/actualidad\/#\/schema\/person\/6f778d1f6f2c0c1b373aeda7620b7ce3\"},\"headline\":\"Callahan de l&#8217;USTR: obsesionado por bajar el d\u00e9ficit comercial agr\u00edcola\",\"datePublished\":\"2026-09-04T01:26:39+00:00\",\"dateModified\":\"2026-09-04T01:26:40+00:00\",\"mainEntityOfPage\":{\"@id\":\"https:\/\/arg-agro.com.ar\/actualidad\/callahan-de-lustr-obsesionado-por-bajar-el-deficit-comercial-agricola\/\"},\"wordCount\":1016,\"publisher\":{\"@id\":\"https:\/\/arg-agro.com.ar\/actualidad\/#organization\"},\"image\":{\"@id\":\"https:\/\/arg-agro.com.ar\/actualidad\/callahan-de-lustr-obsesionado-por-bajar-el-deficit-comercial-agricola\/#primaryimage\"},\"thumbnailUrl\":\"https:\/\/arg-agro.com.ar\/actualidad\/wp-content\/uploads\/2026\/09\/Callahan-de-lUSTR-obsesionado-por-bajar-el-deficit-comercial-agricola.jpg\",\"keywords\":[\"agr\u00edcola\",\"bajar\",\"Callahan\",\"comercial\",\"d\u00e9ficit\",\"LUSTR\",\"obsesionado\",\"por\"],\"articleSection\":[\"Actualidad\"],\"inLanguage\":\"es\"},{\"@type\":\"WebPage\",\"@id\":\"https:\/\/arg-agro.com.ar\/actualidad\/callahan-de-lustr-obsesionado-por-bajar-el-deficit-comercial-agricola\/\",\"url\":\"https:\/\/arg-agro.com.ar\/actualidad\/callahan-de-lustr-obsesionado-por-bajar-el-deficit-comercial-agricola\/\",\"name\":\"Callahan de l'USTR: obsesionado por bajar el d\u00e9ficit comercial agr\u00edcola - ARG-AGRO Semilleria Venta de Semillas e Insumos para el Agro\",\"isPartOf\":{\"@id\":\"https:\/\/arg-agro.com.ar\/actualidad\/#website\"},\"primaryImageOfPage\":{\"@id\":\"https:\/\/arg-agro.com.ar\/actualidad\/callahan-de-lustr-obsesionado-por-bajar-el-deficit-comercial-agricola\/#primaryimage\"},\"image\":{\"@id\":\"https:\/\/arg-agro.com.ar\/actualidad\/callahan-de-lustr-obsesionado-por-bajar-el-deficit-comercial-agricola\/#primaryimage\"},\"thumbnailUrl\":\"https:\/\/arg-agro.com.ar\/actualidad\/wp-content\/uploads\/2026\/09\/Callahan-de-lUSTR-obsesionado-por-bajar-el-deficit-comercial-agricola.jpg\",\"datePublished\":\"2026-09-04T01:26:39+00:00\",\"dateModified\":\"2026-09-04T01:26:40+00:00\",\"breadcrumb\":{\"@id\":\"https:\/\/arg-agro.com.ar\/actualidad\/callahan-de-lustr-obsesionado-por-bajar-el-deficit-comercial-agricola\/#breadcrumb\"},\"inLanguage\":\"es\",\"potentialAction\":[{\"@type\":\"ReadAction\",\"target\":[\"https:\/\/arg-agro.com.ar\/actualidad\/callahan-de-lustr-obsesionado-por-bajar-el-deficit-comercial-agricola\/\"]}]},{\"@type\":\"ImageObject\",\"inLanguage\":\"es\",\"@id\":\"https:\/\/arg-agro.com.ar\/actualidad\/callahan-de-lustr-obsesionado-por-bajar-el-deficit-comercial-agricola\/#primaryimage\",\"url\":\"https:\/\/arg-agro.com.ar\/actualidad\/wp-content\/uploads\/2026\/09\/Callahan-de-lUSTR-obsesionado-por-bajar-el-deficit-comercial-agricola.jpg\",\"contentUrl\":\"https:\/\/arg-agro.com.ar\/actualidad\/wp-content\/uploads\/2026\/09\/Callahan-de-lUSTR-obsesionado-por-bajar-el-deficit-comercial-agricola.jpg\",\"width\":953,\"height\":635},{\"@type\":\"BreadcrumbList\",\"@id\":\"https:\/\/arg-agro.com.ar\/actualidad\/callahan-de-lustr-obsesionado-por-bajar-el-deficit-comercial-agricola\/#breadcrumb\",\"itemListElement\":[{\"@type\":\"ListItem\",\"position\":1,\"name\":\"Arg-Agro\",\"item\":\"https:\/\/arg-agro.com.ar\/actualidad\/\"},{\"@type\":\"ListItem\",\"position\":2,\"name\":\"Callahan de l&#8217;USTR: obsesionado por bajar el d\u00e9ficit comercial agr\u00edcola\"}]},{\"@type\":\"WebSite\",\"@id\":\"https:\/\/arg-agro.com.ar\/actualidad\/#website\",\"url\":\"https:\/\/arg-agro.com.ar\/actualidad\/\",\"name\":\"ARG-AGRO Semilleria Venta de Semillas e Insumos para el Agro\",\"description\":\"\",\"publisher\":{\"@id\":\"https:\/\/arg-agro.com.ar\/actualidad\/#organization\"},\"potentialAction\":[{\"@type\":\"SearchAction\",\"target\":{\"@type\":\"EntryPoint\",\"urlTemplate\":\"https:\/\/arg-agro.com.ar\/actualidad\/?s={search_term_string}\"},\"query-input\":{\"@type\":\"PropertyValueSpecification\",\"valueRequired\":true,\"valueName\":\"search_term_string\"}}],\"inLanguage\":\"es\"},{\"@type\":\"Organization\",\"@id\":\"https:\/\/arg-agro.com.ar\/actualidad\/#organization\",\"name\":\"ARG-AGRO Semilleria Venta de Semillas e Insumos para el Agro\",\"url\":\"https:\/\/arg-agro.com.ar\/actualidad\/\",\"logo\":{\"@type\":\"ImageObject\",\"inLanguage\":\"es\",\"@id\":\"https:\/\/arg-agro.com.ar\/actualidad\/#\/schema\/logo\/image\/\",\"url\":\"https:\/\/arg-agro.com.ar\/actualidad\/wp-content\/uploads\/2026\/03\/store_logo.png\",\"contentUrl\":\"https:\/\/arg-agro.com.ar\/actualidad\/wp-content\/uploads\/2026\/03\/store_logo.png\",\"width\":270,\"height\":90,\"caption\":\"ARG-AGRO Semilleria Venta de Semillas e Insumos para el Agro\"},\"image\":{\"@id\":\"https:\/\/arg-agro.com.ar\/actualidad\/#\/schema\/logo\/image\/\"}},{\"@type\":\"Person\",\"@id\":\"https:\/\/arg-agro.com.ar\/actualidad\/#\/schema\/person\/6f778d1f6f2c0c1b373aeda7620b7ce3\",\"name\":\"Tom\u00e1s Echeverr\u00eda\",\"image\":{\"@type\":\"ImageObject\",\"inLanguage\":\"es\",\"@id\":\"https:\/\/arg-agro.com.ar\/actualidad\/#\/schema\/person\/image\/\",\"url\":\"https:\/\/arg-agro.com.ar\/actualidad\/wp-content\/uploads\/2026\/03\/Tomas-Echeverria-150x150.jpg\",\"contentUrl\":\"https:\/\/arg-agro.com.ar\/actualidad\/wp-content\/uploads\/2026\/03\/Tomas-Echeverria-150x150.jpg\",\"caption\":\"Tom\u00e1s Echeverr\u00eda\"},\"description\":\"Tom\u00e1s Echeverr\u00eda es especialista en agricultura y manejo sostenible de suelos, con experiencia en sistemas productivos de Argentina. Investiga la optimizaci\u00f3n del riego, la nutrici\u00f3n de cultivos y la adopci\u00f3n de tecnolog\u00edas de agricultura de precisi\u00f3n para mejorar rendimientos. En Arg-Agro, divulga pr\u00e1cticas basadas en evidencia para una producci\u00f3n eficiente y resiliente.\",\"sameAs\":[\"https:\/\/arg-agro.com.ar\/\"]}]}<\/script>\n<!-- \/ Yoast SEO plugin. -->","yoast_head_json":{"title":"Callahan de l'USTR: obsesionado por bajar el d\u00e9ficit comercial agr\u00edcola - ARG-AGRO Semilleria Venta de Semillas e Insumos para el Agro","robots":{"index":"index","follow":"follow","max-snippet":"max-snippet:-1","max-image-preview":"max-image-preview:large","max-video-preview":"max-video-preview:-1"},"canonical":"https:\/\/arg-agro.com.ar\/actualidad\/callahan-de-lustr-obsesionado-por-bajar-el-deficit-comercial-agricola\/","og_locale":"es_ES","og_type":"article","og_title":"Callahan de l'USTR: obsesionado por bajar el d\u00e9ficit comercial agr\u00edcola - ARG-AGRO Semilleria Venta de Semillas e Insumos para el Agro","og_url":"https:\/\/arg-agro.com.ar\/actualidad\/callahan-de-lustr-obsesionado-por-bajar-el-deficit-comercial-agricola\/","og_site_name":"ARG-AGRO Semilleria Venta de Semillas e Insumos para el Agro","article_published_time":"2026-09-04T01:26:39+00:00","article_modified_time":"2026-09-04T01:26:40+00:00","og_image":[{"width":953,"height":635,"url":"https:\/\/arg-agro.com.ar\/actualidad\/wp-content\/uploads\/2026\/09\/Callahan-de-lUSTR-obsesionado-por-bajar-el-deficit-comercial-agricola.jpg","type":"image\/jpeg"}],"author":"Tom\u00e1s Echeverr\u00eda","twitter_card":"summary_large_image","twitter_misc":{"Escrito por":"Tom\u00e1s Echeverr\u00eda","Tiempo de lectura":"5 minutos"},"schema":{"@context":"https:\/\/schema.org","@graph":[{"@type":"NewsArticle","@id":"https:\/\/arg-agro.com.ar\/actualidad\/callahan-de-lustr-obsesionado-por-bajar-el-deficit-comercial-agricola\/#article","isPartOf":{"@id":"https:\/\/arg-agro.com.ar\/actualidad\/callahan-de-lustr-obsesionado-por-bajar-el-deficit-comercial-agricola\/"},"author":{"name":"Tom\u00e1s Echeverr\u00eda","@id":"https:\/\/arg-agro.com.ar\/actualidad\/#\/schema\/person\/6f778d1f6f2c0c1b373aeda7620b7ce3"},"headline":"Callahan de l&#8217;USTR: obsesionado por bajar el d\u00e9ficit comercial agr\u00edcola","datePublished":"2026-09-04T01:26:39+00:00","dateModified":"2026-09-04T01:26:40+00:00","mainEntityOfPage":{"@id":"https:\/\/arg-agro.com.ar\/actualidad\/callahan-de-lustr-obsesionado-por-bajar-el-deficit-comercial-agricola\/"},"wordCount":1016,"publisher":{"@id":"https:\/\/arg-agro.com.ar\/actualidad\/#organization"},"image":{"@id":"https:\/\/arg-agro.com.ar\/actualidad\/callahan-de-lustr-obsesionado-por-bajar-el-deficit-comercial-agricola\/#primaryimage"},"thumbnailUrl":"https:\/\/arg-agro.com.ar\/actualidad\/wp-content\/uploads\/2026\/09\/Callahan-de-lUSTR-obsesionado-por-bajar-el-deficit-comercial-agricola.jpg","keywords":["agr\u00edcola","bajar","Callahan","comercial","d\u00e9ficit","LUSTR","obsesionado","por"],"articleSection":["Actualidad"],"inLanguage":"es"},{"@type":"WebPage","@id":"https:\/\/arg-agro.com.ar\/actualidad\/callahan-de-lustr-obsesionado-por-bajar-el-deficit-comercial-agricola\/","url":"https:\/\/arg-agro.com.ar\/actualidad\/callahan-de-lustr-obsesionado-por-bajar-el-deficit-comercial-agricola\/","name":"Callahan de l'USTR: obsesionado por bajar el d\u00e9ficit comercial agr\u00edcola - ARG-AGRO Semilleria Venta de Semillas e Insumos para el Agro","isPartOf":{"@id":"https:\/\/arg-agro.com.ar\/actualidad\/#website"},"primaryImageOfPage":{"@id":"https:\/\/arg-agro.com.ar\/actualidad\/callahan-de-lustr-obsesionado-por-bajar-el-deficit-comercial-agricola\/#primaryimage"},"image":{"@id":"https:\/\/arg-agro.com.ar\/actualidad\/callahan-de-lustr-obsesionado-por-bajar-el-deficit-comercial-agricola\/#primaryimage"},"thumbnailUrl":"https:\/\/arg-agro.com.ar\/actualidad\/wp-content\/uploads\/2026\/09\/Callahan-de-lUSTR-obsesionado-por-bajar-el-deficit-comercial-agricola.jpg","datePublished":"2026-09-04T01:26:39+00:00","dateModified":"2026-09-04T01:26:40+00:00","breadcrumb":{"@id":"https:\/\/arg-agro.com.ar\/actualidad\/callahan-de-lustr-obsesionado-por-bajar-el-deficit-comercial-agricola\/#breadcrumb"},"inLanguage":"es","potentialAction":[{"@type":"ReadAction","target":["https:\/\/arg-agro.com.ar\/actualidad\/callahan-de-lustr-obsesionado-por-bajar-el-deficit-comercial-agricola\/"]}]},{"@type":"ImageObject","inLanguage":"es","@id":"https:\/\/arg-agro.com.ar\/actualidad\/callahan-de-lustr-obsesionado-por-bajar-el-deficit-comercial-agricola\/#primaryimage","url":"https:\/\/arg-agro.com.ar\/actualidad\/wp-content\/uploads\/2026\/09\/Callahan-de-lUSTR-obsesionado-por-bajar-el-deficit-comercial-agricola.jpg","contentUrl":"https:\/\/arg-agro.com.ar\/actualidad\/wp-content\/uploads\/2026\/09\/Callahan-de-lUSTR-obsesionado-por-bajar-el-deficit-comercial-agricola.jpg","width":953,"height":635},{"@type":"BreadcrumbList","@id":"https:\/\/arg-agro.com.ar\/actualidad\/callahan-de-lustr-obsesionado-por-bajar-el-deficit-comercial-agricola\/#breadcrumb","itemListElement":[{"@type":"ListItem","position":1,"name":"Arg-Agro","item":"https:\/\/arg-agro.com.ar\/actualidad\/"},{"@type":"ListItem","position":2,"name":"Callahan de l&#8217;USTR: obsesionado por bajar el d\u00e9ficit comercial agr\u00edcola"}]},{"@type":"WebSite","@id":"https:\/\/arg-agro.com.ar\/actualidad\/#website","url":"https:\/\/arg-agro.com.ar\/actualidad\/","name":"ARG-AGRO Semilleria Venta de Semillas e Insumos para el Agro","description":"","publisher":{"@id":"https:\/\/arg-agro.com.ar\/actualidad\/#organization"},"potentialAction":[{"@type":"SearchAction","target":{"@type":"EntryPoint","urlTemplate":"https:\/\/arg-agro.com.ar\/actualidad\/?s={search_term_string}"},"query-input":{"@type":"PropertyValueSpecification","valueRequired":true,"valueName":"search_term_string"}}],"inLanguage":"es"},{"@type":"Organization","@id":"https:\/\/arg-agro.com.ar\/actualidad\/#organization","name":"ARG-AGRO Semilleria Venta de Semillas e Insumos para el Agro","url":"https:\/\/arg-agro.com.ar\/actualidad\/","logo":{"@type":"ImageObject","inLanguage":"es","@id":"https:\/\/arg-agro.com.ar\/actualidad\/#\/schema\/logo\/image\/","url":"https:\/\/arg-agro.com.ar\/actualidad\/wp-content\/uploads\/2026\/03\/store_logo.png","contentUrl":"https:\/\/arg-agro.com.ar\/actualidad\/wp-content\/uploads\/2026\/03\/store_logo.png","width":270,"height":90,"caption":"ARG-AGRO Semilleria Venta de Semillas e Insumos para el Agro"},"image":{"@id":"https:\/\/arg-agro.com.ar\/actualidad\/#\/schema\/logo\/image\/"}},{"@type":"Person","@id":"https:\/\/arg-agro.com.ar\/actualidad\/#\/schema\/person\/6f778d1f6f2c0c1b373aeda7620b7ce3","name":"Tom\u00e1s Echeverr\u00eda","image":{"@type":"ImageObject","inLanguage":"es","@id":"https:\/\/arg-agro.com.ar\/actualidad\/#\/schema\/person\/image\/","url":"https:\/\/arg-agro.com.ar\/actualidad\/wp-content\/uploads\/2026\/03\/Tomas-Echeverria-150x150.jpg","contentUrl":"https:\/\/arg-agro.com.ar\/actualidad\/wp-content\/uploads\/2026\/03\/Tomas-Echeverria-150x150.jpg","caption":"Tom\u00e1s Echeverr\u00eda"},"description":"Tom\u00e1s Echeverr\u00eda es especialista en agricultura y manejo sostenible de suelos, con experiencia en sistemas productivos de Argentina. Investiga la optimizaci\u00f3n del riego, la nutrici\u00f3n de cultivos y la adopci\u00f3n de tecnolog\u00edas de agricultura de precisi\u00f3n para mejorar rendimientos. En Arg-Agro, divulga pr\u00e1cticas basadas en evidencia para una producci\u00f3n eficiente y resiliente.","sameAs":["https:\/\/arg-agro.com.ar\/"]}]}},"_links":{"self":[{"href":"https:\/\/arg-agro.com.ar\/actualidad\/wp-json\/wp\/v2\/posts\/1610","targetHints":{"allow":["GET"]}}],"collection":[{"href":"https:\/\/arg-agro.com.ar\/actualidad\/wp-json\/wp\/v2\/posts"}],"about":[{"href":"https:\/\/arg-agro.com.ar\/actualidad\/wp-json\/wp\/v2\/types\/post"}],"author":[{"embeddable":true,"href":"https:\/\/arg-agro.com.ar\/actualidad\/wp-json\/wp\/v2\/users\/1"}],"replies":[{"embeddable":true,"href":"https:\/\/arg-agro.com.ar\/actualidad\/wp-json\/wp\/v2\/comments?post=1610"}],"version-history":[{"count":1,"href":"https:\/\/arg-agro.com.ar\/actualidad\/wp-json\/wp\/v2\/posts\/1610\/revisions"}],"predecessor-version":[{"id":1612,"href":"https:\/\/arg-agro.com.ar\/actualidad\/wp-json\/wp\/v2\/posts\/1610\/revisions\/1612"}],"wp:featuredmedia":[{"embeddable":true,"href":"https:\/\/arg-agro.com.ar\/actualidad\/wp-json\/wp\/v2\/media\/1611"}],"wp:attachment":[{"href":"https:\/\/arg-agro.com.ar\/actualidad\/wp-json\/wp\/v2\/media?parent=1610"}],"wp:term":[{"taxonomy":"category","embeddable":true,"href":"https:\/\/arg-agro.com.ar\/actualidad\/wp-json\/wp\/v2\/categories?post=1610"}],"curies":[{"name":"wp","href":"https:\/\/api.w.org\/{rel}","templated":true}]}}