{"id":1607,"date":"2026-09-03T20:27:47","date_gmt":"2026-09-03T23:27:47","guid":{"rendered":"https:\/\/arg-agro.com.ar\/actualidad\/amanecer-del-2-de-septiembre-la-camara-de-representantes-envia-una-resolucion-continua-al-despacho-del-presidente-con-la-prorroga-de-la-ley-de-estandares-de-granos\/"},"modified":"2026-09-03T20:27:48","modified_gmt":"2026-09-03T23:27:48","slug":"amanecer-del-2-de-septiembre-la-camara-de-representantes-envia-una-resolucion-continua-al-despacho-del-presidente-con-la-prorroga-de-la-ley-de-estandares-de-granos","status":"publish","type":"post","link":"https:\/\/arg-agro.com.ar\/actualidad\/amanecer-del-2-de-septiembre-la-camara-de-representantes-envia-una-resolucion-continua-al-despacho-del-presidente-con-la-prorroga-de-la-ley-de-estandares-de-granos\/","title":{"rendered":"Amanecer del 2 de septiembre: la C\u00e1mara de Representantes env\u00eda una Resoluci\u00f3n Continua al despacho del presidente con la pr\u00f3rroga de la Ley de Est\u00e1ndares de Granos"},"content":{"rendered":"<p><\/p>\n<div>\n<p>La C\u00e1mara aprob\u00f3 el martes, por una abrumadora mayor\u00eda de 370 a 48, una resoluci\u00f3n continua de tres meses para mantener al gobierno abierto durante la temporada electoral y hasta el 11 de diciembre. Sin la extensi\u00f3n, el Congreso se habr\u00eda enfrentado a la posibilidad de un cierre tras el 30 de septiembre. <\/p>\n<p>El camino hasta el despacho del presidente no estuvo exento de problemas. El presidente de la Subcomisi\u00f3n de Apropiaciones de Agricultura de la C\u00e1mara y l\u00edder del Freedom Caucus, Andy Harris, R-Md., vot\u00f3 en contra de la medida porque conten\u00eda un aplazamiento de un mes de la denominada prohibici\u00f3n del c\u00e1\u00f1amo intoxicante.<\/p>\n<p>La medida de emergencia retras\u00f3 la fecha de entrada en vigor de dicha prohibici\u00f3n desde el 12 de noviembre hasta el 11 de diciembre. El aplazamiento fue aplaudido por la U.S. Hemp Roundtable, ya que les dar\u00e1 a la industria m\u00e1s tiempo para trabajar en regulaciones federales a largo plazo.<\/p>\n<p>\u201cAhora viene el trabajo importante: aprobar en diciembre una regulaci\u00f3n s\u00f3lida que proh\u00edba las ventas il\u00edcitas a menores de edad, honre nuestros compromisos con los agricultores y asegure que productos de c\u00e1\u00f1amo y CBD seguros sean fabricados para adultos, especialmente para personas mayores y veteranos que los conf\u00edan para su salud y bienestar\u201d, dijo Jonathan Miller, consejero general de la U.S. Hemp Roundtable, en un comunicado.<\/p>\n<p><strong>Adem\u00e1s:<\/strong> La resoluci\u00f3n continua tambi\u00e9n deber\u00eda exentar a autoridades cr\u00edticas para el funcionamiento de los servicios federales de inspecci\u00f3n de granos y a una larga lista de programas de transporte por carretera de su vencimiento hasta el 11 de diciembre, siempre que pueda obtener la firma del presidente Donald Trump.<\/p>\n<p>El proyecto de ley continuar\u00eda con varios programas clave de carreteras que est\u00e1n a punto de reautorizaci\u00f3n este a\u00f1o durante poco m\u00e1s de dos meses, incluida la autoridad de gasto para el Fondo de Fomento de Carreteras (Highway Trust Fund), que financia proyectos nacionales de carreteras y puentes. Adem\u00e1s, retrasa el vencimiento de la Ley de Est\u00e1ndares de Granos de EE. UU., preservando la estructura federal de inspecci\u00f3n de granos durante el mismo periodo de tiempo.<\/p>\n<p>En un comunicado, la National Grain and Feed Association elogi\u00f3 la extensi\u00f3n.<\/p>\n<p>\u201cMantener estos programas esenciales proporciona la certeza necesaria para la industria de granos y forraje y ayuda a garantizar la inspecci\u00f3n, el movimiento y la comercializaci\u00f3n eficientes de los productos agr\u00edcolas estadounidenses\u201d, dec\u00eda el comunicado.\u00a0<\/p>\n<p>Lee nuestra historia aqu\u00ed.<\/p>\n<p><strong>Greer de la USTR asistir\u00e1 al almuerzo del Comit\u00e9 de Estudio Republicano<\/strong><\/p>\n<p>Se espera que la Representante Comercial de EE. UU., Jamieson Greer, asista al almuerzo del Comit\u00e9 de Estudio Republicano el mi\u00e9rcoles. La visita de Greer a Hill llega aproximadamente una semana antes de que entren en vigor los aranceles retaliatorios de Canad\u00e1 por 20.000 millones de d\u00f3lares en bienes estadounidenses.<\/p>\n<p>Greer tendr\u00e1 que responder preguntas de los republicanos sobre la guerra comercial emergente entre Canad\u00e1 y EE. UU. Las dos naciones inicialmente buscaban cerrar un acuerdo, pero las negociaciones se desmoronaron. A\u00fan se desconocen numerosos detalles sobre el contenido del acuerdo y las negociaciones en las bambalinas.<\/p>\n<p><strong>Las \u00faltimas movidas de la EPA sobre biocombustibles plantean nuevas preguntas para la agricultura<\/strong><\/p>\n<p>El plan de la EPA para garantizar que los agricultores y los productores de biocombustibles no resulten perjudicados por las \u00faltimas exenciones para refiner\u00edas peque\u00f1as (SRE) de las reglas de mezcla de biocombustibles podr\u00eda ser favorable para los productores de biocombustibles y para el aceite de soja, siempre que la agencia act\u00fae de manera \u201coportuna\u201d, afirma el analista de Bloomberg Intelligence, Brett Gibbs, cuyo pron\u00f3stico sobre las SREs el mes pasado ayud\u00f3 a desencadenar una campa\u00f1a de cabildeo de casi dos semanas por parte de actores agr\u00edcolas y de biocombustibles que reclamaban alivio.<\/p>\n<p>Los futuros vinculados a la soja y al aceite de soja, un insumo principal de los biocombustibles, subieron el martes tras que la EPA delineara su plan de SRE el lunes por la tarde.<\/p>\n<p>Los precios de la soja cayeron hace unas semanas ante la preocupaci\u00f3n de que la EPA concediera muchas m\u00e1s SRE de lo previsto originalmente, lo que podr\u00eda debilitar las cuotas de mezcla de biocombustibles hist\u00f3ricamente altas.<\/p>\n<p>La administraci\u00f3n Trump emiti\u00f3 una cantidad de SRE mayores a las proyectadas, pero busc\u00f3 amortiguar el impacto para los productores agr\u00edcolas y de biocombustibles diciendo que reasignar\u00eda el 100% de la diferencia entre las vol\u00famenes esperados y los exentos de 2025 a este a\u00f1o y al siguiente.<\/p>\n<p><strong>\u00bfQu\u00e9 sigue?<\/strong> A\u00fan quedan muchas preguntas, como la forma en que las exenciones podr\u00edan desarrollarse en 2026 y 2027 despu\u00e9s de que la \u00faltima decisi\u00f3n de la agencia super\u00f3 su proyecci\u00f3n en un 78%, dice Gibbs.<\/p>\n<p><strong>\u2018Vigilando de cerca\u2019:<\/strong> Mientras tanto, el senador Chuck Grassley, republicano de Iowa, dice que \u201clider\u00f3 la carga\u201d \u2014junto con otros legisladores republicanos del Medio Oeste\u2014 para garantizar que la decisi\u00f3n de la EPA no perjudicara a los agricultores ni da\u00f1ara empleos en instalaciones de procesamiento de granos o plantas de biocombustibles.<\/p>\n<p>\u201cAunque me decepcion\u00f3 que la EPA concediera estas exenciones en un momento en que las refiner\u00edas ya est\u00e1n obteniendo beneficios r\u00e9cord, me alegra que el presidente Trump y su equipo hayan escuchado a los legisladores rurales\u201d, afirm\u00f3 Grassley. \u201cPuedes contar con que este senador seguir\u00e1 vigilando a la EPA, para asegurar que cumpla sus promesas\u201d.<\/p>\n<p>El presidente de la American Farm Bureau Federation, Zippy Duvall, afirm\u00f3 que aunque persisten preocupaciones sobre que la EPA conceda exenciones SRE que debiliten un robusto mercado de biocombustibles en EE. UU. para los agricultores, el grupo se alegra de que la EPA tenga la intenci\u00f3n de abordar el problema.<\/p>\n<p>\u201cLa reasignaci\u00f3n es necesaria para mantener una demanda s\u00f3lida de cultivos de producci\u00f3n estadounidense\u201d, coment\u00f3 Duvall.\u00a0<\/p>\n<p><strong>La acci\u00f3n de California sobre E15 genera comparaciones con el Congreso<\/strong><\/p>\n<p>En las \u00faltimas horas de su sesi\u00f3n legislativa, los legisladores de California aprobaron el lunes un proyecto de ley destinado a eliminar algunas barreras t\u00e9cnicas que impiden las ventas de E15 en el estado.\u00a0<\/p>\n<p>La legislaci\u00f3n pasa ahora al gobernador Gavin Newsom, poco menos de un a\u00f1o despu\u00e9s de que California permitiera por primera vez las ventas de E15, convirti\u00e9ndose en el \u00faltimo estado de EE. UU. en hacerlo. La victoria para los productores de etanol y ma\u00edz llega en un momento en que la legislaci\u00f3n de E15 en el Congreso contin\u00faa estancada.\u00a0<\/p>\n<p><strong>La Coalici\u00f3n MCOOL lanza una petici\u00f3n de etiquetado de la carne<\/strong><\/p>\n<p>La National MCOOL Coalition lanz\u00f3 una petici\u00f3n en l\u00ednea, \u201cLabel Our Beef\u201d (Etiquetemos Nuestra Carne), pidiendo al Congreso y a la Casa Blanca restablecer el etiquetado obligatorio de origen para la carne de res.\u00a0<\/p>\n<p>El USDA reverti\u00f3 MCOOL en 2016 a ra\u00edz de una resoluci\u00f3n de la Organizaci\u00f3n Mundial del Comercio (OMC) que determin\u00f3 que violaba las normas de la OMC. La queja fue presentada ante la OMC por Canad\u00e1 y M\u00e9xico.\u00a0<\/p>\n<p>Varias organizaciones agropecuarias participan en la petici\u00f3n: Campaign for Family Farms and the Environment, Consumer Federation of America, Dakota Resource Council, Farm Action Fund, Food &#038; Water Watch, National Family Farm Coalition, Northern Plains Resource Council, R-CALF USA y Western Organization of Resource Councils.\u00a0<\/p>\n<p>Es posible que la ley agr\u00edcola de cinco a\u00f1os restablezca MCOOL para la carne, siempre que el Comit\u00e9 de Agricultura del Senado pueda avanzar y la medida pase en el pleno. El l\u00edder de la mayor\u00eda del Senado, John Thune, R-S.D., propuso con \u00e9xito una enmienda a la ley de agricultura durante la revisi\u00f3n de agosto en el comit\u00e9 que establecer\u00eda est\u00e1ndares de MCOOL para la carne compatibles con la OMC. La enmienda fue adoptada por 17 votos a 6.<\/p>\n<p><strong>Palabra final<\/strong><\/p>\n<p>\u201cIRFA est\u00e1 entusiasmada con la nueva oportunidad en California con E15. He estado lo bastante tiempo en esto como para saber que cuando California adopt\u00f3 E10 alrededor de 2002, solo tom\u00f3 unos a\u00f1os para que el etanol pasara de ser un combustible de nicho del Medio Oeste a la norma nacional. Espero ver un impacto similar con E15.\u201d \u2014 Monte Shaw, director ejecutivo de Iowa Renewable Fuels Association.<\/p>\n<p><em>Kim Chipman y Noah Wicks contribuyeron a Daybreak de hoy.<\/em><\/div>\n","protected":false},"excerpt":{"rendered":"","protected":false},"author":1,"featured_media":1608,"comment_status":"closed","ping_status":"closed","sticky":false,"template":"","format":"standard","meta":{"footnotes":""},"categories":[1],"class_list":["post-1607","post","type-post","status-publish","format-standard","has-post-thumbnail","hentry","category-actualidad","generate-columns","tablet-grid-50","mobile-grid-100","grid-parent","grid-50"],"yoast_head":"<!-- This site is optimized with the Yoast SEO plugin v27.0 - https:\/\/yoast.com\/product\/yoast-seo-wordpress\/ -->\n<title>Amanecer del 2 de septiembre: la C\u00e1mara de Representantes env\u00eda una Resoluci\u00f3n Continua al despacho del presidente con la pr\u00f3rroga de la Ley de Est\u00e1ndares de Granos - ARG-AGRO Semilleria Venta de Semillas e Insumos para el Agro<\/title>\n<meta name=\"robots\" content=\"index, follow, max-snippet:-1, max-image-preview:large, max-video-preview:-1\" \/>\n<link rel=\"canonical\" href=\"https:\/\/arg-agro.com.ar\/actualidad\/amanecer-del-2-de-septiembre-la-camara-de-representantes-envia-una-resolucion-continua-al-despacho-del-presidente-con-la-prorroga-de-la-ley-de-estandares-de-granos\/\" \/>\n<meta property=\"og:locale\" content=\"es_ES\" \/>\n<meta property=\"og:type\" content=\"article\" \/>\n<meta property=\"og:title\" content=\"Amanecer del 2 de septiembre: la C\u00e1mara de Representantes env\u00eda una Resoluci\u00f3n Continua al despacho del presidente con la pr\u00f3rroga de la Ley de Est\u00e1ndares de Granos - ARG-AGRO Semilleria Venta de Semillas e Insumos para el Agro\" \/>\n<meta property=\"og:url\" content=\"https:\/\/arg-agro.com.ar\/actualidad\/amanecer-del-2-de-septiembre-la-camara-de-representantes-envia-una-resolucion-continua-al-despacho-del-presidente-con-la-prorroga-de-la-ley-de-estandares-de-granos\/\" \/>\n<meta property=\"og:site_name\" content=\"ARG-AGRO Semilleria Venta de Semillas e Insumos para el Agro\" \/>\n<meta property=\"article:published_time\" content=\"2026-09-03T23:27:47+00:00\" \/>\n<meta property=\"article:modified_time\" content=\"2026-09-03T23:27:48+00:00\" \/>\n<meta property=\"og:image\" content=\"https:\/\/arg-agro.com.ar\/actualidad\/wp-content\/uploads\/2026\/09\/Amanecer-del-2-de-septiembre-la-Camara-de-Representantes-envia.JPG\" \/>\n\t<meta property=\"og:image:width\" content=\"836\" \/>\n\t<meta property=\"og:image:height\" content=\"627\" \/>\n\t<meta property=\"og:image:type\" content=\"image\/jpeg\" \/>\n<meta name=\"author\" content=\"Tom\u00e1s Echeverr\u00eda\" \/>\n<meta name=\"twitter:card\" content=\"summary_large_image\" \/>\n<meta name=\"twitter:label1\" content=\"Escrito por\" \/>\n\t<meta name=\"twitter:data1\" content=\"Tom\u00e1s Echeverr\u00eda\" \/>\n\t<meta name=\"twitter:label2\" content=\"Tiempo de lectura\" \/>\n\t<meta name=\"twitter:data2\" content=\"7 minutos\" \/>\n<script type=\"application\/ld+json\" class=\"yoast-schema-graph\">{\"@context\":\"https:\/\/schema.org\",\"@graph\":[{\"@type\":\"NewsArticle\",\"@id\":\"https:\/\/arg-agro.com.ar\/actualidad\/amanecer-del-2-de-septiembre-la-camara-de-representantes-envia-una-resolucion-continua-al-despacho-del-presidente-con-la-prorroga-de-la-ley-de-estandares-de-granos\/#article\",\"isPartOf\":{\"@id\":\"https:\/\/arg-agro.com.ar\/actualidad\/amanecer-del-2-de-septiembre-la-camara-de-representantes-envia-una-resolucion-continua-al-despacho-del-presidente-con-la-prorroga-de-la-ley-de-estandares-de-granos\/\"},\"author\":{\"name\":\"Tom\u00e1s Echeverr\u00eda\",\"@id\":\"https:\/\/arg-agro.com.ar\/actualidad\/#\/schema\/person\/6f778d1f6f2c0c1b373aeda7620b7ce3\"},\"headline\":\"Amanecer del 2 de septiembre: la C\u00e1mara de Representantes env\u00eda una Resoluci\u00f3n Continua al despacho del presidente con la pr\u00f3rroga de la Ley de Est\u00e1ndares de Granos\",\"datePublished\":\"2026-09-03T23:27:47+00:00\",\"dateModified\":\"2026-09-03T23:27:48+00:00\",\"mainEntityOfPage\":{\"@id\":\"https:\/\/arg-agro.com.ar\/actualidad\/amanecer-del-2-de-septiembre-la-camara-de-representantes-envia-una-resolucion-continua-al-despacho-del-presidente-con-la-prorroga-de-la-ley-de-estandares-de-granos\/\"},\"wordCount\":1443,\"publisher\":{\"@id\":\"https:\/\/arg-agro.com.ar\/actualidad\/#organization\"},\"image\":{\"@id\":\"https:\/\/arg-agro.com.ar\/actualidad\/amanecer-del-2-de-septiembre-la-camara-de-representantes-envia-una-resolucion-continua-al-despacho-del-presidente-con-la-prorroga-de-la-ley-de-estandares-de-granos\/#primaryimage\"},\"thumbnailUrl\":\"https:\/\/arg-agro.com.ar\/actualidad\/wp-content\/uploads\/2026\/09\/Amanecer-del-2-de-septiembre-la-Camara-de-Representantes-envia.JPG\",\"keywords\":[\"Amanecer\",\"C\u00e1mara\",\"con\",\"contin\u00faa\",\"del\",\"despacho\",\"env\u00eda\",\"Est\u00e1ndares\",\"granos\",\"ley\",\"presidente\",\"prorroga\",\"Representantes\",\"Resoluci\u00f3n\",\"septiembre\",\"una\"],\"articleSection\":[\"Actualidad\"],\"inLanguage\":\"es\"},{\"@type\":\"WebPage\",\"@id\":\"https:\/\/arg-agro.com.ar\/actualidad\/amanecer-del-2-de-septiembre-la-camara-de-representantes-envia-una-resolucion-continua-al-despacho-del-presidente-con-la-prorroga-de-la-ley-de-estandares-de-granos\/\",\"url\":\"https:\/\/arg-agro.com.ar\/actualidad\/amanecer-del-2-de-septiembre-la-camara-de-representantes-envia-una-resolucion-continua-al-despacho-del-presidente-con-la-prorroga-de-la-ley-de-estandares-de-granos\/\",\"name\":\"Amanecer del 2 de septiembre: la C\u00e1mara de Representantes env\u00eda una Resoluci\u00f3n Continua al despacho del presidente con la pr\u00f3rroga de la Ley de Est\u00e1ndares de Granos - ARG-AGRO Semilleria Venta de Semillas e Insumos para el Agro\",\"isPartOf\":{\"@id\":\"https:\/\/arg-agro.com.ar\/actualidad\/#website\"},\"primaryImageOfPage\":{\"@id\":\"https:\/\/arg-agro.com.ar\/actualidad\/amanecer-del-2-de-septiembre-la-camara-de-representantes-envia-una-resolucion-continua-al-despacho-del-presidente-con-la-prorroga-de-la-ley-de-estandares-de-granos\/#primaryimage\"},\"image\":{\"@id\":\"https:\/\/arg-agro.com.ar\/actualidad\/amanecer-del-2-de-septiembre-la-camara-de-representantes-envia-una-resolucion-continua-al-despacho-del-presidente-con-la-prorroga-de-la-ley-de-estandares-de-granos\/#primaryimage\"},\"thumbnailUrl\":\"https:\/\/arg-agro.com.ar\/actualidad\/wp-content\/uploads\/2026\/09\/Amanecer-del-2-de-septiembre-la-Camara-de-Representantes-envia.JPG\",\"datePublished\":\"2026-09-03T23:27:47+00:00\",\"dateModified\":\"2026-09-03T23:27:48+00:00\",\"breadcrumb\":{\"@id\":\"https:\/\/arg-agro.com.ar\/actualidad\/amanecer-del-2-de-septiembre-la-camara-de-representantes-envia-una-resolucion-continua-al-despacho-del-presidente-con-la-prorroga-de-la-ley-de-estandares-de-granos\/#breadcrumb\"},\"inLanguage\":\"es\",\"potentialAction\":[{\"@type\":\"ReadAction\",\"target\":[\"https:\/\/arg-agro.com.ar\/actualidad\/amanecer-del-2-de-septiembre-la-camara-de-representantes-envia-una-resolucion-continua-al-despacho-del-presidente-con-la-prorroga-de-la-ley-de-estandares-de-granos\/\"]}]},{\"@type\":\"ImageObject\",\"inLanguage\":\"es\",\"@id\":\"https:\/\/arg-agro.com.ar\/actualidad\/amanecer-del-2-de-septiembre-la-camara-de-representantes-envia-una-resolucion-continua-al-despacho-del-presidente-con-la-prorroga-de-la-ley-de-estandares-de-granos\/#primaryimage\",\"url\":\"https:\/\/arg-agro.com.ar\/actualidad\/wp-content\/uploads\/2026\/09\/Amanecer-del-2-de-septiembre-la-Camara-de-Representantes-envia.JPG\",\"contentUrl\":\"https:\/\/arg-agro.com.ar\/actualidad\/wp-content\/uploads\/2026\/09\/Amanecer-del-2-de-septiembre-la-Camara-de-Representantes-envia.JPG\",\"width\":836,\"height\":627},{\"@type\":\"BreadcrumbList\",\"@id\":\"https:\/\/arg-agro.com.ar\/actualidad\/amanecer-del-2-de-septiembre-la-camara-de-representantes-envia-una-resolucion-continua-al-despacho-del-presidente-con-la-prorroga-de-la-ley-de-estandares-de-granos\/#breadcrumb\",\"itemListElement\":[{\"@type\":\"ListItem\",\"position\":1,\"name\":\"Arg-Agro\",\"item\":\"https:\/\/arg-agro.com.ar\/actualidad\/\"},{\"@type\":\"ListItem\",\"position\":2,\"name\":\"Amanecer del 2 de septiembre: la C\u00e1mara de Representantes env\u00eda una Resoluci\u00f3n Continua al despacho del presidente con la pr\u00f3rroga de la Ley de Est\u00e1ndares de Granos\"}]},{\"@type\":\"WebSite\",\"@id\":\"https:\/\/arg-agro.com.ar\/actualidad\/#website\",\"url\":\"https:\/\/arg-agro.com.ar\/actualidad\/\",\"name\":\"ARG-AGRO Semilleria Venta de Semillas e Insumos para el Agro\",\"description\":\"\",\"publisher\":{\"@id\":\"https:\/\/arg-agro.com.ar\/actualidad\/#organization\"},\"potentialAction\":[{\"@type\":\"SearchAction\",\"target\":{\"@type\":\"EntryPoint\",\"urlTemplate\":\"https:\/\/arg-agro.com.ar\/actualidad\/?s={search_term_string}\"},\"query-input\":{\"@type\":\"PropertyValueSpecification\",\"valueRequired\":true,\"valueName\":\"search_term_string\"}}],\"inLanguage\":\"es\"},{\"@type\":\"Organization\",\"@id\":\"https:\/\/arg-agro.com.ar\/actualidad\/#organization\",\"name\":\"ARG-AGRO Semilleria Venta de Semillas e Insumos para el Agro\",\"url\":\"https:\/\/arg-agro.com.ar\/actualidad\/\",\"logo\":{\"@type\":\"ImageObject\",\"inLanguage\":\"es\",\"@id\":\"https:\/\/arg-agro.com.ar\/actualidad\/#\/schema\/logo\/image\/\",\"url\":\"https:\/\/arg-agro.com.ar\/actualidad\/wp-content\/uploads\/2026\/03\/store_logo.png\",\"contentUrl\":\"https:\/\/arg-agro.com.ar\/actualidad\/wp-content\/uploads\/2026\/03\/store_logo.png\",\"width\":270,\"height\":90,\"caption\":\"ARG-AGRO Semilleria Venta de Semillas e Insumos para el Agro\"},\"image\":{\"@id\":\"https:\/\/arg-agro.com.ar\/actualidad\/#\/schema\/logo\/image\/\"}},{\"@type\":\"Person\",\"@id\":\"https:\/\/arg-agro.com.ar\/actualidad\/#\/schema\/person\/6f778d1f6f2c0c1b373aeda7620b7ce3\",\"name\":\"Tom\u00e1s Echeverr\u00eda\",\"image\":{\"@type\":\"ImageObject\",\"inLanguage\":\"es\",\"@id\":\"https:\/\/arg-agro.com.ar\/actualidad\/#\/schema\/person\/image\/\",\"url\":\"https:\/\/arg-agro.com.ar\/actualidad\/wp-content\/uploads\/2026\/03\/Tomas-Echeverria-150x150.jpg\",\"contentUrl\":\"https:\/\/arg-agro.com.ar\/actualidad\/wp-content\/uploads\/2026\/03\/Tomas-Echeverria-150x150.jpg\",\"caption\":\"Tom\u00e1s Echeverr\u00eda\"},\"description\":\"Tom\u00e1s Echeverr\u00eda es especialista en agricultura y manejo sostenible de suelos, con experiencia en sistemas productivos de Argentina. Investiga la optimizaci\u00f3n del riego, la nutrici\u00f3n de cultivos y la adopci\u00f3n de tecnolog\u00edas de agricultura de precisi\u00f3n para mejorar rendimientos. En Arg-Agro, divulga pr\u00e1cticas basadas en evidencia para una producci\u00f3n eficiente y resiliente.\",\"sameAs\":[\"https:\/\/arg-agro.com.ar\/\"]}]}<\/script>\n<!-- \/ Yoast SEO plugin. -->","yoast_head_json":{"title":"Amanecer del 2 de septiembre: la C\u00e1mara de Representantes env\u00eda una Resoluci\u00f3n Continua al despacho del presidente con la pr\u00f3rroga de la Ley de Est\u00e1ndares de Granos - ARG-AGRO Semilleria Venta de Semillas e Insumos para el Agro","robots":{"index":"index","follow":"follow","max-snippet":"max-snippet:-1","max-image-preview":"max-image-preview:large","max-video-preview":"max-video-preview:-1"},"canonical":"https:\/\/arg-agro.com.ar\/actualidad\/amanecer-del-2-de-septiembre-la-camara-de-representantes-envia-una-resolucion-continua-al-despacho-del-presidente-con-la-prorroga-de-la-ley-de-estandares-de-granos\/","og_locale":"es_ES","og_type":"article","og_title":"Amanecer del 2 de septiembre: la C\u00e1mara de Representantes env\u00eda una Resoluci\u00f3n Continua al despacho del presidente con la pr\u00f3rroga de la Ley de Est\u00e1ndares de Granos - ARG-AGRO Semilleria Venta de Semillas e Insumos para el Agro","og_url":"https:\/\/arg-agro.com.ar\/actualidad\/amanecer-del-2-de-septiembre-la-camara-de-representantes-envia-una-resolucion-continua-al-despacho-del-presidente-con-la-prorroga-de-la-ley-de-estandares-de-granos\/","og_site_name":"ARG-AGRO Semilleria Venta de Semillas e Insumos para el Agro","article_published_time":"2026-09-03T23:27:47+00:00","article_modified_time":"2026-09-03T23:27:48+00:00","og_image":[{"width":836,"height":627,"url":"https:\/\/arg-agro.com.ar\/actualidad\/wp-content\/uploads\/2026\/09\/Amanecer-del-2-de-septiembre-la-Camara-de-Representantes-envia.JPG","type":"image\/jpeg"}],"author":"Tom\u00e1s Echeverr\u00eda","twitter_card":"summary_large_image","twitter_misc":{"Escrito por":"Tom\u00e1s Echeverr\u00eda","Tiempo de lectura":"7 minutos"},"schema":{"@context":"https:\/\/schema.org","@graph":[{"@type":"NewsArticle","@id":"https:\/\/arg-agro.com.ar\/actualidad\/amanecer-del-2-de-septiembre-la-camara-de-representantes-envia-una-resolucion-continua-al-despacho-del-presidente-con-la-prorroga-de-la-ley-de-estandares-de-granos\/#article","isPartOf":{"@id":"https:\/\/arg-agro.com.ar\/actualidad\/amanecer-del-2-de-septiembre-la-camara-de-representantes-envia-una-resolucion-continua-al-despacho-del-presidente-con-la-prorroga-de-la-ley-de-estandares-de-granos\/"},"author":{"name":"Tom\u00e1s Echeverr\u00eda","@id":"https:\/\/arg-agro.com.ar\/actualidad\/#\/schema\/person\/6f778d1f6f2c0c1b373aeda7620b7ce3"},"headline":"Amanecer del 2 de septiembre: la C\u00e1mara de Representantes env\u00eda una Resoluci\u00f3n Continua al despacho del presidente con la pr\u00f3rroga de la Ley de Est\u00e1ndares de Granos","datePublished":"2026-09-03T23:27:47+00:00","dateModified":"2026-09-03T23:27:48+00:00","mainEntityOfPage":{"@id":"https:\/\/arg-agro.com.ar\/actualidad\/amanecer-del-2-de-septiembre-la-camara-de-representantes-envia-una-resolucion-continua-al-despacho-del-presidente-con-la-prorroga-de-la-ley-de-estandares-de-granos\/"},"wordCount":1443,"publisher":{"@id":"https:\/\/arg-agro.com.ar\/actualidad\/#organization"},"image":{"@id":"https:\/\/arg-agro.com.ar\/actualidad\/amanecer-del-2-de-septiembre-la-camara-de-representantes-envia-una-resolucion-continua-al-despacho-del-presidente-con-la-prorroga-de-la-ley-de-estandares-de-granos\/#primaryimage"},"thumbnailUrl":"https:\/\/arg-agro.com.ar\/actualidad\/wp-content\/uploads\/2026\/09\/Amanecer-del-2-de-septiembre-la-Camara-de-Representantes-envia.JPG","keywords":["Amanecer","C\u00e1mara","con","contin\u00faa","del","despacho","env\u00eda","Est\u00e1ndares","granos","ley","presidente","prorroga","Representantes","Resoluci\u00f3n","septiembre","una"],"articleSection":["Actualidad"],"inLanguage":"es"},{"@type":"WebPage","@id":"https:\/\/arg-agro.com.ar\/actualidad\/amanecer-del-2-de-septiembre-la-camara-de-representantes-envia-una-resolucion-continua-al-despacho-del-presidente-con-la-prorroga-de-la-ley-de-estandares-de-granos\/","url":"https:\/\/arg-agro.com.ar\/actualidad\/amanecer-del-2-de-septiembre-la-camara-de-representantes-envia-una-resolucion-continua-al-despacho-del-presidente-con-la-prorroga-de-la-ley-de-estandares-de-granos\/","name":"Amanecer del 2 de septiembre: la C\u00e1mara de Representantes env\u00eda una Resoluci\u00f3n Continua al despacho del presidente con la pr\u00f3rroga de la Ley de Est\u00e1ndares de Granos - ARG-AGRO Semilleria Venta de Semillas e Insumos para el Agro","isPartOf":{"@id":"https:\/\/arg-agro.com.ar\/actualidad\/#website"},"primaryImageOfPage":{"@id":"https:\/\/arg-agro.com.ar\/actualidad\/amanecer-del-2-de-septiembre-la-camara-de-representantes-envia-una-resolucion-continua-al-despacho-del-presidente-con-la-prorroga-de-la-ley-de-estandares-de-granos\/#primaryimage"},"image":{"@id":"https:\/\/arg-agro.com.ar\/actualidad\/amanecer-del-2-de-septiembre-la-camara-de-representantes-envia-una-resolucion-continua-al-despacho-del-presidente-con-la-prorroga-de-la-ley-de-estandares-de-granos\/#primaryimage"},"thumbnailUrl":"https:\/\/arg-agro.com.ar\/actualidad\/wp-content\/uploads\/2026\/09\/Amanecer-del-2-de-septiembre-la-Camara-de-Representantes-envia.JPG","datePublished":"2026-09-03T23:27:47+00:00","dateModified":"2026-09-03T23:27:48+00:00","breadcrumb":{"@id":"https:\/\/arg-agro.com.ar\/actualidad\/amanecer-del-2-de-septiembre-la-camara-de-representantes-envia-una-resolucion-continua-al-despacho-del-presidente-con-la-prorroga-de-la-ley-de-estandares-de-granos\/#breadcrumb"},"inLanguage":"es","potentialAction":[{"@type":"ReadAction","target":["https:\/\/arg-agro.com.ar\/actualidad\/amanecer-del-2-de-septiembre-la-camara-de-representantes-envia-una-resolucion-continua-al-despacho-del-presidente-con-la-prorroga-de-la-ley-de-estandares-de-granos\/"]}]},{"@type":"ImageObject","inLanguage":"es","@id":"https:\/\/arg-agro.com.ar\/actualidad\/amanecer-del-2-de-septiembre-la-camara-de-representantes-envia-una-resolucion-continua-al-despacho-del-presidente-con-la-prorroga-de-la-ley-de-estandares-de-granos\/#primaryimage","url":"https:\/\/arg-agro.com.ar\/actualidad\/wp-content\/uploads\/2026\/09\/Amanecer-del-2-de-septiembre-la-Camara-de-Representantes-envia.JPG","contentUrl":"https:\/\/arg-agro.com.ar\/actualidad\/wp-content\/uploads\/2026\/09\/Amanecer-del-2-de-septiembre-la-Camara-de-Representantes-envia.JPG","width":836,"height":627},{"@type":"BreadcrumbList","@id":"https:\/\/arg-agro.com.ar\/actualidad\/amanecer-del-2-de-septiembre-la-camara-de-representantes-envia-una-resolucion-continua-al-despacho-del-presidente-con-la-prorroga-de-la-ley-de-estandares-de-granos\/#breadcrumb","itemListElement":[{"@type":"ListItem","position":1,"name":"Arg-Agro","item":"https:\/\/arg-agro.com.ar\/actualidad\/"},{"@type":"ListItem","position":2,"name":"Amanecer del 2 de septiembre: la C\u00e1mara de Representantes env\u00eda una Resoluci\u00f3n Continua al despacho del presidente con la pr\u00f3rroga de la Ley de Est\u00e1ndares de Granos"}]},{"@type":"WebSite","@id":"https:\/\/arg-agro.com.ar\/actualidad\/#website","url":"https:\/\/arg-agro.com.ar\/actualidad\/","name":"ARG-AGRO Semilleria Venta de Semillas e Insumos para el Agro","description":"","publisher":{"@id":"https:\/\/arg-agro.com.ar\/actualidad\/#organization"},"potentialAction":[{"@type":"SearchAction","target":{"@type":"EntryPoint","urlTemplate":"https:\/\/arg-agro.com.ar\/actualidad\/?s={search_term_string}"},"query-input":{"@type":"PropertyValueSpecification","valueRequired":true,"valueName":"search_term_string"}}],"inLanguage":"es"},{"@type":"Organization","@id":"https:\/\/arg-agro.com.ar\/actualidad\/#organization","name":"ARG-AGRO Semilleria Venta de Semillas e Insumos para el Agro","url":"https:\/\/arg-agro.com.ar\/actualidad\/","logo":{"@type":"ImageObject","inLanguage":"es","@id":"https:\/\/arg-agro.com.ar\/actualidad\/#\/schema\/logo\/image\/","url":"https:\/\/arg-agro.com.ar\/actualidad\/wp-content\/uploads\/2026\/03\/store_logo.png","contentUrl":"https:\/\/arg-agro.com.ar\/actualidad\/wp-content\/uploads\/2026\/03\/store_logo.png","width":270,"height":90,"caption":"ARG-AGRO Semilleria Venta de Semillas e Insumos para el Agro"},"image":{"@id":"https:\/\/arg-agro.com.ar\/actualidad\/#\/schema\/logo\/image\/"}},{"@type":"Person","@id":"https:\/\/arg-agro.com.ar\/actualidad\/#\/schema\/person\/6f778d1f6f2c0c1b373aeda7620b7ce3","name":"Tom\u00e1s Echeverr\u00eda","image":{"@type":"ImageObject","inLanguage":"es","@id":"https:\/\/arg-agro.com.ar\/actualidad\/#\/schema\/person\/image\/","url":"https:\/\/arg-agro.com.ar\/actualidad\/wp-content\/uploads\/2026\/03\/Tomas-Echeverria-150x150.jpg","contentUrl":"https:\/\/arg-agro.com.ar\/actualidad\/wp-content\/uploads\/2026\/03\/Tomas-Echeverria-150x150.jpg","caption":"Tom\u00e1s Echeverr\u00eda"},"description":"Tom\u00e1s Echeverr\u00eda es especialista en agricultura y manejo sostenible de suelos, con experiencia en sistemas productivos de Argentina. Investiga la optimizaci\u00f3n del riego, la nutrici\u00f3n de cultivos y la adopci\u00f3n de tecnolog\u00edas de agricultura de precisi\u00f3n para mejorar rendimientos. En Arg-Agro, divulga pr\u00e1cticas basadas en evidencia para una producci\u00f3n eficiente y resiliente.","sameAs":["https:\/\/arg-agro.com.ar\/"]}]}},"_links":{"self":[{"href":"https:\/\/arg-agro.com.ar\/actualidad\/wp-json\/wp\/v2\/posts\/1607","targetHints":{"allow":["GET"]}}],"collection":[{"href":"https:\/\/arg-agro.com.ar\/actualidad\/wp-json\/wp\/v2\/posts"}],"about":[{"href":"https:\/\/arg-agro.com.ar\/actualidad\/wp-json\/wp\/v2\/types\/post"}],"author":[{"embeddable":true,"href":"https:\/\/arg-agro.com.ar\/actualidad\/wp-json\/wp\/v2\/users\/1"}],"replies":[{"embeddable":true,"href":"https:\/\/arg-agro.com.ar\/actualidad\/wp-json\/wp\/v2\/comments?post=1607"}],"version-history":[{"count":1,"href":"https:\/\/arg-agro.com.ar\/actualidad\/wp-json\/wp\/v2\/posts\/1607\/revisions"}],"predecessor-version":[{"id":1609,"href":"https:\/\/arg-agro.com.ar\/actualidad\/wp-json\/wp\/v2\/posts\/1607\/revisions\/1609"}],"wp:featuredmedia":[{"embeddable":true,"href":"https:\/\/arg-agro.com.ar\/actualidad\/wp-json\/wp\/v2\/media\/1608"}],"wp:attachment":[{"href":"https:\/\/arg-agro.com.ar\/actualidad\/wp-json\/wp\/v2\/media?parent=1607"}],"wp:term":[{"taxonomy":"category","embeddable":true,"href":"https:\/\/arg-agro.com.ar\/actualidad\/wp-json\/wp\/v2\/categories?post=1607"}],"curies":[{"name":"wp","href":"https:\/\/api.w.org\/{rel}","templated":true}]}}