{"id":1599,"date":"2026-09-03T15:32:34","date_gmt":"2026-09-03T18:32:34","guid":{"rendered":"https:\/\/arg-agro.com.ar\/actualidad\/amanecer-del-3-de-septiembre-agri-pulse-communications-inc\/"},"modified":"2026-09-03T15:32:35","modified_gmt":"2026-09-03T18:32:35","slug":"amanecer-del-3-de-septiembre-agri-pulse-communications-inc","status":"publish","type":"post","link":"https:\/\/arg-agro.com.ar\/actualidad\/amanecer-del-3-de-septiembre-agri-pulse-communications-inc\/","title":{"rendered":"Amanecer del 3 de septiembre: Agri-Pulse Communications, Inc."},"content":{"rendered":"<p><\/p>\n<div>\n<p>Los republicanos en el Congreso dicen que el siguiente paso en las negociaciones comerciales entre Estados Unidos y Canad\u00e1 depende de Ottawa.<\/p>\n<p>\u201cQueremos negociar. Son los canadienses,\u201d dijo a los periodistas el presidente de la Comisi\u00f3n de Medios y Hacienda de la C\u00e1mara, Jason Smith, republicano de Missouri (R-Mo.), tras reunirse el mi\u00e9rcoles con la representante comercial de Estados Unidos, Jamieson Greer. Smith sostuvo que la postura de Canad\u00e1 es de car\u00e1cter pol\u00edtico, afirmando que los ministros canadienses han se\u00f1alado que \u201cquieren que los republicanos pierdan.\u201d<\/p>\n<p>Greer respondi\u00f3 a preguntas de los miembros del Comit\u00e9 de Estudio Republicano sobre la guerra comercial entre el presidente Donald Trump y Canad\u00e1. La administraci\u00f3n ha impuesto un arancel del 50% sobre 20.000 millones de d\u00f3lares en bienes canadienses, y los aranceles de represalia de Canad\u00e1, d\u00f3lar por d\u00f3lar, deben entrar en vigor el 8 de septiembre.<\/p>\n<p>Smith advirti\u00f3 que el conflicto en escalada podr\u00eda poner en peligro el futuro del Acuerdo Estados Unidos-M\u00e9xico-Canad\u00e1 (USMCA), que se est\u00e1 renegociando tras la decisi\u00f3n de Estados Unidos de no renovarlo tal como est\u00e1. Dijo que \u201cabsolutamente\u201d tiene preocupaciones sobre el destino del pacto. \u201cTengo problemas con el USMCA hasta que los canadienses se sienten a la mesa,\u201d afirm\u00f3.<\/p>\n<p><strong>Mientras tanto, en Iowa:<\/strong> El presidente y director ejecutivo de la Asociaci\u00f3n de Refinadores de Ma\u00edz, John Bode, afirm\u00f3 tener fe en Greer para \u201ccerrar este trato.\u201d<\/p>\n<p>\u201cCanad\u00e1 es importante, y lo es por la econom\u00eda agropecuaria en general,\u201d a\u00f1adi\u00f3 Bode. \u201cCanad\u00e1 es un comprador importante de etanol, y tenemos oportunidades con el sector l\u00e1cteo con Canad\u00e1, y creo que ese acuerdo est\u00e1 listo para concretarse.\u201d<\/p>\n<p><strong>M\u00e1s carne:<\/strong> Greer tambi\u00e9n enfrent\u00f3 preguntas de los republicanos sobre la medida de la administraci\u00f3n de permitir hasta 300.000 toneladas m\u00e9tricas de carne magra sin aranceles para ingresar a Estados Unidos, a fin de ayudar a bajar los precios de los alimentos antes de las elecciones de medio mandato.<\/p>\n<p>El representante Zach Nunn, de Iowa, dijo: \u201cCreo que el presidente est\u00e1 intentando cuidar la asequibilidad de los alimentos\u2026 as\u00ed que lo aplaudo\u2026 pero hay que cuidar a la gente en casa.\u201d Afirm\u00f3 que los agricultores y ganaderos \u201cno deber\u00edan tener que sufrir.\u201d Nunn visitar\u00e1 la Casa Blanca para discutir la carne.<\/p>\n<p><strong>M\u00e1s de 50 legisladores del GOP env\u00edan una carta sobre la carne a Trump<\/strong><\/p>\n<p>El senador Jerry Moran, de Kansas, y el representante Adrian Smith, de Nebraska, se coordinaron con m\u00e1s de 50 colegas del GOP para enviar una carta a Trump el mi\u00e9rcoles inst\u00e1ndolo a ampliar los mercados para los productores de ganado y a priorizar pol\u00edticas que proporcionen estabilidad de mercado a largo plazo.<\/p>\n<p>\u201cLos mercados de la carne son c\u00edclicos, y los ganaderos aprovechan los repuntes para prepararse ante la ca\u00edda inevitable. Cualquier intervenci\u00f3n en el sistema natural, especialmente cuando los productores est\u00e1n tomando decisiones de mercadeo, amenaza con premiar a unos y perjudicar a otros y socava la viabilidad a largo plazo de las explotaciones ganaderas familiares a lo largo de toda la cadena de suministro,\u201d escribieron.<\/p>\n<p>La carta surge mientras la administraci\u00f3n enfrenta cr\u00edticas de los ganaderos por su decisi\u00f3n de permitir la entrada de hasta 300.000 toneladas m\u00e9tricas de carne de res importada sin aranceles durante 90 d\u00edas a partir del 1 de septiembre. La carne extranjera se vender\u00e1 a un 25% por debajo del precio de mercado. La carta no critica directamente a Trump por las importaciones de carne extranjera.<\/p>\n<p>\u201cLa certidumbre a largo plazo puede lograrse fomentando la demanda interna existente y continuando los esfuerzos para ampliar los mercados externos para los productos c\u00e1rnicos estadounidenses, aprovechando los acuerdos comerciales ya logrados,\u201d dijeron, agregando que el grupo est\u00e1 deseoso de trabajar con la administraci\u00f3n para proporcionar certidumbre a los ganaderos estadounidenses y entregar a los consumidores carne de res estadounidense segura, asequible y de alta calidad.<\/p>\n<p><strong>Thompson busca una exenci\u00f3n para seguir como l\u00edder republicano en la agricultura de la C\u00e1mara<\/strong><\/p>\n<p>El presidente de la Comisi\u00f3n de Agricultura de la C\u00e1mara, Glenn \u201cGT\u201d Thompson, de Pensilvania (R-PA), busca una exenci\u00f3n del Comit\u00e9 de Direcci\u00f3n del Partido para permanecer como l\u00edder republicano de la comisi\u00f3n durante el 120.\u00ba Congreso. Thompson alcanzar\u00e1 su l\u00edmite de seis a\u00f1os al final del 119.\u00ba Congreso.<\/p>\n<p>Thompson explic\u00f3 su enfoque como l\u00edder en la comisi\u00f3n de agricultura en la carta al comit\u00e9 de direcci\u00f3n, destacando que se enorgullece de ser accesible a los miembros y no reh\u00faye de un desaf\u00edo.<\/p>\n<p>Lee nuestra historia aqu\u00ed.<\/p>\n<p><strong>Se pronostica que la inflaci\u00f3n de alimentos disminuir\u00e1 en 2027, seg\u00fan FAPRI<\/strong><\/p>\n<p>Se espera que la inflaci\u00f3n de precios de alimentos al consumidor se incremente un 2,9% en 2026 para luego caer a un 2,2% en 2027, seg\u00fan la \u00faltima proyecci\u00f3n del U.S. Agricultural Market Outlook del Food and Agricultural Policy Research Institute (FAPRI).<\/p>\n<p>La proyecci\u00f3n de marzo de FAPRI indic\u00f3 que los precios de los alimentos subir\u00edan un 2,5% en 2026.<\/p>\n<p>\u201cPrecios elevados de la carne de res, las frutas y hortalizas, las bebidas no alcoh\u00f3licas y el az\u00facar y dulces siguen empujando la inflaci\u00f3n al alza en 2026,\u201d indica la proyecci\u00f3n publicada este mi\u00e9rcoles. \u201cSin embargo, la desaceleraci\u00f3n en el crecimiento de precios en la mayor\u00eda de las categor\u00edas y las continuas ca\u00eddas de los precios de los huevos contribuyen a reducir la inflaci\u00f3n de los alimentos en casa de 2,5% en 2026 a 1,4% en 2027, por debajo de la media a largo plazo.\u201d<\/p>\n<p>Alimentos en casa es otra forma de decir comida comprada en supermercados. FAPRI proyecta que el precio de la comida fuera de casa \u2014restaurantes y otros establecimientos\u2014 tambi\u00e9n disminuir\u00e1 en 2027, pero permanecer\u00e1 elevado en los pr\u00f3ximos a\u00f1os, \u201cprincipalmente debido a mayores costos laborales, seg\u00fan lo previsto por S&#038;P Global.\u201d<\/p>\n<p>En el periodo de proyecci\u00f3n, que se extiende hasta 2031, la comida fuera de casa se mantendr\u00e1 por encima del 3%, seg\u00fan el informe.<\/p>\n<p><strong>DOJ ampliar\u00e1 la investigaci\u00f3n sobre la carne a grandes cadenas<\/strong><\/p>\n<p>El Departamento de Justicia est\u00e1 ampliando su investigaci\u00f3n antimonopolio sobre el mercado de la carne en Estados Unidos a ocho grandes cadenas de supermercados.<\/p>\n<p>Seg\u00fan una publicaci\u00f3n en la plataforma X, el fiscal general adjunto Stanley Woodward Jr. envi\u00f3 cartas a Kroger, Publix, Walmart, Albertsons, Aldi, Ahold Delhaize USA, Costco y Amazon para obtener informaci\u00f3n sobre \u201clos recientes aumentos en el precio minorista de la carne.\u201d<\/p>\n<p>\u201cLos precios de la carne son una preocupaci\u00f3n cr\u00edtica para los estadounidenses y una prioridad para este Departamento de Justicia,\u201d dec\u00eda la publicaci\u00f3n.<\/p>\n<p><strong>Nota:<\/strong> El Fiscal General interino Todd Blanche confirm\u00f3 en mayo que la agencia tambi\u00e9n est\u00e1 investigando a las mayores procesadoras de carne del pa\u00eds por posibles violaciones antimonopolio. Lee m\u00e1s sobre eso aqu\u00ed.<\/p>\n<p><strong>Encuesta revela que dos tercios de los agricultores plantan cultivos de cobertura cada a\u00f1o<\/strong><\/p>\n<p>M\u00e1s de dos tercios de los agricultores reportaron ser usuarios repetidos de cultivos de cobertura en una encuesta del Conservation Technology Information Center (CTIC) publicada el mi\u00e9rcoles.<\/p>\n<p>Seg\u00fan los resultados, el 68% de los encuestados dijo usar cultivos de cobertura todos los a\u00f1os. La encuesta incluy\u00f3 a un total de 657 agricultores en 46 estados y Puerto Rico.<\/p>\n<p>Mientras tanto, el 16,4% solo inform\u00f3 utilizarlos en algunos a\u00f1os. El 8% que hab\u00eda probado previamente los cultivos de cobertura dej\u00f3 de utilizarlos, seg\u00fan los resultados, mientras que el 7,7% dijo que nunca los ha utilizado.<\/p>\n<p><strong>Recordatorio:<\/strong> En los resultados de otra encuesta publicada por el USDA el a\u00f1o pasado, m\u00e1s de la mitad de todos los encuestados que plantaron cultivos de cobertura en un a\u00f1o censal dijeron haber dejado de plantarlos para la siguiente encuesta.<\/p>\n<p><strong>Otros hallazgos:<\/strong> En la encuesta del CTIC, alrededor del 43,7% de 439 usuarios de cultivos de cobertura dijo que no recibi\u00f3 pagos de programas de incentivos en 2025, mientras que otro 22,8% inform\u00f3 haber recibido pagos financiados por el estado. Otro 18,9% particip\u00f3 en el Conservation Stewardship Program del USDA, mientras que el 13,9% particip\u00f3 en el Environmental Quality Incentives Program.<\/p>\n<p><strong>Palabra final<\/strong><\/p>\n<p>\u201cNo creo que este tema sea partidista. No queremos llevar al pa\u00eds a nuevos casos de c\u00e1ncer diagnosticado. No queremos que Estados Unidos tenga la tasa de obesidad que tenemos entre nuestros j\u00f3venes. Esas son estad\u00edsticas que, creo, podemos cambiar, todos juntos. No quiero parecer excesivamente optimista, pero realmente creo que este es un tema para la comunidad agroalimentaria, para la salud, para suburbios, urbanos o rurales.\u201d \u2014 Jeff Kauffman, l\u00edder del Partido Republicano de Iowa, sobre el creciente inter\u00e9s de los candidatos pol\u00edticos de Iowa en cuestiones de salud, como las elevadas tasas de c\u00e1ncer del estado, que han suscitado debates sobre las exposiciones a nitratos en el agua potable.<\/p>\n<p><em>Noah Wicks tambi\u00e9n contribuy\u00f3 al Daybreak de hoy.<\/em><\/p>\n<\/div>\n","protected":false},"excerpt":{"rendered":"","protected":false},"author":1,"featured_media":1600,"comment_status":"closed","ping_status":"closed","sticky":false,"template":"","format":"standard","meta":{"footnotes":""},"categories":[1],"class_list":["post-1599","post","type-post","status-publish","format-standard","has-post-thumbnail","hentry","category-actualidad","generate-columns","tablet-grid-50","mobile-grid-100","grid-parent","grid-50"],"yoast_head":"<!-- This site is optimized with the Yoast SEO plugin v27.0 - https:\/\/yoast.com\/product\/yoast-seo-wordpress\/ -->\n<title>Amanecer del 3 de septiembre: Agri-Pulse Communications, Inc. - ARG-AGRO Semilleria Venta de Semillas e Insumos para el Agro<\/title>\n<meta name=\"robots\" content=\"index, follow, max-snippet:-1, max-image-preview:large, max-video-preview:-1\" \/>\n<link rel=\"canonical\" href=\"https:\/\/arg-agro.com.ar\/actualidad\/amanecer-del-3-de-septiembre-agri-pulse-communications-inc\/\" \/>\n<meta property=\"og:locale\" content=\"es_ES\" \/>\n<meta property=\"og:type\" content=\"article\" \/>\n<meta property=\"og:title\" content=\"Amanecer del 3 de septiembre: Agri-Pulse Communications, Inc. - ARG-AGRO Semilleria Venta de Semillas e Insumos para el Agro\" \/>\n<meta property=\"og:url\" content=\"https:\/\/arg-agro.com.ar\/actualidad\/amanecer-del-3-de-septiembre-agri-pulse-communications-inc\/\" \/>\n<meta property=\"og:site_name\" content=\"ARG-AGRO Semilleria Venta de Semillas e Insumos para el Agro\" \/>\n<meta property=\"article:published_time\" content=\"2026-09-03T18:32:34+00:00\" \/>\n<meta property=\"article:modified_time\" content=\"2026-09-03T18:32:35+00:00\" \/>\n<meta property=\"og:image\" content=\"https:\/\/arg-agro.com.ar\/actualidad\/wp-content\/uploads\/2026\/09\/Amanecer-del-3-de-septiembre-Agri-Pulse-Communications-Inc.jpg\" \/>\n\t<meta property=\"og:image:width\" content=\"836\" \/>\n\t<meta property=\"og:image:height\" content=\"627\" \/>\n\t<meta property=\"og:image:type\" content=\"image\/jpeg\" \/>\n<meta name=\"author\" content=\"Tom\u00e1s Echeverr\u00eda\" \/>\n<meta name=\"twitter:card\" content=\"summary_large_image\" \/>\n<meta name=\"twitter:label1\" content=\"Escrito por\" \/>\n\t<meta name=\"twitter:data1\" content=\"Tom\u00e1s Echeverr\u00eda\" \/>\n\t<meta name=\"twitter:label2\" content=\"Tiempo de lectura\" \/>\n\t<meta name=\"twitter:data2\" content=\"7 minutos\" \/>\n<script type=\"application\/ld+json\" class=\"yoast-schema-graph\">{\"@context\":\"https:\/\/schema.org\",\"@graph\":[{\"@type\":\"NewsArticle\",\"@id\":\"https:\/\/arg-agro.com.ar\/actualidad\/amanecer-del-3-de-septiembre-agri-pulse-communications-inc\/#article\",\"isPartOf\":{\"@id\":\"https:\/\/arg-agro.com.ar\/actualidad\/amanecer-del-3-de-septiembre-agri-pulse-communications-inc\/\"},\"author\":{\"name\":\"Tom\u00e1s Echeverr\u00eda\",\"@id\":\"https:\/\/arg-agro.com.ar\/actualidad\/#\/schema\/person\/6f778d1f6f2c0c1b373aeda7620b7ce3\"},\"headline\":\"Amanecer del 3 de septiembre: Agri-Pulse Communications, Inc.\",\"datePublished\":\"2026-09-03T18:32:34+00:00\",\"dateModified\":\"2026-09-03T18:32:35+00:00\",\"mainEntityOfPage\":{\"@id\":\"https:\/\/arg-agro.com.ar\/actualidad\/amanecer-del-3-de-septiembre-agri-pulse-communications-inc\/\"},\"wordCount\":1507,\"publisher\":{\"@id\":\"https:\/\/arg-agro.com.ar\/actualidad\/#organization\"},\"image\":{\"@id\":\"https:\/\/arg-agro.com.ar\/actualidad\/amanecer-del-3-de-septiembre-agri-pulse-communications-inc\/#primaryimage\"},\"thumbnailUrl\":\"https:\/\/arg-agro.com.ar\/actualidad\/wp-content\/uploads\/2026\/09\/Amanecer-del-3-de-septiembre-Agri-Pulse-Communications-Inc.jpg\",\"keywords\":[\"AgriPulse\",\"Amanecer\",\"Communications\",\"del\",\"septiembre\"],\"articleSection\":[\"Actualidad\"],\"inLanguage\":\"es\"},{\"@type\":\"WebPage\",\"@id\":\"https:\/\/arg-agro.com.ar\/actualidad\/amanecer-del-3-de-septiembre-agri-pulse-communications-inc\/\",\"url\":\"https:\/\/arg-agro.com.ar\/actualidad\/amanecer-del-3-de-septiembre-agri-pulse-communications-inc\/\",\"name\":\"Amanecer del 3 de septiembre: Agri-Pulse Communications, Inc. - ARG-AGRO Semilleria Venta de Semillas e Insumos para el Agro\",\"isPartOf\":{\"@id\":\"https:\/\/arg-agro.com.ar\/actualidad\/#website\"},\"primaryImageOfPage\":{\"@id\":\"https:\/\/arg-agro.com.ar\/actualidad\/amanecer-del-3-de-septiembre-agri-pulse-communications-inc\/#primaryimage\"},\"image\":{\"@id\":\"https:\/\/arg-agro.com.ar\/actualidad\/amanecer-del-3-de-septiembre-agri-pulse-communications-inc\/#primaryimage\"},\"thumbnailUrl\":\"https:\/\/arg-agro.com.ar\/actualidad\/wp-content\/uploads\/2026\/09\/Amanecer-del-3-de-septiembre-Agri-Pulse-Communications-Inc.jpg\",\"datePublished\":\"2026-09-03T18:32:34+00:00\",\"dateModified\":\"2026-09-03T18:32:35+00:00\",\"breadcrumb\":{\"@id\":\"https:\/\/arg-agro.com.ar\/actualidad\/amanecer-del-3-de-septiembre-agri-pulse-communications-inc\/#breadcrumb\"},\"inLanguage\":\"es\",\"potentialAction\":[{\"@type\":\"ReadAction\",\"target\":[\"https:\/\/arg-agro.com.ar\/actualidad\/amanecer-del-3-de-septiembre-agri-pulse-communications-inc\/\"]}]},{\"@type\":\"ImageObject\",\"inLanguage\":\"es\",\"@id\":\"https:\/\/arg-agro.com.ar\/actualidad\/amanecer-del-3-de-septiembre-agri-pulse-communications-inc\/#primaryimage\",\"url\":\"https:\/\/arg-agro.com.ar\/actualidad\/wp-content\/uploads\/2026\/09\/Amanecer-del-3-de-septiembre-Agri-Pulse-Communications-Inc.jpg\",\"contentUrl\":\"https:\/\/arg-agro.com.ar\/actualidad\/wp-content\/uploads\/2026\/09\/Amanecer-del-3-de-septiembre-Agri-Pulse-Communications-Inc.jpg\",\"width\":836,\"height\":627},{\"@type\":\"BreadcrumbList\",\"@id\":\"https:\/\/arg-agro.com.ar\/actualidad\/amanecer-del-3-de-septiembre-agri-pulse-communications-inc\/#breadcrumb\",\"itemListElement\":[{\"@type\":\"ListItem\",\"position\":1,\"name\":\"Arg-Agro\",\"item\":\"https:\/\/arg-agro.com.ar\/actualidad\/\"},{\"@type\":\"ListItem\",\"position\":2,\"name\":\"Amanecer del 3 de septiembre: Agri-Pulse Communications, Inc.\"}]},{\"@type\":\"WebSite\",\"@id\":\"https:\/\/arg-agro.com.ar\/actualidad\/#website\",\"url\":\"https:\/\/arg-agro.com.ar\/actualidad\/\",\"name\":\"ARG-AGRO Semilleria Venta de Semillas e Insumos para el Agro\",\"description\":\"\",\"publisher\":{\"@id\":\"https:\/\/arg-agro.com.ar\/actualidad\/#organization\"},\"potentialAction\":[{\"@type\":\"SearchAction\",\"target\":{\"@type\":\"EntryPoint\",\"urlTemplate\":\"https:\/\/arg-agro.com.ar\/actualidad\/?s={search_term_string}\"},\"query-input\":{\"@type\":\"PropertyValueSpecification\",\"valueRequired\":true,\"valueName\":\"search_term_string\"}}],\"inLanguage\":\"es\"},{\"@type\":\"Organization\",\"@id\":\"https:\/\/arg-agro.com.ar\/actualidad\/#organization\",\"name\":\"ARG-AGRO Semilleria Venta de Semillas e Insumos para el Agro\",\"url\":\"https:\/\/arg-agro.com.ar\/actualidad\/\",\"logo\":{\"@type\":\"ImageObject\",\"inLanguage\":\"es\",\"@id\":\"https:\/\/arg-agro.com.ar\/actualidad\/#\/schema\/logo\/image\/\",\"url\":\"https:\/\/arg-agro.com.ar\/actualidad\/wp-content\/uploads\/2026\/03\/store_logo.png\",\"contentUrl\":\"https:\/\/arg-agro.com.ar\/actualidad\/wp-content\/uploads\/2026\/03\/store_logo.png\",\"width\":270,\"height\":90,\"caption\":\"ARG-AGRO Semilleria Venta de Semillas e Insumos para el Agro\"},\"image\":{\"@id\":\"https:\/\/arg-agro.com.ar\/actualidad\/#\/schema\/logo\/image\/\"}},{\"@type\":\"Person\",\"@id\":\"https:\/\/arg-agro.com.ar\/actualidad\/#\/schema\/person\/6f778d1f6f2c0c1b373aeda7620b7ce3\",\"name\":\"Tom\u00e1s Echeverr\u00eda\",\"image\":{\"@type\":\"ImageObject\",\"inLanguage\":\"es\",\"@id\":\"https:\/\/arg-agro.com.ar\/actualidad\/#\/schema\/person\/image\/\",\"url\":\"https:\/\/arg-agro.com.ar\/actualidad\/wp-content\/uploads\/2026\/03\/Tomas-Echeverria-150x150.jpg\",\"contentUrl\":\"https:\/\/arg-agro.com.ar\/actualidad\/wp-content\/uploads\/2026\/03\/Tomas-Echeverria-150x150.jpg\",\"caption\":\"Tom\u00e1s Echeverr\u00eda\"},\"description\":\"Tom\u00e1s Echeverr\u00eda es especialista en agricultura y manejo sostenible de suelos, con experiencia en sistemas productivos de Argentina. Investiga la optimizaci\u00f3n del riego, la nutrici\u00f3n de cultivos y la adopci\u00f3n de tecnolog\u00edas de agricultura de precisi\u00f3n para mejorar rendimientos. En Arg-Agro, divulga pr\u00e1cticas basadas en evidencia para una producci\u00f3n eficiente y resiliente.\",\"sameAs\":[\"https:\/\/arg-agro.com.ar\/\"]}]}<\/script>\n<!-- \/ Yoast SEO plugin. -->","yoast_head_json":{"title":"Amanecer del 3 de septiembre: Agri-Pulse Communications, Inc. - ARG-AGRO Semilleria Venta de Semillas e Insumos para el Agro","robots":{"index":"index","follow":"follow","max-snippet":"max-snippet:-1","max-image-preview":"max-image-preview:large","max-video-preview":"max-video-preview:-1"},"canonical":"https:\/\/arg-agro.com.ar\/actualidad\/amanecer-del-3-de-septiembre-agri-pulse-communications-inc\/","og_locale":"es_ES","og_type":"article","og_title":"Amanecer del 3 de septiembre: Agri-Pulse Communications, Inc. - ARG-AGRO Semilleria Venta de Semillas e Insumos para el Agro","og_url":"https:\/\/arg-agro.com.ar\/actualidad\/amanecer-del-3-de-septiembre-agri-pulse-communications-inc\/","og_site_name":"ARG-AGRO Semilleria Venta de Semillas e Insumos para el Agro","article_published_time":"2026-09-03T18:32:34+00:00","article_modified_time":"2026-09-03T18:32:35+00:00","og_image":[{"width":836,"height":627,"url":"https:\/\/arg-agro.com.ar\/actualidad\/wp-content\/uploads\/2026\/09\/Amanecer-del-3-de-septiembre-Agri-Pulse-Communications-Inc.jpg","type":"image\/jpeg"}],"author":"Tom\u00e1s Echeverr\u00eda","twitter_card":"summary_large_image","twitter_misc":{"Escrito por":"Tom\u00e1s Echeverr\u00eda","Tiempo de lectura":"7 minutos"},"schema":{"@context":"https:\/\/schema.org","@graph":[{"@type":"NewsArticle","@id":"https:\/\/arg-agro.com.ar\/actualidad\/amanecer-del-3-de-septiembre-agri-pulse-communications-inc\/#article","isPartOf":{"@id":"https:\/\/arg-agro.com.ar\/actualidad\/amanecer-del-3-de-septiembre-agri-pulse-communications-inc\/"},"author":{"name":"Tom\u00e1s Echeverr\u00eda","@id":"https:\/\/arg-agro.com.ar\/actualidad\/#\/schema\/person\/6f778d1f6f2c0c1b373aeda7620b7ce3"},"headline":"Amanecer del 3 de septiembre: Agri-Pulse Communications, Inc.","datePublished":"2026-09-03T18:32:34+00:00","dateModified":"2026-09-03T18:32:35+00:00","mainEntityOfPage":{"@id":"https:\/\/arg-agro.com.ar\/actualidad\/amanecer-del-3-de-septiembre-agri-pulse-communications-inc\/"},"wordCount":1507,"publisher":{"@id":"https:\/\/arg-agro.com.ar\/actualidad\/#organization"},"image":{"@id":"https:\/\/arg-agro.com.ar\/actualidad\/amanecer-del-3-de-septiembre-agri-pulse-communications-inc\/#primaryimage"},"thumbnailUrl":"https:\/\/arg-agro.com.ar\/actualidad\/wp-content\/uploads\/2026\/09\/Amanecer-del-3-de-septiembre-Agri-Pulse-Communications-Inc.jpg","keywords":["AgriPulse","Amanecer","Communications","del","septiembre"],"articleSection":["Actualidad"],"inLanguage":"es"},{"@type":"WebPage","@id":"https:\/\/arg-agro.com.ar\/actualidad\/amanecer-del-3-de-septiembre-agri-pulse-communications-inc\/","url":"https:\/\/arg-agro.com.ar\/actualidad\/amanecer-del-3-de-septiembre-agri-pulse-communications-inc\/","name":"Amanecer del 3 de septiembre: Agri-Pulse Communications, Inc. - ARG-AGRO Semilleria Venta de Semillas e Insumos para el Agro","isPartOf":{"@id":"https:\/\/arg-agro.com.ar\/actualidad\/#website"},"primaryImageOfPage":{"@id":"https:\/\/arg-agro.com.ar\/actualidad\/amanecer-del-3-de-septiembre-agri-pulse-communications-inc\/#primaryimage"},"image":{"@id":"https:\/\/arg-agro.com.ar\/actualidad\/amanecer-del-3-de-septiembre-agri-pulse-communications-inc\/#primaryimage"},"thumbnailUrl":"https:\/\/arg-agro.com.ar\/actualidad\/wp-content\/uploads\/2026\/09\/Amanecer-del-3-de-septiembre-Agri-Pulse-Communications-Inc.jpg","datePublished":"2026-09-03T18:32:34+00:00","dateModified":"2026-09-03T18:32:35+00:00","breadcrumb":{"@id":"https:\/\/arg-agro.com.ar\/actualidad\/amanecer-del-3-de-septiembre-agri-pulse-communications-inc\/#breadcrumb"},"inLanguage":"es","potentialAction":[{"@type":"ReadAction","target":["https:\/\/arg-agro.com.ar\/actualidad\/amanecer-del-3-de-septiembre-agri-pulse-communications-inc\/"]}]},{"@type":"ImageObject","inLanguage":"es","@id":"https:\/\/arg-agro.com.ar\/actualidad\/amanecer-del-3-de-septiembre-agri-pulse-communications-inc\/#primaryimage","url":"https:\/\/arg-agro.com.ar\/actualidad\/wp-content\/uploads\/2026\/09\/Amanecer-del-3-de-septiembre-Agri-Pulse-Communications-Inc.jpg","contentUrl":"https:\/\/arg-agro.com.ar\/actualidad\/wp-content\/uploads\/2026\/09\/Amanecer-del-3-de-septiembre-Agri-Pulse-Communications-Inc.jpg","width":836,"height":627},{"@type":"BreadcrumbList","@id":"https:\/\/arg-agro.com.ar\/actualidad\/amanecer-del-3-de-septiembre-agri-pulse-communications-inc\/#breadcrumb","itemListElement":[{"@type":"ListItem","position":1,"name":"Arg-Agro","item":"https:\/\/arg-agro.com.ar\/actualidad\/"},{"@type":"ListItem","position":2,"name":"Amanecer del 3 de septiembre: Agri-Pulse Communications, Inc."}]},{"@type":"WebSite","@id":"https:\/\/arg-agro.com.ar\/actualidad\/#website","url":"https:\/\/arg-agro.com.ar\/actualidad\/","name":"ARG-AGRO Semilleria Venta de Semillas e Insumos para el Agro","description":"","publisher":{"@id":"https:\/\/arg-agro.com.ar\/actualidad\/#organization"},"potentialAction":[{"@type":"SearchAction","target":{"@type":"EntryPoint","urlTemplate":"https:\/\/arg-agro.com.ar\/actualidad\/?s={search_term_string}"},"query-input":{"@type":"PropertyValueSpecification","valueRequired":true,"valueName":"search_term_string"}}],"inLanguage":"es"},{"@type":"Organization","@id":"https:\/\/arg-agro.com.ar\/actualidad\/#organization","name":"ARG-AGRO Semilleria Venta de Semillas e Insumos para el Agro","url":"https:\/\/arg-agro.com.ar\/actualidad\/","logo":{"@type":"ImageObject","inLanguage":"es","@id":"https:\/\/arg-agro.com.ar\/actualidad\/#\/schema\/logo\/image\/","url":"https:\/\/arg-agro.com.ar\/actualidad\/wp-content\/uploads\/2026\/03\/store_logo.png","contentUrl":"https:\/\/arg-agro.com.ar\/actualidad\/wp-content\/uploads\/2026\/03\/store_logo.png","width":270,"height":90,"caption":"ARG-AGRO Semilleria Venta de Semillas e Insumos para el Agro"},"image":{"@id":"https:\/\/arg-agro.com.ar\/actualidad\/#\/schema\/logo\/image\/"}},{"@type":"Person","@id":"https:\/\/arg-agro.com.ar\/actualidad\/#\/schema\/person\/6f778d1f6f2c0c1b373aeda7620b7ce3","name":"Tom\u00e1s Echeverr\u00eda","image":{"@type":"ImageObject","inLanguage":"es","@id":"https:\/\/arg-agro.com.ar\/actualidad\/#\/schema\/person\/image\/","url":"https:\/\/arg-agro.com.ar\/actualidad\/wp-content\/uploads\/2026\/03\/Tomas-Echeverria-150x150.jpg","contentUrl":"https:\/\/arg-agro.com.ar\/actualidad\/wp-content\/uploads\/2026\/03\/Tomas-Echeverria-150x150.jpg","caption":"Tom\u00e1s Echeverr\u00eda"},"description":"Tom\u00e1s Echeverr\u00eda es especialista en agricultura y manejo sostenible de suelos, con experiencia en sistemas productivos de Argentina. Investiga la optimizaci\u00f3n del riego, la nutrici\u00f3n de cultivos y la adopci\u00f3n de tecnolog\u00edas de agricultura de precisi\u00f3n para mejorar rendimientos. En Arg-Agro, divulga pr\u00e1cticas basadas en evidencia para una producci\u00f3n eficiente y resiliente.","sameAs":["https:\/\/arg-agro.com.ar\/"]}]}},"_links":{"self":[{"href":"https:\/\/arg-agro.com.ar\/actualidad\/wp-json\/wp\/v2\/posts\/1599","targetHints":{"allow":["GET"]}}],"collection":[{"href":"https:\/\/arg-agro.com.ar\/actualidad\/wp-json\/wp\/v2\/posts"}],"about":[{"href":"https:\/\/arg-agro.com.ar\/actualidad\/wp-json\/wp\/v2\/types\/post"}],"author":[{"embeddable":true,"href":"https:\/\/arg-agro.com.ar\/actualidad\/wp-json\/wp\/v2\/users\/1"}],"replies":[{"embeddable":true,"href":"https:\/\/arg-agro.com.ar\/actualidad\/wp-json\/wp\/v2\/comments?post=1599"}],"version-history":[{"count":1,"href":"https:\/\/arg-agro.com.ar\/actualidad\/wp-json\/wp\/v2\/posts\/1599\/revisions"}],"predecessor-version":[{"id":1601,"href":"https:\/\/arg-agro.com.ar\/actualidad\/wp-json\/wp\/v2\/posts\/1599\/revisions\/1601"}],"wp:featuredmedia":[{"embeddable":true,"href":"https:\/\/arg-agro.com.ar\/actualidad\/wp-json\/wp\/v2\/media\/1600"}],"wp:attachment":[{"href":"https:\/\/arg-agro.com.ar\/actualidad\/wp-json\/wp\/v2\/media?parent=1599"}],"wp:term":[{"taxonomy":"category","embeddable":true,"href":"https:\/\/arg-agro.com.ar\/actualidad\/wp-json\/wp\/v2\/categories?post=1599"}],"curies":[{"name":"wp","href":"https:\/\/api.w.org\/{rel}","templated":true}]}}