{"id":1597,"date":"2026-09-03T13:25:44","date_gmt":"2026-09-03T16:25:44","guid":{"rendered":"https:\/\/arg-agro.com.ar\/actualidad\/trabajadores-agricolas-del-oeste-powell-sera-presidente-y-ceo-de-western-agcredit-sarah-keiser-nombrada-directora-regional-de-california-reeder-y-zgombic-se-retiraran\/"},"modified":"2026-09-03T13:25:45","modified_gmt":"2026-09-03T16:25:45","slug":"trabajadores-agricolas-del-oeste-powell-sera-presidente-y-ceo-de-western-agcredit-sarah-keiser-nombrada-directora-regional-de-california-reeder-y-zgombic-se-retiraran","status":"publish","type":"post","link":"https:\/\/arg-agro.com.ar\/actualidad\/trabajadores-agricolas-del-oeste-powell-sera-presidente-y-ceo-de-western-agcredit-sarah-keiser-nombrada-directora-regional-de-california-reeder-y-zgombic-se-retiraran\/","title":{"rendered":"Trabajadores agr\u00edcolas del Oeste: Powell ser\u00e1 presidente y CEO de Western AgCredit; Sarah Keiser nombrada directora regional de California; Reeder y Zgombic se retirar\u00e1n"},"content":{"rendered":"<div>\n<p><span style=\"font-weight:400;font-style:normal;\"><strong>Tony Powell <\/strong>ha sido nombrado presidente y director ejecutivo de Western AgCredit. Lleva m\u00e1s de 23 a\u00f1os en la empresa y actualmente es el director de cr\u00e9dito, un cargo que ha ocupado durante casi 12 a\u00f1os. Empezar\u00e1 como presidente y director ejecutivo el 1 de octubre.<\/span><\/p>\n<p><span style=\"font-weight:400;font-style:normal;\">The American Farmland Trust ha nombrado a <strong>Sarah Keiser<\/strong> como directora regional de California. Ella ocupaba previamente el cargo de gerente s\u00e9nior de subvenciones en Conservation Works, y sirve como co-directora de la junta de la California Alliance for Family Farmers.<\/span><\/p>\n<p><span style=\"font-weight:400;font-style:normal;\">El director legislativo del senador estatal Shannon Grove, <strong>Mark Reeder<\/strong>, y la asistente administrativa y de programaci\u00f3n <strong>Alicia Zgombic<\/strong> se retirar\u00e1n a finales de este a\u00f1o.<\/span><\/p>\n<p><span style=\"font-weight:400;font-style:normal;\"><span class=\"fr-img-caption\" style=\"width: 200px; margin: 0px 0px 0px 10px; display: inline-block; vertical-align: bottom; max-width: calc(100% - 5px); text-align: right; float: right;\"><span class=\"fr-img-wrap\" style=\"text-align: left;\"><span class=\"fr-inner\" style=\"text-align: left;\">Tony Powell (foto de LinkedIn)<\/span><\/span><\/span>Tim Gannon, l\u2019ancien conseiller principal de l\u2019ancien secr\u00e9taire \u00e0 l\u2019Agriculture Tom Vilsack, rejoint Invariant en tant que principal. Gannon a \u00e9galement \u00e9t\u00e9 chef de cabinet pour la production agricole et la conservation au USDA.<\/span><\/p>\n<p><span style=\"font-weight:400;font-style:normal;\"><strong>Tim Gannon<\/strong>, l\u2019ancien conseiller principal de l\u2019ancien secr\u00e9taire \u00e0 l\u2019Agriculture Tom Vilsack, est joining Invariant en tant que associ\u00e9 principal. Gannon a aussi occup\u00e9 le poste de chef de cabinet pour la production et la conservation agricoles \u00e0 l\u2019USDA.<\/span><\/p>\n<p><span style=\"font-weight:400;font-style:normal;\"><strong>Silke Boger<\/strong> quitte son poste de conseill\u00e8re de l\u2019Union europ\u00e9enne pour l\u2019agriculture. \u00c0 compter du 1er septembre, elle travaillera sur les politiques d\u2019acc\u00e8s au march\u00e9 et de promotion des produits agricoles.<\/span><\/p>\n<p><span style=\"font-weight:400;font-style:normal;\"><span style=\"font-weight:400;font-style:normal;\">La <strong>American Soybean Association<\/strong> a nomm\u00e9 <strong>David Johanson<\/strong> comme conseiller commercial. Il est l\u2019ancien pr\u00e9sident et commissaire de la Commission du commerce international des \u00c9tats-Unis. Il a \u00e9galement travaill\u00e9 pour le Comit\u00e9 s\u00e9natorial des finances.<\/span><\/span><\/p>\n<p><span style=\"font-weight:400;font-style:normal;\"><strong>Thorsten Schwindt<\/strong> a rejoint Corteva Agriscience au poste de vice-pr\u00e9sident du contr\u00f4le des mauvaises herbes. Il avait auparavant travaill\u00e9 pour Bayer Crop Science pendant plus de 21 ans, plus r\u00e9cemment comme <span class=\"fr-img-caption\" style=\"width: 200px; margin: 0px 10px 0px 0px; display: inline-block; vertical-align: bottom; max-width: calc(100% - 5px); text-align: left; float: left;\"><span class=\"fr-img-wrap\" style=\"text-align: left;\"><img decoding=\"async\" src=\"https:\/\/arg-agro.com.ar\/actualidad\/wp-content\/uploads\/2026\/09\/Trabajadores-agricolas-en-Potomac-Hearden-contratado-como-editor-del-Oeste.jpeg\" style=\"display: block; vertical-align: top; margin: 5px auto 5px 0px; text-align: left; width: 200px; float: none;\" data-uuid=\"YTAtOTE3NjM=\" align=\"left\"\/><span class=\"fr-inner\" style=\"text-align: left;\">Tim Gannon (foto de LinkedIn)<\/span><\/span><\/span>vice-pr\u00e9sident des op\u00e9rations commerciales des semences potag\u00e8res pour les Am\u00e9riques et Pacifique.<\/span><\/p>\n<p><span style=\"font-weight:400;font-style:normal;\"><strong>Connor Hamburg<\/strong> a quitt\u00e9 Nutrien. Il \u00e9tait plus r\u00e9cemment le responsable principal des affaires gouvernementales et industrielles. Il a \u00e9galement occup\u00e9 des postes \u00e0 la Renewable Fuels Association, \u00e0 la National Corn Growers Association et \u00e0 la Chambre des repr\u00e9sentants. Il n\u2019a pas encore annonc\u00e9 son prochain r\u00f4le.<\/span><\/p>\n<p><b style=\"font-weight: 700; font-weight: 700;\"><strong>Molly Phillips Fogarty<\/strong><\/b> a \u00e9t\u00e9 embauch\u00e9e comme associ\u00e9e au Brunswick Group. Elle travaillait auparavant chez Nestl\u00e9 pendant pr\u00e8s de 23 ans, principalement en tant que responsable des affaires corporatives et de la durabilit\u00e9. Elle a \u00e9galement travaill\u00e9 pour l\u2019ancienne Premi\u00e8re Dame Laura Bush, le Senate Agriculture Committee et l\u2019USDA.<\/p>\n<p><span style=\"font-weight:400;font-style:normal;\">Le <strong>U.S. Dairy Export Council<\/strong> a engag\u00e9 <b style=\"font-weight: 700; font-weight: 700;\">Jamie Tiralla<\/b> comme directrice principale des Membres et des communications et relations avec l\u2019industrie. Elle a quitt\u00e9 l\u2019American Forest and Paper Association, o\u00f9 elle occupait r\u00e9cemment le poste de directrice principale des communications strat\u00e9giques.<\/span><\/p>\n<p><span style=\"font-weight:400;font-style:normal;\"><strong>Jeff Dwyer<\/strong> a rejoint le bureau de Washington de la Renewable Fuels Association en tant que directeur de la politique mondiale et des affaires r\u00e9glementaires. Avant de rejoindre la RFA, Dwyer a pass\u00e9 huit ans au USDA, occupant r\u00e9cemment le poste de conseiller principal du sous-secr\u00e9taire charg\u00e9 des affaires commerciales et agricoles \u00e9trang\u00e8res.<\/span><\/p>\n<p><span style=\"font-weight:400;font-style:normal;\">John Deere a promu <strong>Kanlaya Barr<\/strong> au poste de directrice des finances internationales et de la gestion de tr\u00e9sorerie. Elle est avec l\u2019entreprise depuis 15 ans, passant du poste d\u2019analyste de pr\u00e9visions \u00e0 celui de directrice de l\u2019\u00e9conomie d\u2019entreprise. <strong>Darius Lane<\/strong> est d\u00e9sormais responsable des relations avec l\u2019industrie chez John Deere. Il est avec l\u2019entreprise depuis pr\u00e8s de 20 ans.<\/span><\/p>\n<p><span style=\"font-weight:400;font-style:normal;\">Le <strong>National 4-H Council<\/strong> a nomm\u00e9 <strong>Amy Starnes<\/strong> \u00e0 la fonction de directrice de l\u2019innovation et <strong>John Amaya<\/strong> \u00e0 celle de directeur financier. Amaya a travaill\u00e9 pour Dole Food Company et Walmart. Starnes poss\u00e8de une formation en technologie des soins de sant\u00e9 et a r\u00e9cemment travaill\u00e9 pour Best Friends Animal Society.<\/span><\/p>\n<p><span style=\"font-weight:400;font-style:normal;\">Feeding America a annonc\u00e9 deux nouveaux postes, tous deux effectifs \u00e0 partir du 1er septembre : <strong>Laura Juergens<\/strong> est la directrice des ressources humaines et <strong>Lisa Mann<\/strong> est la directrice du d\u00e9veloppement. Juergens est chez Feeding America depuis 2014 et occupe actuellement le poste de vice-pr\u00e9sidente principale des op\u00e9rations des ressources humaines. Mann est chez Feeding America depuis janvier et a auparavant travaill\u00e9 \u00e0 la Cleveland Clinic.<\/span><\/p>\n<p><span style=\"font-weight:400;font-style:normal;\">La <strong>National Rural Electric Cooperative Association<\/strong> a nomm\u00e9 <strong>Dwight Miller<\/strong> au poste de directeur des programmes de s\u00e9curit\u00e9, \u00e0 compter du 8 septembre. Il a auparavant pass\u00e9 pr\u00e8s de 13 ans au sein des Electric Cooperatives de l\u2019Ohio en tant que directeur de la s\u00e9curit\u00e9 et du contr\u00f4le des pertes.<\/span><\/p>\n<p><span style=\"font-weight:400;font-style:normal;\"><strong>John Raines<\/strong> a \u00e9t\u00e9 ajout\u00e9 au conseil d\u2019administration de Sabanto. Il \u00e9tait r\u00e9cemment le pr\u00e9sident de TELUS Digital Agriculture and Consumer Goods et a \u00e9galement occup\u00e9 des postes \u00e0 The Climate Corporation et chez Monsanto.<\/span><\/p>\n<p><span style=\"font-weight:400;font-style:normal;\"><strong>Walt Mullon<\/strong> a \u00e9t\u00e9 embauch\u00e9 par l\u2019Association nationale des restaurants en tant que directeur de la politique technologique et de l\u2019innovation. Il travaillait auparavant pour Kyndryl en tant que responsable principal des affaires gouvernementales am\u00e9ricaines.<\/span><\/p>\n<p><span style=\"font-weight:400;font-style:normal;\"><strong>Emma Kuhns Shaffer<\/strong> int\u00e8grera Faegre Drinker apr\u00e8s avoir termin\u00e9 ses \u00e9tudes de droit et l\u2019examen du barreau. Elle est actuellement stagiaire associ\u00e9e de 2e ann\u00e9e dans la soci\u00e9t\u00e9 et a \u00e9galement occup\u00e9 un poste de juriste stagiaire \u00e0 l\u2019Illinois Farm Bureau et un poste de chercheuse associ\u00e9e au National Agricultural Law Center. Son dipl\u00f4me est pr\u00e9vu en mai 2027.<\/span><\/p>\n<p><span style=\"font-weight:400;font-style:normal;\">Dairy Farmers of America a embauch\u00e9 <strong>Ashley Novotnak<\/strong> comme coordinatrice des syst\u00e8mes d\u2019entretien. Elle \u00e9tait propri\u00e9taire de Guided Way Solutions et a travaill\u00e9 chez Bimbo Bakeries USA.<\/span><\/p>\n<p><span style=\"font-weight:400;font-style:normal;\"><strong>Campbell Bednar<\/strong> a \u00e9t\u00e9 asserment\u00e9e en tant que fellow dans rural business-cooperative services du Rural Development de l\u2019USDA. Elle est actuellement \u00e9tudiante en master en agribusiness et politique agricole \u00e0 Texas Tech.<\/span><\/p>\n<p><span style=\"font-weight:400;font-style:normal;\"><strong>Chuck Spencer<\/strong>, directeur ex\u00e9cutif des relations d\u2019entreprise et gouvernementales chez GROWMARK, prend sa retraite. Il est chez GROWMARK depuis 2009 et a auparavant travaill\u00e9 pour l\u2019Illinois Farm Bureau.<\/span><\/p>\n<div class=\"fr-img-space-wrap\"><span class=\"fr-img-caption\" style=\"width: 200px; margin: 0px 0px 0px 10px; display: inline-block; vertical-align: bottom; float: right; max-width: calc(100% - 5px); text-align: right;\"><span class=\"fr-img-wrap\" style=\"text-align: left;\"><img decoding=\"async\" src=\"https:\/\/arg-agro.com.ar\/actualidad\/wp-content\/uploads\/2026\/09\/Trabajadores-agricolas-en-Potomac-Hearden-contratado-como-editor-del-Oeste.jpg\" style=\"display: block; vertical-align: top; margin: 5px 0px 5px auto; text-align: right; width: 200px; float: none;\" alt=\"Joe-Watson-Headshot.jpg\" data-uuid=\"YTAtOTE3Nzg=\" align=\"right\"\/><span class=\"fr-inner\" style=\"text-align: left;\">Joe Watson (foto de IFPA)<\/span><\/span><\/span><\/div>\n<p><span style=\"font-weight:400;font-style:normal;\"><strong>Joe Watson<\/strong>, vice-pr\u00e9sident du commerce de d\u00e9tail, de la restauration et de la vente en gros \u00e0 l\u2019International Fresh Produce Association, est d\u00e9c\u00e9d\u00e9 apr\u00e8s une lutte contre le cancer. Il avait commenc\u00e9 avec la Produce Marketing Association en 2015, qui est ensuite devenue l\u2019IFPA.<\/span><\/p>\n<p><span style=\"font-weight:400;font-style:normal;\"><strong>Richard Christman<\/strong>, qui a eu une longue carri\u00e8re chez Case New Holland, est d\u00e9c\u00e9d\u00e9 \u00e0 l\u2019\u00e2ge de 76 ans. Il a si\u00e9g\u00e9 au conseil de l\u2019Association des Fabricants d\u2019\u00c9quipements, occupant notamment les postes de vice-pr\u00e9sident de l\u2019agriculture et de pr\u00e9sident. Christman \u00ab a jou\u00e9 un r\u00f4le fondamental dans la formation de Case New Holland \u00bb, selon le communiqu\u00e9 comm\u00e9moratif de l\u2019AEM.<\/p>\n<p><span style=\"font-weight:400;font-style:normal;\"><strong>Wendell Berry<\/strong>, agriculteur et auteur controvers\u00e9 de \u00ab The Unsettling of America: Culture &#038; Agriculture \u00bb, est d\u00e9c\u00e9d\u00e9 \u00e0 l\u2019\u00e2ge de 92 ans, a rapport\u00e9 le <em>New York Times<\/em>. Il \u00e9tait un critique percutant des grandes entreprises dans l\u2019agriculture et plaidait pour une agriculture durable et des pratiques de conservation.<\/span><\/p>\n<\/div>\n","protected":false},"excerpt":{"rendered":"","protected":false},"author":1,"featured_media":774,"comment_status":"closed","ping_status":"closed","sticky":false,"template":"","format":"standard","meta":{"footnotes":""},"categories":[1],"class_list":["post-1597","post","type-post","status-publish","format-standard","has-post-thumbnail","hentry","category-actualidad","generate-columns","tablet-grid-50","mobile-grid-100","grid-parent","grid-50"],"yoast_head":"<!-- This site is optimized with the Yoast SEO plugin v27.0 - https:\/\/yoast.com\/product\/yoast-seo-wordpress\/ -->\n<title>Trabajadores agr\u00edcolas del Oeste: Powell ser\u00e1 presidente y CEO de Western AgCredit; Sarah Keiser nombrada directora regional de California; Reeder y Zgombic se retirar\u00e1n - ARG-AGRO Semilleria Venta de Semillas e Insumos para el Agro<\/title>\n<meta name=\"robots\" content=\"index, follow, max-snippet:-1, max-image-preview:large, max-video-preview:-1\" \/>\n<link rel=\"canonical\" href=\"https:\/\/arg-agro.com.ar\/actualidad\/trabajadores-agricolas-del-oeste-powell-sera-presidente-y-ceo-de-western-agcredit-sarah-keiser-nombrada-directora-regional-de-california-reeder-y-zgombic-se-retiraran\/\" \/>\n<meta property=\"og:locale\" content=\"es_ES\" \/>\n<meta property=\"og:type\" content=\"article\" \/>\n<meta property=\"og:title\" content=\"Trabajadores agr\u00edcolas del Oeste: Powell ser\u00e1 presidente y CEO de Western AgCredit; Sarah Keiser nombrada directora regional de California; Reeder y Zgombic se retirar\u00e1n - ARG-AGRO Semilleria Venta de Semillas e Insumos para el Agro\" \/>\n<meta property=\"og:url\" content=\"https:\/\/arg-agro.com.ar\/actualidad\/trabajadores-agricolas-del-oeste-powell-sera-presidente-y-ceo-de-western-agcredit-sarah-keiser-nombrada-directora-regional-de-california-reeder-y-zgombic-se-retiraran\/\" \/>\n<meta property=\"og:site_name\" content=\"ARG-AGRO Semilleria Venta de Semillas e Insumos para el Agro\" \/>\n<meta property=\"article:published_time\" content=\"2026-09-03T16:25:44+00:00\" \/>\n<meta property=\"article:modified_time\" content=\"2026-09-03T16:25:45+00:00\" \/>\n<meta property=\"og:image\" content=\"https:\/\/arg-agro.com.ar\/actualidad\/wp-content\/uploads\/2026\/06\/Trabajadores-agricolas-del-Oeste-Laurel-Firestone-renuncia-al-consejo-de.jpg\" \/>\n\t<meta property=\"og:image:width\" content=\"836\" \/>\n\t<meta property=\"og:image:height\" content=\"627\" \/>\n\t<meta property=\"og:image:type\" content=\"image\/jpeg\" \/>\n<meta name=\"author\" content=\"Tom\u00e1s Echeverr\u00eda\" \/>\n<meta name=\"twitter:card\" content=\"summary_large_image\" \/>\n<meta name=\"twitter:label1\" content=\"Escrito por\" \/>\n\t<meta name=\"twitter:data1\" content=\"Tom\u00e1s Echeverr\u00eda\" \/>\n\t<meta name=\"twitter:label2\" content=\"Tiempo de lectura\" \/>\n\t<meta name=\"twitter:data2\" content=\"6 minutos\" \/>\n<script type=\"application\/ld+json\" class=\"yoast-schema-graph\">{\"@context\":\"https:\/\/schema.org\",\"@graph\":[{\"@type\":\"NewsArticle\",\"@id\":\"https:\/\/arg-agro.com.ar\/actualidad\/trabajadores-agricolas-del-oeste-powell-sera-presidente-y-ceo-de-western-agcredit-sarah-keiser-nombrada-directora-regional-de-california-reeder-y-zgombic-se-retiraran\/#article\",\"isPartOf\":{\"@id\":\"https:\/\/arg-agro.com.ar\/actualidad\/trabajadores-agricolas-del-oeste-powell-sera-presidente-y-ceo-de-western-agcredit-sarah-keiser-nombrada-directora-regional-de-california-reeder-y-zgombic-se-retiraran\/\"},\"author\":{\"name\":\"Tom\u00e1s Echeverr\u00eda\",\"@id\":\"https:\/\/arg-agro.com.ar\/actualidad\/#\/schema\/person\/6f778d1f6f2c0c1b373aeda7620b7ce3\"},\"headline\":\"Trabajadores agr\u00edcolas del Oeste: Powell ser\u00e1 presidente y CEO de Western AgCredit; Sarah Keiser nombrada directora regional de California; Reeder y Zgombic se retirar\u00e1n\",\"datePublished\":\"2026-09-03T16:25:44+00:00\",\"dateModified\":\"2026-09-03T16:25:45+00:00\",\"mainEntityOfPage\":{\"@id\":\"https:\/\/arg-agro.com.ar\/actualidad\/trabajadores-agricolas-del-oeste-powell-sera-presidente-y-ceo-de-western-agcredit-sarah-keiser-nombrada-directora-regional-de-california-reeder-y-zgombic-se-retiraran\/\"},\"wordCount\":1207,\"publisher\":{\"@id\":\"https:\/\/arg-agro.com.ar\/actualidad\/#organization\"},\"image\":{\"@id\":\"https:\/\/arg-agro.com.ar\/actualidad\/trabajadores-agricolas-del-oeste-powell-sera-presidente-y-ceo-de-western-agcredit-sarah-keiser-nombrada-directora-regional-de-california-reeder-y-zgombic-se-retiraran\/#primaryimage\"},\"thumbnailUrl\":\"https:\/\/arg-agro.com.ar\/actualidad\/wp-content\/uploads\/2026\/06\/Trabajadores-agricolas-del-Oeste-Laurel-Firestone-renuncia-al-consejo-de.jpg\",\"keywords\":[\"AgCredit\",\"agr\u00edcolas\",\"California\",\"CEO\",\"del\",\"directora\",\"Keiser\",\"nombrada\",\"Oeste\",\"Powell\",\"presidente\",\"Reeder\",\"regional\",\"retirar\u00e1n\",\"Sarah\",\"ser\u00e1\",\"Trabajadores\",\"Western\",\"Zgombic\"],\"articleSection\":[\"Actualidad\"],\"inLanguage\":\"es\"},{\"@type\":\"WebPage\",\"@id\":\"https:\/\/arg-agro.com.ar\/actualidad\/trabajadores-agricolas-del-oeste-powell-sera-presidente-y-ceo-de-western-agcredit-sarah-keiser-nombrada-directora-regional-de-california-reeder-y-zgombic-se-retiraran\/\",\"url\":\"https:\/\/arg-agro.com.ar\/actualidad\/trabajadores-agricolas-del-oeste-powell-sera-presidente-y-ceo-de-western-agcredit-sarah-keiser-nombrada-directora-regional-de-california-reeder-y-zgombic-se-retiraran\/\",\"name\":\"Trabajadores agr\u00edcolas del Oeste: Powell ser\u00e1 presidente y CEO de Western AgCredit; Sarah Keiser nombrada directora regional de California; Reeder y Zgombic se retirar\u00e1n - ARG-AGRO Semilleria Venta de Semillas e Insumos para el Agro\",\"isPartOf\":{\"@id\":\"https:\/\/arg-agro.com.ar\/actualidad\/#website\"},\"primaryImageOfPage\":{\"@id\":\"https:\/\/arg-agro.com.ar\/actualidad\/trabajadores-agricolas-del-oeste-powell-sera-presidente-y-ceo-de-western-agcredit-sarah-keiser-nombrada-directora-regional-de-california-reeder-y-zgombic-se-retiraran\/#primaryimage\"},\"image\":{\"@id\":\"https:\/\/arg-agro.com.ar\/actualidad\/trabajadores-agricolas-del-oeste-powell-sera-presidente-y-ceo-de-western-agcredit-sarah-keiser-nombrada-directora-regional-de-california-reeder-y-zgombic-se-retiraran\/#primaryimage\"},\"thumbnailUrl\":\"https:\/\/arg-agro.com.ar\/actualidad\/wp-content\/uploads\/2026\/06\/Trabajadores-agricolas-del-Oeste-Laurel-Firestone-renuncia-al-consejo-de.jpg\",\"datePublished\":\"2026-09-03T16:25:44+00:00\",\"dateModified\":\"2026-09-03T16:25:45+00:00\",\"breadcrumb\":{\"@id\":\"https:\/\/arg-agro.com.ar\/actualidad\/trabajadores-agricolas-del-oeste-powell-sera-presidente-y-ceo-de-western-agcredit-sarah-keiser-nombrada-directora-regional-de-california-reeder-y-zgombic-se-retiraran\/#breadcrumb\"},\"inLanguage\":\"es\",\"potentialAction\":[{\"@type\":\"ReadAction\",\"target\":[\"https:\/\/arg-agro.com.ar\/actualidad\/trabajadores-agricolas-del-oeste-powell-sera-presidente-y-ceo-de-western-agcredit-sarah-keiser-nombrada-directora-regional-de-california-reeder-y-zgombic-se-retiraran\/\"]}]},{\"@type\":\"ImageObject\",\"inLanguage\":\"es\",\"@id\":\"https:\/\/arg-agro.com.ar\/actualidad\/trabajadores-agricolas-del-oeste-powell-sera-presidente-y-ceo-de-western-agcredit-sarah-keiser-nombrada-directora-regional-de-california-reeder-y-zgombic-se-retiraran\/#primaryimage\",\"url\":\"https:\/\/arg-agro.com.ar\/actualidad\/wp-content\/uploads\/2026\/06\/Trabajadores-agricolas-del-Oeste-Laurel-Firestone-renuncia-al-consejo-de.jpg\",\"contentUrl\":\"https:\/\/arg-agro.com.ar\/actualidad\/wp-content\/uploads\/2026\/06\/Trabajadores-agricolas-del-Oeste-Laurel-Firestone-renuncia-al-consejo-de.jpg\",\"width\":836,\"height\":627},{\"@type\":\"BreadcrumbList\",\"@id\":\"https:\/\/arg-agro.com.ar\/actualidad\/trabajadores-agricolas-del-oeste-powell-sera-presidente-y-ceo-de-western-agcredit-sarah-keiser-nombrada-directora-regional-de-california-reeder-y-zgombic-se-retiraran\/#breadcrumb\",\"itemListElement\":[{\"@type\":\"ListItem\",\"position\":1,\"name\":\"Arg-Agro\",\"item\":\"https:\/\/arg-agro.com.ar\/actualidad\/\"},{\"@type\":\"ListItem\",\"position\":2,\"name\":\"Trabajadores agr\u00edcolas del Oeste: Powell ser\u00e1 presidente y CEO de Western AgCredit; Sarah Keiser nombrada directora regional de California; Reeder y Zgombic se retirar\u00e1n\"}]},{\"@type\":\"WebSite\",\"@id\":\"https:\/\/arg-agro.com.ar\/actualidad\/#website\",\"url\":\"https:\/\/arg-agro.com.ar\/actualidad\/\",\"name\":\"ARG-AGRO Semilleria Venta de Semillas e Insumos para el Agro\",\"description\":\"\",\"publisher\":{\"@id\":\"https:\/\/arg-agro.com.ar\/actualidad\/#organization\"},\"potentialAction\":[{\"@type\":\"SearchAction\",\"target\":{\"@type\":\"EntryPoint\",\"urlTemplate\":\"https:\/\/arg-agro.com.ar\/actualidad\/?s={search_term_string}\"},\"query-input\":{\"@type\":\"PropertyValueSpecification\",\"valueRequired\":true,\"valueName\":\"search_term_string\"}}],\"inLanguage\":\"es\"},{\"@type\":\"Organization\",\"@id\":\"https:\/\/arg-agro.com.ar\/actualidad\/#organization\",\"name\":\"ARG-AGRO Semilleria Venta de Semillas e Insumos para el Agro\",\"url\":\"https:\/\/arg-agro.com.ar\/actualidad\/\",\"logo\":{\"@type\":\"ImageObject\",\"inLanguage\":\"es\",\"@id\":\"https:\/\/arg-agro.com.ar\/actualidad\/#\/schema\/logo\/image\/\",\"url\":\"https:\/\/arg-agro.com.ar\/actualidad\/wp-content\/uploads\/2026\/03\/store_logo.png\",\"contentUrl\":\"https:\/\/arg-agro.com.ar\/actualidad\/wp-content\/uploads\/2026\/03\/store_logo.png\",\"width\":270,\"height\":90,\"caption\":\"ARG-AGRO Semilleria Venta de Semillas e Insumos para el Agro\"},\"image\":{\"@id\":\"https:\/\/arg-agro.com.ar\/actualidad\/#\/schema\/logo\/image\/\"}},{\"@type\":\"Person\",\"@id\":\"https:\/\/arg-agro.com.ar\/actualidad\/#\/schema\/person\/6f778d1f6f2c0c1b373aeda7620b7ce3\",\"name\":\"Tom\u00e1s Echeverr\u00eda\",\"image\":{\"@type\":\"ImageObject\",\"inLanguage\":\"es\",\"@id\":\"https:\/\/arg-agro.com.ar\/actualidad\/#\/schema\/person\/image\/\",\"url\":\"https:\/\/arg-agro.com.ar\/actualidad\/wp-content\/uploads\/2026\/03\/Tomas-Echeverria-150x150.jpg\",\"contentUrl\":\"https:\/\/arg-agro.com.ar\/actualidad\/wp-content\/uploads\/2026\/03\/Tomas-Echeverria-150x150.jpg\",\"caption\":\"Tom\u00e1s Echeverr\u00eda\"},\"description\":\"Tom\u00e1s Echeverr\u00eda es especialista en agricultura y manejo sostenible de suelos, con experiencia en sistemas productivos de Argentina. Investiga la optimizaci\u00f3n del riego, la nutrici\u00f3n de cultivos y la adopci\u00f3n de tecnolog\u00edas de agricultura de precisi\u00f3n para mejorar rendimientos. En Arg-Agro, divulga pr\u00e1cticas basadas en evidencia para una producci\u00f3n eficiente y resiliente.\",\"sameAs\":[\"https:\/\/arg-agro.com.ar\/\"]}]}<\/script>\n<!-- \/ Yoast SEO plugin. -->","yoast_head_json":{"title":"Trabajadores agr\u00edcolas del Oeste: Powell ser\u00e1 presidente y CEO de Western AgCredit; Sarah Keiser nombrada directora regional de California; Reeder y Zgombic se retirar\u00e1n - ARG-AGRO Semilleria Venta de Semillas e Insumos para el Agro","robots":{"index":"index","follow":"follow","max-snippet":"max-snippet:-1","max-image-preview":"max-image-preview:large","max-video-preview":"max-video-preview:-1"},"canonical":"https:\/\/arg-agro.com.ar\/actualidad\/trabajadores-agricolas-del-oeste-powell-sera-presidente-y-ceo-de-western-agcredit-sarah-keiser-nombrada-directora-regional-de-california-reeder-y-zgombic-se-retiraran\/","og_locale":"es_ES","og_type":"article","og_title":"Trabajadores agr\u00edcolas del Oeste: Powell ser\u00e1 presidente y CEO de Western AgCredit; Sarah Keiser nombrada directora regional de California; Reeder y Zgombic se retirar\u00e1n - ARG-AGRO Semilleria Venta de Semillas e Insumos para el Agro","og_url":"https:\/\/arg-agro.com.ar\/actualidad\/trabajadores-agricolas-del-oeste-powell-sera-presidente-y-ceo-de-western-agcredit-sarah-keiser-nombrada-directora-regional-de-california-reeder-y-zgombic-se-retiraran\/","og_site_name":"ARG-AGRO Semilleria Venta de Semillas e Insumos para el Agro","article_published_time":"2026-09-03T16:25:44+00:00","article_modified_time":"2026-09-03T16:25:45+00:00","og_image":[{"width":836,"height":627,"url":"https:\/\/arg-agro.com.ar\/actualidad\/wp-content\/uploads\/2026\/06\/Trabajadores-agricolas-del-Oeste-Laurel-Firestone-renuncia-al-consejo-de.jpg","type":"image\/jpeg"}],"author":"Tom\u00e1s Echeverr\u00eda","twitter_card":"summary_large_image","twitter_misc":{"Escrito por":"Tom\u00e1s Echeverr\u00eda","Tiempo de lectura":"6 minutos"},"schema":{"@context":"https:\/\/schema.org","@graph":[{"@type":"NewsArticle","@id":"https:\/\/arg-agro.com.ar\/actualidad\/trabajadores-agricolas-del-oeste-powell-sera-presidente-y-ceo-de-western-agcredit-sarah-keiser-nombrada-directora-regional-de-california-reeder-y-zgombic-se-retiraran\/#article","isPartOf":{"@id":"https:\/\/arg-agro.com.ar\/actualidad\/trabajadores-agricolas-del-oeste-powell-sera-presidente-y-ceo-de-western-agcredit-sarah-keiser-nombrada-directora-regional-de-california-reeder-y-zgombic-se-retiraran\/"},"author":{"name":"Tom\u00e1s Echeverr\u00eda","@id":"https:\/\/arg-agro.com.ar\/actualidad\/#\/schema\/person\/6f778d1f6f2c0c1b373aeda7620b7ce3"},"headline":"Trabajadores agr\u00edcolas del Oeste: Powell ser\u00e1 presidente y CEO de Western AgCredit; Sarah Keiser nombrada directora regional de California; Reeder y Zgombic se retirar\u00e1n","datePublished":"2026-09-03T16:25:44+00:00","dateModified":"2026-09-03T16:25:45+00:00","mainEntityOfPage":{"@id":"https:\/\/arg-agro.com.ar\/actualidad\/trabajadores-agricolas-del-oeste-powell-sera-presidente-y-ceo-de-western-agcredit-sarah-keiser-nombrada-directora-regional-de-california-reeder-y-zgombic-se-retiraran\/"},"wordCount":1207,"publisher":{"@id":"https:\/\/arg-agro.com.ar\/actualidad\/#organization"},"image":{"@id":"https:\/\/arg-agro.com.ar\/actualidad\/trabajadores-agricolas-del-oeste-powell-sera-presidente-y-ceo-de-western-agcredit-sarah-keiser-nombrada-directora-regional-de-california-reeder-y-zgombic-se-retiraran\/#primaryimage"},"thumbnailUrl":"https:\/\/arg-agro.com.ar\/actualidad\/wp-content\/uploads\/2026\/06\/Trabajadores-agricolas-del-Oeste-Laurel-Firestone-renuncia-al-consejo-de.jpg","keywords":["AgCredit","agr\u00edcolas","California","CEO","del","directora","Keiser","nombrada","Oeste","Powell","presidente","Reeder","regional","retirar\u00e1n","Sarah","ser\u00e1","Trabajadores","Western","Zgombic"],"articleSection":["Actualidad"],"inLanguage":"es"},{"@type":"WebPage","@id":"https:\/\/arg-agro.com.ar\/actualidad\/trabajadores-agricolas-del-oeste-powell-sera-presidente-y-ceo-de-western-agcredit-sarah-keiser-nombrada-directora-regional-de-california-reeder-y-zgombic-se-retiraran\/","url":"https:\/\/arg-agro.com.ar\/actualidad\/trabajadores-agricolas-del-oeste-powell-sera-presidente-y-ceo-de-western-agcredit-sarah-keiser-nombrada-directora-regional-de-california-reeder-y-zgombic-se-retiraran\/","name":"Trabajadores agr\u00edcolas del Oeste: Powell ser\u00e1 presidente y CEO de Western AgCredit; Sarah Keiser nombrada directora regional de California; Reeder y Zgombic se retirar\u00e1n - ARG-AGRO Semilleria Venta de Semillas e Insumos para el Agro","isPartOf":{"@id":"https:\/\/arg-agro.com.ar\/actualidad\/#website"},"primaryImageOfPage":{"@id":"https:\/\/arg-agro.com.ar\/actualidad\/trabajadores-agricolas-del-oeste-powell-sera-presidente-y-ceo-de-western-agcredit-sarah-keiser-nombrada-directora-regional-de-california-reeder-y-zgombic-se-retiraran\/#primaryimage"},"image":{"@id":"https:\/\/arg-agro.com.ar\/actualidad\/trabajadores-agricolas-del-oeste-powell-sera-presidente-y-ceo-de-western-agcredit-sarah-keiser-nombrada-directora-regional-de-california-reeder-y-zgombic-se-retiraran\/#primaryimage"},"thumbnailUrl":"https:\/\/arg-agro.com.ar\/actualidad\/wp-content\/uploads\/2026\/06\/Trabajadores-agricolas-del-Oeste-Laurel-Firestone-renuncia-al-consejo-de.jpg","datePublished":"2026-09-03T16:25:44+00:00","dateModified":"2026-09-03T16:25:45+00:00","breadcrumb":{"@id":"https:\/\/arg-agro.com.ar\/actualidad\/trabajadores-agricolas-del-oeste-powell-sera-presidente-y-ceo-de-western-agcredit-sarah-keiser-nombrada-directora-regional-de-california-reeder-y-zgombic-se-retiraran\/#breadcrumb"},"inLanguage":"es","potentialAction":[{"@type":"ReadAction","target":["https:\/\/arg-agro.com.ar\/actualidad\/trabajadores-agricolas-del-oeste-powell-sera-presidente-y-ceo-de-western-agcredit-sarah-keiser-nombrada-directora-regional-de-california-reeder-y-zgombic-se-retiraran\/"]}]},{"@type":"ImageObject","inLanguage":"es","@id":"https:\/\/arg-agro.com.ar\/actualidad\/trabajadores-agricolas-del-oeste-powell-sera-presidente-y-ceo-de-western-agcredit-sarah-keiser-nombrada-directora-regional-de-california-reeder-y-zgombic-se-retiraran\/#primaryimage","url":"https:\/\/arg-agro.com.ar\/actualidad\/wp-content\/uploads\/2026\/06\/Trabajadores-agricolas-del-Oeste-Laurel-Firestone-renuncia-al-consejo-de.jpg","contentUrl":"https:\/\/arg-agro.com.ar\/actualidad\/wp-content\/uploads\/2026\/06\/Trabajadores-agricolas-del-Oeste-Laurel-Firestone-renuncia-al-consejo-de.jpg","width":836,"height":627},{"@type":"BreadcrumbList","@id":"https:\/\/arg-agro.com.ar\/actualidad\/trabajadores-agricolas-del-oeste-powell-sera-presidente-y-ceo-de-western-agcredit-sarah-keiser-nombrada-directora-regional-de-california-reeder-y-zgombic-se-retiraran\/#breadcrumb","itemListElement":[{"@type":"ListItem","position":1,"name":"Arg-Agro","item":"https:\/\/arg-agro.com.ar\/actualidad\/"},{"@type":"ListItem","position":2,"name":"Trabajadores agr\u00edcolas del Oeste: Powell ser\u00e1 presidente y CEO de Western AgCredit; Sarah Keiser nombrada directora regional de California; Reeder y Zgombic se retirar\u00e1n"}]},{"@type":"WebSite","@id":"https:\/\/arg-agro.com.ar\/actualidad\/#website","url":"https:\/\/arg-agro.com.ar\/actualidad\/","name":"ARG-AGRO Semilleria Venta de Semillas e Insumos para el Agro","description":"","publisher":{"@id":"https:\/\/arg-agro.com.ar\/actualidad\/#organization"},"potentialAction":[{"@type":"SearchAction","target":{"@type":"EntryPoint","urlTemplate":"https:\/\/arg-agro.com.ar\/actualidad\/?s={search_term_string}"},"query-input":{"@type":"PropertyValueSpecification","valueRequired":true,"valueName":"search_term_string"}}],"inLanguage":"es"},{"@type":"Organization","@id":"https:\/\/arg-agro.com.ar\/actualidad\/#organization","name":"ARG-AGRO Semilleria Venta de Semillas e Insumos para el Agro","url":"https:\/\/arg-agro.com.ar\/actualidad\/","logo":{"@type":"ImageObject","inLanguage":"es","@id":"https:\/\/arg-agro.com.ar\/actualidad\/#\/schema\/logo\/image\/","url":"https:\/\/arg-agro.com.ar\/actualidad\/wp-content\/uploads\/2026\/03\/store_logo.png","contentUrl":"https:\/\/arg-agro.com.ar\/actualidad\/wp-content\/uploads\/2026\/03\/store_logo.png","width":270,"height":90,"caption":"ARG-AGRO Semilleria Venta de Semillas e Insumos para el Agro"},"image":{"@id":"https:\/\/arg-agro.com.ar\/actualidad\/#\/schema\/logo\/image\/"}},{"@type":"Person","@id":"https:\/\/arg-agro.com.ar\/actualidad\/#\/schema\/person\/6f778d1f6f2c0c1b373aeda7620b7ce3","name":"Tom\u00e1s Echeverr\u00eda","image":{"@type":"ImageObject","inLanguage":"es","@id":"https:\/\/arg-agro.com.ar\/actualidad\/#\/schema\/person\/image\/","url":"https:\/\/arg-agro.com.ar\/actualidad\/wp-content\/uploads\/2026\/03\/Tomas-Echeverria-150x150.jpg","contentUrl":"https:\/\/arg-agro.com.ar\/actualidad\/wp-content\/uploads\/2026\/03\/Tomas-Echeverria-150x150.jpg","caption":"Tom\u00e1s Echeverr\u00eda"},"description":"Tom\u00e1s Echeverr\u00eda es especialista en agricultura y manejo sostenible de suelos, con experiencia en sistemas productivos de Argentina. Investiga la optimizaci\u00f3n del riego, la nutrici\u00f3n de cultivos y la adopci\u00f3n de tecnolog\u00edas de agricultura de precisi\u00f3n para mejorar rendimientos. En Arg-Agro, divulga pr\u00e1cticas basadas en evidencia para una producci\u00f3n eficiente y resiliente.","sameAs":["https:\/\/arg-agro.com.ar\/"]}]}},"_links":{"self":[{"href":"https:\/\/arg-agro.com.ar\/actualidad\/wp-json\/wp\/v2\/posts\/1597","targetHints":{"allow":["GET"]}}],"collection":[{"href":"https:\/\/arg-agro.com.ar\/actualidad\/wp-json\/wp\/v2\/posts"}],"about":[{"href":"https:\/\/arg-agro.com.ar\/actualidad\/wp-json\/wp\/v2\/types\/post"}],"author":[{"embeddable":true,"href":"https:\/\/arg-agro.com.ar\/actualidad\/wp-json\/wp\/v2\/users\/1"}],"replies":[{"embeddable":true,"href":"https:\/\/arg-agro.com.ar\/actualidad\/wp-json\/wp\/v2\/comments?post=1597"}],"version-history":[{"count":1,"href":"https:\/\/arg-agro.com.ar\/actualidad\/wp-json\/wp\/v2\/posts\/1597\/revisions"}],"predecessor-version":[{"id":1598,"href":"https:\/\/arg-agro.com.ar\/actualidad\/wp-json\/wp\/v2\/posts\/1597\/revisions\/1598"}],"wp:featuredmedia":[{"embeddable":true,"href":"https:\/\/arg-agro.com.ar\/actualidad\/wp-json\/wp\/v2\/media\/774"}],"wp:attachment":[{"href":"https:\/\/arg-agro.com.ar\/actualidad\/wp-json\/wp\/v2\/media?parent=1597"}],"wp:term":[{"taxonomy":"category","embeddable":true,"href":"https:\/\/arg-agro.com.ar\/actualidad\/wp-json\/wp\/v2\/categories?post=1597"}],"curies":[{"name":"wp","href":"https:\/\/api.w.org\/{rel}","templated":true}]}}