{"id":1594,"date":"2026-09-03T11:24:50","date_gmt":"2026-09-03T14:24:50","guid":{"rendered":"https:\/\/arg-agro.com.ar\/actualidad\/mcclintock-lideres-deben-ganar-corazones-y-mentes-en-agricultura-y-recursos\/"},"modified":"2026-09-03T11:24:51","modified_gmt":"2026-09-03T14:24:51","slug":"mcclintock-lideres-deben-ganar-corazones-y-mentes-en-agricultura-y-recursos","status":"publish","type":"post","link":"https:\/\/arg-agro.com.ar\/actualidad\/mcclintock-lideres-deben-ganar-corazones-y-mentes-en-agricultura-y-recursos\/","title":{"rendered":"McClintock: L\u00edderes deben ganar corazones y mentes en agricultura y recursos"},"content":{"rendered":"<p><\/p>\n<div>\n<table style=\"width: 100%;\">\n<tbody>\n<tr>\n<td style=\"width: 100%; background-color: rgb(239, 239, 239);\">\n<ul>\n<li style=\"font-weight: bold;\"><strong>El representante Tom McClintock, que forma parte de subcomit\u00e9s sobre tierras federales y agua, fauna y pesca, dijo que los californianos deben desarrollar la voluntad pol\u00edtica para construir m\u00e1s almacenamiento de agua y capacidad de conducci\u00f3n.<\/strong><\/li>\n<\/ul>\n<ul>\n<li style=\"font-weight: bold;\"><strong>\u00abLa izquierda verde ha convencido a todos en este estado de que todo lo que se cultiva o se extrae es malo\u00bb, dijo McClintock durante un foro sobre agua que organiz\u00f3 en Turlock, California.<\/strong><\/li>\n<\/ul>\n<ul>\n<li style=\"font-weight: bold;\"><strong>\u00abElogi\u00f3 una propuesta federal para elevar la presa Shasta en 18,5 pies, y pidi\u00f3 la culminaci\u00f3n de otras presas propuestas, lo que despert\u00f3 preocupaciones entre los representantes tribales presentes en el foro.\u00bb<\/strong><\/li>\n<\/ul>\n<\/td>\n<\/tr>\n<\/tbody>\n<\/table>\n<p>Un republicano clave de la Costa Oeste en el Comit\u00e9 de Recursos Naturales de la C\u00e1mara afirma que los l\u00edderes pol\u00edticos y agr\u00edcolas deben \u201ccambiar corazones y mentes\u201d cuando se trata del agua y la agricultura en California.<\/p>\n<p>El Representante Tom McClintock, que forma parte de subcomit\u00e9s sobre tierras federales y agua, fauna y pesca, dijo que los californianos deben desarrollar la voluntad pol\u00edtica para construir m\u00e1s almacenamiento de agua e infraestructura de conducci\u00f3n.<\/p>\n<p>\u201cLa izquierda verde ha convencido a todos en este estado de que todo lo que se cultiva o se extrae es malo,\u201d dijo McClintock durante un foro sobre agua que organiz\u00f3 en Turlock, California. \u201cTenemos que cambiar corazones y mentes.\u201d<\/p>\n<p>\u201cLa Junta de Recursos H\u00eddricos Estatales ha estado controlada durante a\u00f1os por personas que han perdido el juicio,\u201d a\u00f1adi\u00f3. \u201cTenemos que convencer a la gente de que eso no est\u00e1 en sus intereses.\u201d<\/p>\n<p>Los comentarios de McClintock se produjeron al abrir su segunda mesa redonda anual que cont\u00f3 con la participaci\u00f3n de altos funcionarios regionales del USDA, del Bur\u00f3 de Reclamaci\u00f3n de los Estados Unidos, de la Agencia de Protecci\u00f3n Ambiental de los Estados Unidos y del Servicio de Pesca y Vida Silvestre de los Estados Unidos. Los representantes de la administraci\u00f3n presentaron informes y respondieron preguntas de agricultores de la zona, gestores del agua y autoridades electas locales durante la reuni\u00f3n del 27 de agosto en las oficinas del Distrito de Irrigaci\u00f3n de Turlock.<\/p>\n<p>En promedio, California recibe alrededor de 200 millones de acre-pies de precipitaci\u00f3n anualmente, provenientes de lluvias y nevadas, pero solo tiene capacidad de almacenamiento para 45 millones de acre-pies. Estimaciones recientes indican que alrededor de 60 millones de acre-pies, o aproximadamente el 30% de la precipitaci\u00f3n del estado, se escurren hacia el Oc\u00e9ano Pac\u00edfico.<\/p>\n<p>Elogi\u00f3 una propuesta federal para elevar la presa Shasta en 18,5 pies, lo que aumentar\u00eda su capacidad de almacenamiento en aproximadamente un 13%, o alrededor de 634.000 acre-pies, pero se\u00f1al\u00f3 que los l\u00edderes han estado debatiendo tal proyecto durante m\u00e1s de 30 a\u00f1os.<\/p>\n<p>\u201cEl problema en este momento no es la falta de instalaciones, sino la voluntad pol\u00edtica para completar proyectos que han sido propuestos y discutidos durante d\u00e9cadas. Pidi\u00f3 reanudar la construcci\u00f3n de la presa Auburn, que habr\u00eda sido construida en la rama norte del r\u00edo American, pero se fren\u00f3 en los a\u00f1os setenta debido a temores s\u00edsmicos y oposici\u00f3n ambiental.\u201d<\/p>\n<p>\u201cAdem\u00e1s inst\u00f3 a los l\u00edderes a reconsiderar la construcci\u00f3n de la presa y embalse Temperance Flat, que habr\u00eda estado situada r\u00edo arriba de Millerton Lake y Friant Dam en el r\u00edo San Joaqu\u00edn, pero fue archivada debido a la oposici\u00f3n.\u201d<\/p>\n<p>Sus puntos de vista sobre las presas fueron recibidos con escepticismo por parte de los l\u00edderes tribales de la zona que asistieron al foro, incluyendo a un tr\u00edo de tribus cuyas tierras hist\u00f3ricas est\u00e1n cubiertas por el Lago Oroville.<\/p>\n<p>\u00abCosas as\u00ed son absolutamente preocupantes\u00bb, dijo Krystal Moreno, gerente del programa de conocimiento ecol\u00f3gico tradicional de la banda Shingle Springs Band of Miwok Indians, al este de Sacramento. \u00abMuchas veces, cuando se construyen presas, se da\u00f1an las tierras ancestrales de alguien\u00bb.<\/p>\n<p>Casi 100 personas asistieron al foro, lo que, dijo McClintock, demuestra \u201ccu\u00e1n importantes son estos temas.\u201d<\/p>\n<\/div>\n","protected":false},"excerpt":{"rendered":"","protected":false},"author":1,"featured_media":1595,"comment_status":"closed","ping_status":"closed","sticky":false,"template":"","format":"standard","meta":{"footnotes":""},"categories":[1],"class_list":["post-1594","post","type-post","status-publish","format-standard","has-post-thumbnail","hentry","category-actualidad","generate-columns","tablet-grid-50","mobile-grid-100","grid-parent","grid-50"],"yoast_head":"<!-- This site is optimized with the Yoast SEO plugin v27.0 - https:\/\/yoast.com\/product\/yoast-seo-wordpress\/ -->\n<title>McClintock: L\u00edderes deben ganar corazones y mentes en agricultura y recursos - ARG-AGRO Semilleria Venta de Semillas e Insumos para el Agro<\/title>\n<meta name=\"robots\" content=\"index, follow, max-snippet:-1, max-image-preview:large, max-video-preview:-1\" \/>\n<link rel=\"canonical\" href=\"https:\/\/arg-agro.com.ar\/actualidad\/mcclintock-lideres-deben-ganar-corazones-y-mentes-en-agricultura-y-recursos\/\" \/>\n<meta property=\"og:locale\" content=\"es_ES\" \/>\n<meta property=\"og:type\" content=\"article\" \/>\n<meta property=\"og:title\" content=\"McClintock: L\u00edderes deben ganar corazones y mentes en agricultura y recursos - ARG-AGRO Semilleria Venta de Semillas e Insumos para el Agro\" \/>\n<meta property=\"og:url\" content=\"https:\/\/arg-agro.com.ar\/actualidad\/mcclintock-lideres-deben-ganar-corazones-y-mentes-en-agricultura-y-recursos\/\" \/>\n<meta property=\"og:site_name\" content=\"ARG-AGRO Semilleria Venta de Semillas e Insumos para el Agro\" \/>\n<meta property=\"article:published_time\" content=\"2026-09-03T14:24:50+00:00\" \/>\n<meta property=\"article:modified_time\" content=\"2026-09-03T14:24:51+00:00\" \/>\n<meta property=\"og:image\" content=\"https:\/\/arg-agro.com.ar\/actualidad\/wp-content\/uploads\/2026\/09\/McClintock-Lideres-deben-ganar-corazones-y-mentes-en-agricultura-y.JPG\" \/>\n\t<meta property=\"og:image:width\" content=\"847\" \/>\n\t<meta property=\"og:image:height\" content=\"635\" \/>\n\t<meta property=\"og:image:type\" content=\"image\/jpeg\" \/>\n<meta name=\"author\" content=\"Tom\u00e1s Echeverr\u00eda\" \/>\n<meta name=\"twitter:card\" content=\"summary_large_image\" \/>\n<meta name=\"twitter:label1\" content=\"Escrito por\" \/>\n\t<meta name=\"twitter:data1\" content=\"Tom\u00e1s Echeverr\u00eda\" \/>\n\t<meta name=\"twitter:label2\" content=\"Tiempo de lectura\" \/>\n\t<meta name=\"twitter:data2\" content=\"3 minutos\" \/>\n<script type=\"application\/ld+json\" class=\"yoast-schema-graph\">{\"@context\":\"https:\/\/schema.org\",\"@graph\":[{\"@type\":\"NewsArticle\",\"@id\":\"https:\/\/arg-agro.com.ar\/actualidad\/mcclintock-lideres-deben-ganar-corazones-y-mentes-en-agricultura-y-recursos\/#article\",\"isPartOf\":{\"@id\":\"https:\/\/arg-agro.com.ar\/actualidad\/mcclintock-lideres-deben-ganar-corazones-y-mentes-en-agricultura-y-recursos\/\"},\"author\":{\"name\":\"Tom\u00e1s Echeverr\u00eda\",\"@id\":\"https:\/\/arg-agro.com.ar\/actualidad\/#\/schema\/person\/6f778d1f6f2c0c1b373aeda7620b7ce3\"},\"headline\":\"McClintock: L\u00edderes deben ganar corazones y mentes en agricultura y recursos\",\"datePublished\":\"2026-09-03T14:24:50+00:00\",\"dateModified\":\"2026-09-03T14:24:51+00:00\",\"mainEntityOfPage\":{\"@id\":\"https:\/\/arg-agro.com.ar\/actualidad\/mcclintock-lideres-deben-ganar-corazones-y-mentes-en-agricultura-y-recursos\/\"},\"wordCount\":688,\"publisher\":{\"@id\":\"https:\/\/arg-agro.com.ar\/actualidad\/#organization\"},\"image\":{\"@id\":\"https:\/\/arg-agro.com.ar\/actualidad\/mcclintock-lideres-deben-ganar-corazones-y-mentes-en-agricultura-y-recursos\/#primaryimage\"},\"thumbnailUrl\":\"https:\/\/arg-agro.com.ar\/actualidad\/wp-content\/uploads\/2026\/09\/McClintock-Lideres-deben-ganar-corazones-y-mentes-en-agricultura-y.JPG\",\"keywords\":[\"agricultura\",\"corazones\",\"deben\",\"ganar\",\"L\u00edderes\",\"McClintock\",\"mentes\",\"recursos\"],\"articleSection\":[\"Actualidad\"],\"inLanguage\":\"es\"},{\"@type\":\"WebPage\",\"@id\":\"https:\/\/arg-agro.com.ar\/actualidad\/mcclintock-lideres-deben-ganar-corazones-y-mentes-en-agricultura-y-recursos\/\",\"url\":\"https:\/\/arg-agro.com.ar\/actualidad\/mcclintock-lideres-deben-ganar-corazones-y-mentes-en-agricultura-y-recursos\/\",\"name\":\"McClintock: L\u00edderes deben ganar corazones y mentes en agricultura y recursos - ARG-AGRO Semilleria Venta de Semillas e Insumos para el Agro\",\"isPartOf\":{\"@id\":\"https:\/\/arg-agro.com.ar\/actualidad\/#website\"},\"primaryImageOfPage\":{\"@id\":\"https:\/\/arg-agro.com.ar\/actualidad\/mcclintock-lideres-deben-ganar-corazones-y-mentes-en-agricultura-y-recursos\/#primaryimage\"},\"image\":{\"@id\":\"https:\/\/arg-agro.com.ar\/actualidad\/mcclintock-lideres-deben-ganar-corazones-y-mentes-en-agricultura-y-recursos\/#primaryimage\"},\"thumbnailUrl\":\"https:\/\/arg-agro.com.ar\/actualidad\/wp-content\/uploads\/2026\/09\/McClintock-Lideres-deben-ganar-corazones-y-mentes-en-agricultura-y.JPG\",\"datePublished\":\"2026-09-03T14:24:50+00:00\",\"dateModified\":\"2026-09-03T14:24:51+00:00\",\"breadcrumb\":{\"@id\":\"https:\/\/arg-agro.com.ar\/actualidad\/mcclintock-lideres-deben-ganar-corazones-y-mentes-en-agricultura-y-recursos\/#breadcrumb\"},\"inLanguage\":\"es\",\"potentialAction\":[{\"@type\":\"ReadAction\",\"target\":[\"https:\/\/arg-agro.com.ar\/actualidad\/mcclintock-lideres-deben-ganar-corazones-y-mentes-en-agricultura-y-recursos\/\"]}]},{\"@type\":\"ImageObject\",\"inLanguage\":\"es\",\"@id\":\"https:\/\/arg-agro.com.ar\/actualidad\/mcclintock-lideres-deben-ganar-corazones-y-mentes-en-agricultura-y-recursos\/#primaryimage\",\"url\":\"https:\/\/arg-agro.com.ar\/actualidad\/wp-content\/uploads\/2026\/09\/McClintock-Lideres-deben-ganar-corazones-y-mentes-en-agricultura-y.JPG\",\"contentUrl\":\"https:\/\/arg-agro.com.ar\/actualidad\/wp-content\/uploads\/2026\/09\/McClintock-Lideres-deben-ganar-corazones-y-mentes-en-agricultura-y.JPG\",\"width\":847,\"height\":635},{\"@type\":\"BreadcrumbList\",\"@id\":\"https:\/\/arg-agro.com.ar\/actualidad\/mcclintock-lideres-deben-ganar-corazones-y-mentes-en-agricultura-y-recursos\/#breadcrumb\",\"itemListElement\":[{\"@type\":\"ListItem\",\"position\":1,\"name\":\"Arg-Agro\",\"item\":\"https:\/\/arg-agro.com.ar\/actualidad\/\"},{\"@type\":\"ListItem\",\"position\":2,\"name\":\"McClintock: L\u00edderes deben ganar corazones y mentes en agricultura y recursos\"}]},{\"@type\":\"WebSite\",\"@id\":\"https:\/\/arg-agro.com.ar\/actualidad\/#website\",\"url\":\"https:\/\/arg-agro.com.ar\/actualidad\/\",\"name\":\"ARG-AGRO Semilleria Venta de Semillas e Insumos para el Agro\",\"description\":\"\",\"publisher\":{\"@id\":\"https:\/\/arg-agro.com.ar\/actualidad\/#organization\"},\"potentialAction\":[{\"@type\":\"SearchAction\",\"target\":{\"@type\":\"EntryPoint\",\"urlTemplate\":\"https:\/\/arg-agro.com.ar\/actualidad\/?s={search_term_string}\"},\"query-input\":{\"@type\":\"PropertyValueSpecification\",\"valueRequired\":true,\"valueName\":\"search_term_string\"}}],\"inLanguage\":\"es\"},{\"@type\":\"Organization\",\"@id\":\"https:\/\/arg-agro.com.ar\/actualidad\/#organization\",\"name\":\"ARG-AGRO Semilleria Venta de Semillas e Insumos para el Agro\",\"url\":\"https:\/\/arg-agro.com.ar\/actualidad\/\",\"logo\":{\"@type\":\"ImageObject\",\"inLanguage\":\"es\",\"@id\":\"https:\/\/arg-agro.com.ar\/actualidad\/#\/schema\/logo\/image\/\",\"url\":\"https:\/\/arg-agro.com.ar\/actualidad\/wp-content\/uploads\/2026\/03\/store_logo.png\",\"contentUrl\":\"https:\/\/arg-agro.com.ar\/actualidad\/wp-content\/uploads\/2026\/03\/store_logo.png\",\"width\":270,\"height\":90,\"caption\":\"ARG-AGRO Semilleria Venta de Semillas e Insumos para el Agro\"},\"image\":{\"@id\":\"https:\/\/arg-agro.com.ar\/actualidad\/#\/schema\/logo\/image\/\"}},{\"@type\":\"Person\",\"@id\":\"https:\/\/arg-agro.com.ar\/actualidad\/#\/schema\/person\/6f778d1f6f2c0c1b373aeda7620b7ce3\",\"name\":\"Tom\u00e1s Echeverr\u00eda\",\"image\":{\"@type\":\"ImageObject\",\"inLanguage\":\"es\",\"@id\":\"https:\/\/arg-agro.com.ar\/actualidad\/#\/schema\/person\/image\/\",\"url\":\"https:\/\/arg-agro.com.ar\/actualidad\/wp-content\/uploads\/2026\/03\/Tomas-Echeverria-150x150.jpg\",\"contentUrl\":\"https:\/\/arg-agro.com.ar\/actualidad\/wp-content\/uploads\/2026\/03\/Tomas-Echeverria-150x150.jpg\",\"caption\":\"Tom\u00e1s Echeverr\u00eda\"},\"description\":\"Tom\u00e1s Echeverr\u00eda es especialista en agricultura y manejo sostenible de suelos, con experiencia en sistemas productivos de Argentina. Investiga la optimizaci\u00f3n del riego, la nutrici\u00f3n de cultivos y la adopci\u00f3n de tecnolog\u00edas de agricultura de precisi\u00f3n para mejorar rendimientos. En Arg-Agro, divulga pr\u00e1cticas basadas en evidencia para una producci\u00f3n eficiente y resiliente.\",\"sameAs\":[\"https:\/\/arg-agro.com.ar\/\"]}]}<\/script>\n<!-- \/ Yoast SEO plugin. -->","yoast_head_json":{"title":"McClintock: L\u00edderes deben ganar corazones y mentes en agricultura y recursos - ARG-AGRO Semilleria Venta de Semillas e Insumos para el Agro","robots":{"index":"index","follow":"follow","max-snippet":"max-snippet:-1","max-image-preview":"max-image-preview:large","max-video-preview":"max-video-preview:-1"},"canonical":"https:\/\/arg-agro.com.ar\/actualidad\/mcclintock-lideres-deben-ganar-corazones-y-mentes-en-agricultura-y-recursos\/","og_locale":"es_ES","og_type":"article","og_title":"McClintock: L\u00edderes deben ganar corazones y mentes en agricultura y recursos - ARG-AGRO Semilleria Venta de Semillas e Insumos para el Agro","og_url":"https:\/\/arg-agro.com.ar\/actualidad\/mcclintock-lideres-deben-ganar-corazones-y-mentes-en-agricultura-y-recursos\/","og_site_name":"ARG-AGRO Semilleria Venta de Semillas e Insumos para el Agro","article_published_time":"2026-09-03T14:24:50+00:00","article_modified_time":"2026-09-03T14:24:51+00:00","og_image":[{"width":847,"height":635,"url":"https:\/\/arg-agro.com.ar\/actualidad\/wp-content\/uploads\/2026\/09\/McClintock-Lideres-deben-ganar-corazones-y-mentes-en-agricultura-y.JPG","type":"image\/jpeg"}],"author":"Tom\u00e1s Echeverr\u00eda","twitter_card":"summary_large_image","twitter_misc":{"Escrito por":"Tom\u00e1s Echeverr\u00eda","Tiempo de lectura":"3 minutos"},"schema":{"@context":"https:\/\/schema.org","@graph":[{"@type":"NewsArticle","@id":"https:\/\/arg-agro.com.ar\/actualidad\/mcclintock-lideres-deben-ganar-corazones-y-mentes-en-agricultura-y-recursos\/#article","isPartOf":{"@id":"https:\/\/arg-agro.com.ar\/actualidad\/mcclintock-lideres-deben-ganar-corazones-y-mentes-en-agricultura-y-recursos\/"},"author":{"name":"Tom\u00e1s Echeverr\u00eda","@id":"https:\/\/arg-agro.com.ar\/actualidad\/#\/schema\/person\/6f778d1f6f2c0c1b373aeda7620b7ce3"},"headline":"McClintock: L\u00edderes deben ganar corazones y mentes en agricultura y recursos","datePublished":"2026-09-03T14:24:50+00:00","dateModified":"2026-09-03T14:24:51+00:00","mainEntityOfPage":{"@id":"https:\/\/arg-agro.com.ar\/actualidad\/mcclintock-lideres-deben-ganar-corazones-y-mentes-en-agricultura-y-recursos\/"},"wordCount":688,"publisher":{"@id":"https:\/\/arg-agro.com.ar\/actualidad\/#organization"},"image":{"@id":"https:\/\/arg-agro.com.ar\/actualidad\/mcclintock-lideres-deben-ganar-corazones-y-mentes-en-agricultura-y-recursos\/#primaryimage"},"thumbnailUrl":"https:\/\/arg-agro.com.ar\/actualidad\/wp-content\/uploads\/2026\/09\/McClintock-Lideres-deben-ganar-corazones-y-mentes-en-agricultura-y.JPG","keywords":["agricultura","corazones","deben","ganar","L\u00edderes","McClintock","mentes","recursos"],"articleSection":["Actualidad"],"inLanguage":"es"},{"@type":"WebPage","@id":"https:\/\/arg-agro.com.ar\/actualidad\/mcclintock-lideres-deben-ganar-corazones-y-mentes-en-agricultura-y-recursos\/","url":"https:\/\/arg-agro.com.ar\/actualidad\/mcclintock-lideres-deben-ganar-corazones-y-mentes-en-agricultura-y-recursos\/","name":"McClintock: L\u00edderes deben ganar corazones y mentes en agricultura y recursos - ARG-AGRO Semilleria Venta de Semillas e Insumos para el Agro","isPartOf":{"@id":"https:\/\/arg-agro.com.ar\/actualidad\/#website"},"primaryImageOfPage":{"@id":"https:\/\/arg-agro.com.ar\/actualidad\/mcclintock-lideres-deben-ganar-corazones-y-mentes-en-agricultura-y-recursos\/#primaryimage"},"image":{"@id":"https:\/\/arg-agro.com.ar\/actualidad\/mcclintock-lideres-deben-ganar-corazones-y-mentes-en-agricultura-y-recursos\/#primaryimage"},"thumbnailUrl":"https:\/\/arg-agro.com.ar\/actualidad\/wp-content\/uploads\/2026\/09\/McClintock-Lideres-deben-ganar-corazones-y-mentes-en-agricultura-y.JPG","datePublished":"2026-09-03T14:24:50+00:00","dateModified":"2026-09-03T14:24:51+00:00","breadcrumb":{"@id":"https:\/\/arg-agro.com.ar\/actualidad\/mcclintock-lideres-deben-ganar-corazones-y-mentes-en-agricultura-y-recursos\/#breadcrumb"},"inLanguage":"es","potentialAction":[{"@type":"ReadAction","target":["https:\/\/arg-agro.com.ar\/actualidad\/mcclintock-lideres-deben-ganar-corazones-y-mentes-en-agricultura-y-recursos\/"]}]},{"@type":"ImageObject","inLanguage":"es","@id":"https:\/\/arg-agro.com.ar\/actualidad\/mcclintock-lideres-deben-ganar-corazones-y-mentes-en-agricultura-y-recursos\/#primaryimage","url":"https:\/\/arg-agro.com.ar\/actualidad\/wp-content\/uploads\/2026\/09\/McClintock-Lideres-deben-ganar-corazones-y-mentes-en-agricultura-y.JPG","contentUrl":"https:\/\/arg-agro.com.ar\/actualidad\/wp-content\/uploads\/2026\/09\/McClintock-Lideres-deben-ganar-corazones-y-mentes-en-agricultura-y.JPG","width":847,"height":635},{"@type":"BreadcrumbList","@id":"https:\/\/arg-agro.com.ar\/actualidad\/mcclintock-lideres-deben-ganar-corazones-y-mentes-en-agricultura-y-recursos\/#breadcrumb","itemListElement":[{"@type":"ListItem","position":1,"name":"Arg-Agro","item":"https:\/\/arg-agro.com.ar\/actualidad\/"},{"@type":"ListItem","position":2,"name":"McClintock: L\u00edderes deben ganar corazones y mentes en agricultura y recursos"}]},{"@type":"WebSite","@id":"https:\/\/arg-agro.com.ar\/actualidad\/#website","url":"https:\/\/arg-agro.com.ar\/actualidad\/","name":"ARG-AGRO Semilleria Venta de Semillas e Insumos para el Agro","description":"","publisher":{"@id":"https:\/\/arg-agro.com.ar\/actualidad\/#organization"},"potentialAction":[{"@type":"SearchAction","target":{"@type":"EntryPoint","urlTemplate":"https:\/\/arg-agro.com.ar\/actualidad\/?s={search_term_string}"},"query-input":{"@type":"PropertyValueSpecification","valueRequired":true,"valueName":"search_term_string"}}],"inLanguage":"es"},{"@type":"Organization","@id":"https:\/\/arg-agro.com.ar\/actualidad\/#organization","name":"ARG-AGRO Semilleria Venta de Semillas e Insumos para el Agro","url":"https:\/\/arg-agro.com.ar\/actualidad\/","logo":{"@type":"ImageObject","inLanguage":"es","@id":"https:\/\/arg-agro.com.ar\/actualidad\/#\/schema\/logo\/image\/","url":"https:\/\/arg-agro.com.ar\/actualidad\/wp-content\/uploads\/2026\/03\/store_logo.png","contentUrl":"https:\/\/arg-agro.com.ar\/actualidad\/wp-content\/uploads\/2026\/03\/store_logo.png","width":270,"height":90,"caption":"ARG-AGRO Semilleria Venta de Semillas e Insumos para el Agro"},"image":{"@id":"https:\/\/arg-agro.com.ar\/actualidad\/#\/schema\/logo\/image\/"}},{"@type":"Person","@id":"https:\/\/arg-agro.com.ar\/actualidad\/#\/schema\/person\/6f778d1f6f2c0c1b373aeda7620b7ce3","name":"Tom\u00e1s Echeverr\u00eda","image":{"@type":"ImageObject","inLanguage":"es","@id":"https:\/\/arg-agro.com.ar\/actualidad\/#\/schema\/person\/image\/","url":"https:\/\/arg-agro.com.ar\/actualidad\/wp-content\/uploads\/2026\/03\/Tomas-Echeverria-150x150.jpg","contentUrl":"https:\/\/arg-agro.com.ar\/actualidad\/wp-content\/uploads\/2026\/03\/Tomas-Echeverria-150x150.jpg","caption":"Tom\u00e1s Echeverr\u00eda"},"description":"Tom\u00e1s Echeverr\u00eda es especialista en agricultura y manejo sostenible de suelos, con experiencia en sistemas productivos de Argentina. Investiga la optimizaci\u00f3n del riego, la nutrici\u00f3n de cultivos y la adopci\u00f3n de tecnolog\u00edas de agricultura de precisi\u00f3n para mejorar rendimientos. En Arg-Agro, divulga pr\u00e1cticas basadas en evidencia para una producci\u00f3n eficiente y resiliente.","sameAs":["https:\/\/arg-agro.com.ar\/"]}]}},"_links":{"self":[{"href":"https:\/\/arg-agro.com.ar\/actualidad\/wp-json\/wp\/v2\/posts\/1594","targetHints":{"allow":["GET"]}}],"collection":[{"href":"https:\/\/arg-agro.com.ar\/actualidad\/wp-json\/wp\/v2\/posts"}],"about":[{"href":"https:\/\/arg-agro.com.ar\/actualidad\/wp-json\/wp\/v2\/types\/post"}],"author":[{"embeddable":true,"href":"https:\/\/arg-agro.com.ar\/actualidad\/wp-json\/wp\/v2\/users\/1"}],"replies":[{"embeddable":true,"href":"https:\/\/arg-agro.com.ar\/actualidad\/wp-json\/wp\/v2\/comments?post=1594"}],"version-history":[{"count":1,"href":"https:\/\/arg-agro.com.ar\/actualidad\/wp-json\/wp\/v2\/posts\/1594\/revisions"}],"predecessor-version":[{"id":1596,"href":"https:\/\/arg-agro.com.ar\/actualidad\/wp-json\/wp\/v2\/posts\/1594\/revisions\/1596"}],"wp:featuredmedia":[{"embeddable":true,"href":"https:\/\/arg-agro.com.ar\/actualidad\/wp-json\/wp\/v2\/media\/1595"}],"wp:attachment":[{"href":"https:\/\/arg-agro.com.ar\/actualidad\/wp-json\/wp\/v2\/media?parent=1594"}],"wp:term":[{"taxonomy":"category","embeddable":true,"href":"https:\/\/arg-agro.com.ar\/actualidad\/wp-json\/wp\/v2\/categories?post=1594"}],"curies":[{"name":"wp","href":"https:\/\/api.w.org\/{rel}","templated":true}]}}