{"id":1591,"date":"2026-09-03T09:26:26","date_gmt":"2026-09-03T12:26:26","guid":{"rendered":"https:\/\/arg-agro.com.ar\/actualidad\/funcionario-de-la-oficina-de-reclamacion-promete-acelerar-proyectos-y-asignaciones\/"},"modified":"2026-09-03T09:26:28","modified_gmt":"2026-09-03T12:26:28","slug":"funcionario-de-la-oficina-de-reclamacion-promete-acelerar-proyectos-y-asignaciones","status":"publish","type":"post","link":"https:\/\/arg-agro.com.ar\/actualidad\/funcionario-de-la-oficina-de-reclamacion-promete-acelerar-proyectos-y-asignaciones\/","title":{"rendered":"Funcionario de la Oficina de Reclamaci\u00f3n promete acelerar proyectos y asignaciones"},"content":{"rendered":"<div>\n<table style=\"width: 100%;\">\n<tbody>\n<tr>\n<td style=\"width: 100%; background-color: rgb(239, 239, 239);\">\n<ul>\n<li style=\"font-weight: bold;\"><strong>En un foro sobre agua, Adam Nickels, director regional interino de la Oficina Regional 10 del Bur\u00f3 de Reclamaci\u00f3n de Estados Unidos, se\u00f1al\u00f3 que su oficina se esforz\u00f3 por mover r\u00e1pidamente los 1.000 millones de d\u00f3lares destinados a proyectos de almacenamiento y conducci\u00f3n de agua en el Oeste, financiados por la One Big Beautiful Bill.<\/strong><\/li>\n<li style=\"font-weight: bold;\"><strong>Los proyectos de California recibieron 540 millones de esa financiaci\u00f3n, incluyendo 235 millones para la rehabilitaci\u00f3n del Delta-Mendota Canal y 200 millones para los esfuerzos de correcci\u00f3n de subsidencia del Friant-Kern Canal.<\/strong><\/li>\n<li style=\"font-weight: bold;\"><strong>Nickels tambi\u00e9n dijo que la agencia est\u00e1 trabajando para modernizar lo que \u00e9l llama su proceso \u201ctorpe\u201d de pronosticar el agua disponible para las asignaciones del Central Valley Project.<\/strong><\/li>\n<\/ul>\n<\/td>\n<\/tr>\n<\/tbody>\n<\/table>\n<p>En respuesta a las cr\u00edticas de que su agencia se mueve demasiado lento, un alto funcionario de la Costa Oeste de la U.S. Bureau of Reclamation prometi\u00f3 seguir mejorando la velocidad con la que la agencia aprueba proyectos de conducci\u00f3n y almacenamiento y las asignaciones de agua del Central Valley Project.<\/p>\n<p>Adam Nickels, director interino de la oficina Region 10 de la agencia, que atiende a la mayor parte de California y a partes de Nevada y Oregon, se\u00f1al\u00f3 que su oficina se esforz\u00f3 por mover r\u00e1pidamente los 1.000 millones de d\u00f3lares para proyectos de almacenamiento y conducci\u00f3n de agua en el Oeste, previstos en el omnibus de gasto conocido como One Big Beautiful Bill, aprobado el a\u00f1o pasado por el presidente Donald Trump.<\/p>\n<p>Los proyectos en California recibieron 540 millones de esa financiaci\u00f3n, que incluyen 235 millones para la rehabilitaci\u00f3n del Delta-Mendota Canal, 200 millones para las mejoras de correcci\u00f3n de subsidencia del Friant-Kern Canal, 50 millones para el San Luis Canal, 15 millones para mejoras en la tasa de caudal de la planta de bombeo de Tehama-Colusa Canal Authority, y 40 millones para estudiar el aumento de la presa Shasta.<\/p>\n<p>\u201cPudimos comprometer ese dinero tan pronto como se anunci\u00f3 que estaba disponible,\u201d dijo Nickels durante un foro sobre agua la semana pasada en Turlock, California. \u201cPudimos sacarlo en un plazo de tres meses, lo cual es un tiempo r\u00e9cord para que el gobierno federal mueva el dinero tan r\u00e1pido. La administraci\u00f3n nos est\u00e1 ayudando a mover esos fondos y nos est\u00e1 dando herramientas nuevas para acelerar la liberaci\u00f3n de dinero.\u201d<\/p>\n<p>Nickels tambi\u00e9n dijo que la agencia est\u00e1 trabajando para modernizar lo que \u00e9l llama su proceso \u201ctorpe\u201d de pronosticar el agua disponible para las asignaciones del Central Valley Project, que ha sido criticado durante a\u00f1os por los agricultores que dicen que las actualizaciones a menudo son parcas y llegan demasiado tarde para influir en las decisiones de plantaci\u00f3n.<\/p>\n<p>Este a\u00f1o, por ejemplo, Reclamation anunci\u00f3 la asignaci\u00f3n inicial para los regantes del CVP al sur del Delta de Sacramento-San Joaqu\u00edn en el 15% de los suministros contratados en febrero, a pesar de que muchas \u00e1reas en el Valle de San Joaqu\u00edn estaban recibiendo lluvias por encima del promedio y los niveles de los embalses en el estado estaban por encima de lo normal.<\/p>\n<div class=\"fr-img-space-wrap\"><span class=\"fr-img-caption\" style=\"width: 300px; margin: 0px 0px 0px 10px; display: inline-block; vertical-align: bottom; float: right; max-width: calc(100% - 5px); text-align: right;\"><span class=\"fr-img-wrap\" style=\"text-align: left;\"><span class=\"fr-inner\" style=\"text-align: left;\">Adam Nickels of the Bureau of Reclamation\u2019s Region 10 office talks with water attorney John Herrick after a forum Aug. 27 in Turlock, California. (Agri-Pulse photo\/Tim Hearden)<\/span><\/span><\/span><\/div>\n<p>Esa asignaci\u00f3n aument\u00f3 al 20% en marzo, 25% en mayo y, finalmente, 28% el 11 de agosto. Las asignaciones suelen incrementarse a medida que avanza la temporada si las tormentas tard\u00edas lo permiten, pero Allison Febbo, directora general del Westlands Water District, dijo que un incremento del 3% a mediados del verano solo resalta la necesidad de modernizar el sistema de gesti\u00f3n del agua de California.<\/p>\n<p>\u201cTenemos que encontrar una manera de hacer esto un poco mejor,\u201d reconoci\u00f3 Nickels en el foro del 27 de agosto, organizado por el representante Tom McClintock, republicano de California.<\/p>\n<p>La oficina ha buscado acelerar y maximizar las entregas de agua modificando sus reglas operativas, incluida la colaboraci\u00f3n con el Departamento de Recursos H\u00eddricos de California para reducir las liberaciones de agua dulce durante el verano y el oto\u00f1o para el end\u00e9mico Delta smelt que se ha se\u00f1alado como responsable de dejar muy poca agua para los agricultores del Valle Central.<\/p>\n<p>La oficina tambi\u00e9n est\u00e1 invirtiendo en mejores tecnolog\u00edas de monitoreo de nieve y en la implementaci\u00f3n de una gesti\u00f3n de embalses basada en pron\u00f3sticos, inform\u00f3 la agencia al Congreso en un informe del a\u00f1o pasado.<\/p>\n<p>Nickels dijo que Reclamation planea organizar una cumbre este oto\u00f1o sobre sus esfuerzos para \u201cobtener pron\u00f3sticos m\u00e1s tempranos y fiables\u201d y \u201csacar agua antes\u201d.<\/p>\n<p>Nickels fue uno de varios l\u00edderes de agencias federales que dieron informes en el foro, que reuni\u00f3 a agricultores, funcionarios locales, representantes de distritos de riego y otros para abordar cuestiones centrales de la econom\u00eda agr\u00edcola de la regi\u00f3n.<\/p>\n<p>Otros l\u00edderes de agencias presentes en el evento incluyeron a Connie Conway, directora ejecutiva estatal de la Farm Service Agency; Bryan Anguiano, director estatal de USDA Rural Development; Donald Ratcliff, director regional interino del U.S. Fish and Wildlife Service; y Michael Mayfield, asesor regional de la U.S. Environmental Protection Agency.<\/p>\n<p>Una amplia gama de temas se abordaron en la mesa redonda, incluida una discusi\u00f3n sobre el gasto continuo de programas del USDA destinados a fortalecer la infraestructura rural. Rural Development del USDA est\u00e1 llevando a cabo unos 40 proyectos en California, incluyendo energ\u00eda limpia, banda ancha rural y facilidades comunitarias.<\/p>\n<p>Los invitados del foro acreditaron a los funcionarios federales por asistir y ofrecieron comentarios sobre una variedad de desaf\u00edos del Valle de San Joaqu\u00edn, incluyendo problemas de calidad del aire derivados de tierras en barbecho; la burocracia en el Cuerpo de Ingenieros del Ej\u00e9rcito de EE. UU. que obstaculiza proyectos; y los impactos en los sistemas de agua por la invasiva almeja dorada.<\/p>\n<p>El cultivo de Mike Gallo se\u00f1al\u00f3 que las previsiones a largo plazo indican condiciones fuertes de El Ni\u00f1o, lo que podr\u00eda traer lluvias torrenciales al valle. Se\u00f1al\u00f3 que las tormentas de 2023 dejaron a \u201ccomunidades enteras bajo el agua,\u201d y a\u00f1adi\u00f3 que los agricultores est\u00e1n dispuestos a usar el agua excedente para la recarga de aguas subterr\u00e1neas si obtienen cr\u00e9ditos que les permitan extraer m\u00e1s agua en el futuro.<\/p>\n<p>\u201cTodos necesitan empezar a mover algo de este agua para avanzar,\u201d dijo Gallo.<\/p>\n<p>Nickels se\u00f1al\u00f3 que los agricultores pueden aprovechar el programa WaterSMART de la oficina, que ofrece subvenciones para proyectos de conservaci\u00f3n y eficiencia h\u00eddrica a peque\u00f1a escala. Los propietarios de tierras tambi\u00e9n pueden firmar contratos a corto plazo de la Secci\u00f3n 215, lo que les permitir\u00eda acceder a flujos de inundaci\u00f3n no almacenables de proyectos h\u00eddricos federales.<\/p>\n<p>\u201cEstoy buscando lugares para colocar el agua,\u201d dijo Nickels, a\u00f1adiendo que los planificadores h\u00eddricos anticipaban las tormentas de 2023. \u201cEl agua se estaba yendo para todos lados.\u201d<\/p>\n<\/div>\n","protected":false},"excerpt":{"rendered":"","protected":false},"author":1,"featured_media":1592,"comment_status":"closed","ping_status":"closed","sticky":false,"template":"","format":"standard","meta":{"footnotes":""},"categories":[1],"class_list":["post-1591","post","type-post","status-publish","format-standard","has-post-thumbnail","hentry","category-actualidad","generate-columns","tablet-grid-50","mobile-grid-100","grid-parent","grid-50"],"yoast_head":"<!-- This site is optimized with the Yoast SEO plugin v27.0 - https:\/\/yoast.com\/product\/yoast-seo-wordpress\/ -->\n<title>Funcionario de la Oficina de Reclamaci\u00f3n promete acelerar proyectos y asignaciones - ARG-AGRO Semilleria Venta de Semillas e Insumos para el Agro<\/title>\n<meta name=\"robots\" content=\"index, follow, max-snippet:-1, max-image-preview:large, max-video-preview:-1\" \/>\n<link rel=\"canonical\" href=\"https:\/\/arg-agro.com.ar\/actualidad\/funcionario-de-la-oficina-de-reclamacion-promete-acelerar-proyectos-y-asignaciones\/\" \/>\n<meta property=\"og:locale\" content=\"es_ES\" \/>\n<meta property=\"og:type\" content=\"article\" \/>\n<meta property=\"og:title\" content=\"Funcionario de la Oficina de Reclamaci\u00f3n promete acelerar proyectos y asignaciones - ARG-AGRO Semilleria Venta de Semillas e Insumos para el Agro\" \/>\n<meta property=\"og:url\" content=\"https:\/\/arg-agro.com.ar\/actualidad\/funcionario-de-la-oficina-de-reclamacion-promete-acelerar-proyectos-y-asignaciones\/\" \/>\n<meta property=\"og:site_name\" content=\"ARG-AGRO Semilleria Venta de Semillas e Insumos para el Agro\" \/>\n<meta property=\"article:published_time\" content=\"2026-09-03T12:26:26+00:00\" \/>\n<meta property=\"article:modified_time\" content=\"2026-09-03T12:26:28+00:00\" \/>\n<meta property=\"og:image\" content=\"https:\/\/arg-agro.com.ar\/actualidad\/wp-content\/uploads\/2026\/09\/1788438388_Funcionario-de-la-Oficina-de-Reclamacion-promete-acelerar-proyectos-y.JPG\" \/>\n\t<meta property=\"og:image:width\" content=\"847\" \/>\n\t<meta property=\"og:image:height\" content=\"635\" \/>\n\t<meta property=\"og:image:type\" content=\"image\/jpeg\" \/>\n<meta name=\"author\" content=\"Tom\u00e1s Echeverr\u00eda\" \/>\n<meta name=\"twitter:card\" content=\"summary_large_image\" \/>\n<meta name=\"twitter:label1\" content=\"Escrito por\" \/>\n\t<meta name=\"twitter:data1\" content=\"Tom\u00e1s Echeverr\u00eda\" \/>\n\t<meta name=\"twitter:label2\" content=\"Tiempo de lectura\" \/>\n\t<meta name=\"twitter:data2\" content=\"6 minutos\" \/>\n<script type=\"application\/ld+json\" class=\"yoast-schema-graph\">{\"@context\":\"https:\/\/schema.org\",\"@graph\":[{\"@type\":\"NewsArticle\",\"@id\":\"https:\/\/arg-agro.com.ar\/actualidad\/funcionario-de-la-oficina-de-reclamacion-promete-acelerar-proyectos-y-asignaciones\/#article\",\"isPartOf\":{\"@id\":\"https:\/\/arg-agro.com.ar\/actualidad\/funcionario-de-la-oficina-de-reclamacion-promete-acelerar-proyectos-y-asignaciones\/\"},\"author\":{\"name\":\"Tom\u00e1s Echeverr\u00eda\",\"@id\":\"https:\/\/arg-agro.com.ar\/actualidad\/#\/schema\/person\/6f778d1f6f2c0c1b373aeda7620b7ce3\"},\"headline\":\"Funcionario de la Oficina de Reclamaci\u00f3n promete acelerar proyectos y asignaciones\",\"datePublished\":\"2026-09-03T12:26:26+00:00\",\"dateModified\":\"2026-09-03T12:26:28+00:00\",\"mainEntityOfPage\":{\"@id\":\"https:\/\/arg-agro.com.ar\/actualidad\/funcionario-de-la-oficina-de-reclamacion-promete-acelerar-proyectos-y-asignaciones\/\"},\"wordCount\":1177,\"publisher\":{\"@id\":\"https:\/\/arg-agro.com.ar\/actualidad\/#organization\"},\"image\":{\"@id\":\"https:\/\/arg-agro.com.ar\/actualidad\/funcionario-de-la-oficina-de-reclamacion-promete-acelerar-proyectos-y-asignaciones\/#primaryimage\"},\"thumbnailUrl\":\"https:\/\/arg-agro.com.ar\/actualidad\/wp-content\/uploads\/2026\/09\/1788438388_Funcionario-de-la-Oficina-de-Reclamacion-promete-acelerar-proyectos-y.JPG\",\"keywords\":[\"acelerar\",\"asignaciones\",\"Funcionario\",\"Oficina\",\"promete\",\"Proyectos\",\"Reclamaci\u00f3n\"],\"articleSection\":[\"Actualidad\"],\"inLanguage\":\"es\"},{\"@type\":\"WebPage\",\"@id\":\"https:\/\/arg-agro.com.ar\/actualidad\/funcionario-de-la-oficina-de-reclamacion-promete-acelerar-proyectos-y-asignaciones\/\",\"url\":\"https:\/\/arg-agro.com.ar\/actualidad\/funcionario-de-la-oficina-de-reclamacion-promete-acelerar-proyectos-y-asignaciones\/\",\"name\":\"Funcionario de la Oficina de Reclamaci\u00f3n promete acelerar proyectos y asignaciones - ARG-AGRO Semilleria Venta de Semillas e Insumos para el Agro\",\"isPartOf\":{\"@id\":\"https:\/\/arg-agro.com.ar\/actualidad\/#website\"},\"primaryImageOfPage\":{\"@id\":\"https:\/\/arg-agro.com.ar\/actualidad\/funcionario-de-la-oficina-de-reclamacion-promete-acelerar-proyectos-y-asignaciones\/#primaryimage\"},\"image\":{\"@id\":\"https:\/\/arg-agro.com.ar\/actualidad\/funcionario-de-la-oficina-de-reclamacion-promete-acelerar-proyectos-y-asignaciones\/#primaryimage\"},\"thumbnailUrl\":\"https:\/\/arg-agro.com.ar\/actualidad\/wp-content\/uploads\/2026\/09\/1788438388_Funcionario-de-la-Oficina-de-Reclamacion-promete-acelerar-proyectos-y.JPG\",\"datePublished\":\"2026-09-03T12:26:26+00:00\",\"dateModified\":\"2026-09-03T12:26:28+00:00\",\"breadcrumb\":{\"@id\":\"https:\/\/arg-agro.com.ar\/actualidad\/funcionario-de-la-oficina-de-reclamacion-promete-acelerar-proyectos-y-asignaciones\/#breadcrumb\"},\"inLanguage\":\"es\",\"potentialAction\":[{\"@type\":\"ReadAction\",\"target\":[\"https:\/\/arg-agro.com.ar\/actualidad\/funcionario-de-la-oficina-de-reclamacion-promete-acelerar-proyectos-y-asignaciones\/\"]}]},{\"@type\":\"ImageObject\",\"inLanguage\":\"es\",\"@id\":\"https:\/\/arg-agro.com.ar\/actualidad\/funcionario-de-la-oficina-de-reclamacion-promete-acelerar-proyectos-y-asignaciones\/#primaryimage\",\"url\":\"https:\/\/arg-agro.com.ar\/actualidad\/wp-content\/uploads\/2026\/09\/1788438388_Funcionario-de-la-Oficina-de-Reclamacion-promete-acelerar-proyectos-y.JPG\",\"contentUrl\":\"https:\/\/arg-agro.com.ar\/actualidad\/wp-content\/uploads\/2026\/09\/1788438388_Funcionario-de-la-Oficina-de-Reclamacion-promete-acelerar-proyectos-y.JPG\",\"width\":847,\"height\":635},{\"@type\":\"BreadcrumbList\",\"@id\":\"https:\/\/arg-agro.com.ar\/actualidad\/funcionario-de-la-oficina-de-reclamacion-promete-acelerar-proyectos-y-asignaciones\/#breadcrumb\",\"itemListElement\":[{\"@type\":\"ListItem\",\"position\":1,\"name\":\"Arg-Agro\",\"item\":\"https:\/\/arg-agro.com.ar\/actualidad\/\"},{\"@type\":\"ListItem\",\"position\":2,\"name\":\"Funcionario de la Oficina de Reclamaci\u00f3n promete acelerar proyectos y asignaciones\"}]},{\"@type\":\"WebSite\",\"@id\":\"https:\/\/arg-agro.com.ar\/actualidad\/#website\",\"url\":\"https:\/\/arg-agro.com.ar\/actualidad\/\",\"name\":\"ARG-AGRO Semilleria Venta de Semillas e Insumos para el Agro\",\"description\":\"\",\"publisher\":{\"@id\":\"https:\/\/arg-agro.com.ar\/actualidad\/#organization\"},\"potentialAction\":[{\"@type\":\"SearchAction\",\"target\":{\"@type\":\"EntryPoint\",\"urlTemplate\":\"https:\/\/arg-agro.com.ar\/actualidad\/?s={search_term_string}\"},\"query-input\":{\"@type\":\"PropertyValueSpecification\",\"valueRequired\":true,\"valueName\":\"search_term_string\"}}],\"inLanguage\":\"es\"},{\"@type\":\"Organization\",\"@id\":\"https:\/\/arg-agro.com.ar\/actualidad\/#organization\",\"name\":\"ARG-AGRO Semilleria Venta de Semillas e Insumos para el Agro\",\"url\":\"https:\/\/arg-agro.com.ar\/actualidad\/\",\"logo\":{\"@type\":\"ImageObject\",\"inLanguage\":\"es\",\"@id\":\"https:\/\/arg-agro.com.ar\/actualidad\/#\/schema\/logo\/image\/\",\"url\":\"https:\/\/arg-agro.com.ar\/actualidad\/wp-content\/uploads\/2026\/03\/store_logo.png\",\"contentUrl\":\"https:\/\/arg-agro.com.ar\/actualidad\/wp-content\/uploads\/2026\/03\/store_logo.png\",\"width\":270,\"height\":90,\"caption\":\"ARG-AGRO Semilleria Venta de Semillas e Insumos para el Agro\"},\"image\":{\"@id\":\"https:\/\/arg-agro.com.ar\/actualidad\/#\/schema\/logo\/image\/\"}},{\"@type\":\"Person\",\"@id\":\"https:\/\/arg-agro.com.ar\/actualidad\/#\/schema\/person\/6f778d1f6f2c0c1b373aeda7620b7ce3\",\"name\":\"Tom\u00e1s Echeverr\u00eda\",\"image\":{\"@type\":\"ImageObject\",\"inLanguage\":\"es\",\"@id\":\"https:\/\/arg-agro.com.ar\/actualidad\/#\/schema\/person\/image\/\",\"url\":\"https:\/\/arg-agro.com.ar\/actualidad\/wp-content\/uploads\/2026\/03\/Tomas-Echeverria-150x150.jpg\",\"contentUrl\":\"https:\/\/arg-agro.com.ar\/actualidad\/wp-content\/uploads\/2026\/03\/Tomas-Echeverria-150x150.jpg\",\"caption\":\"Tom\u00e1s Echeverr\u00eda\"},\"description\":\"Tom\u00e1s Echeverr\u00eda es especialista en agricultura y manejo sostenible de suelos, con experiencia en sistemas productivos de Argentina. Investiga la optimizaci\u00f3n del riego, la nutrici\u00f3n de cultivos y la adopci\u00f3n de tecnolog\u00edas de agricultura de precisi\u00f3n para mejorar rendimientos. En Arg-Agro, divulga pr\u00e1cticas basadas en evidencia para una producci\u00f3n eficiente y resiliente.\",\"sameAs\":[\"https:\/\/arg-agro.com.ar\/\"]}]}<\/script>\n<!-- \/ Yoast SEO plugin. -->","yoast_head_json":{"title":"Funcionario de la Oficina de Reclamaci\u00f3n promete acelerar proyectos y asignaciones - ARG-AGRO Semilleria Venta de Semillas e Insumos para el Agro","robots":{"index":"index","follow":"follow","max-snippet":"max-snippet:-1","max-image-preview":"max-image-preview:large","max-video-preview":"max-video-preview:-1"},"canonical":"https:\/\/arg-agro.com.ar\/actualidad\/funcionario-de-la-oficina-de-reclamacion-promete-acelerar-proyectos-y-asignaciones\/","og_locale":"es_ES","og_type":"article","og_title":"Funcionario de la Oficina de Reclamaci\u00f3n promete acelerar proyectos y asignaciones - ARG-AGRO Semilleria Venta de Semillas e Insumos para el Agro","og_url":"https:\/\/arg-agro.com.ar\/actualidad\/funcionario-de-la-oficina-de-reclamacion-promete-acelerar-proyectos-y-asignaciones\/","og_site_name":"ARG-AGRO Semilleria Venta de Semillas e Insumos para el Agro","article_published_time":"2026-09-03T12:26:26+00:00","article_modified_time":"2026-09-03T12:26:28+00:00","og_image":[{"width":847,"height":635,"url":"https:\/\/arg-agro.com.ar\/actualidad\/wp-content\/uploads\/2026\/09\/1788438388_Funcionario-de-la-Oficina-de-Reclamacion-promete-acelerar-proyectos-y.JPG","type":"image\/jpeg"}],"author":"Tom\u00e1s Echeverr\u00eda","twitter_card":"summary_large_image","twitter_misc":{"Escrito por":"Tom\u00e1s Echeverr\u00eda","Tiempo de lectura":"6 minutos"},"schema":{"@context":"https:\/\/schema.org","@graph":[{"@type":"NewsArticle","@id":"https:\/\/arg-agro.com.ar\/actualidad\/funcionario-de-la-oficina-de-reclamacion-promete-acelerar-proyectos-y-asignaciones\/#article","isPartOf":{"@id":"https:\/\/arg-agro.com.ar\/actualidad\/funcionario-de-la-oficina-de-reclamacion-promete-acelerar-proyectos-y-asignaciones\/"},"author":{"name":"Tom\u00e1s Echeverr\u00eda","@id":"https:\/\/arg-agro.com.ar\/actualidad\/#\/schema\/person\/6f778d1f6f2c0c1b373aeda7620b7ce3"},"headline":"Funcionario de la Oficina de Reclamaci\u00f3n promete acelerar proyectos y asignaciones","datePublished":"2026-09-03T12:26:26+00:00","dateModified":"2026-09-03T12:26:28+00:00","mainEntityOfPage":{"@id":"https:\/\/arg-agro.com.ar\/actualidad\/funcionario-de-la-oficina-de-reclamacion-promete-acelerar-proyectos-y-asignaciones\/"},"wordCount":1177,"publisher":{"@id":"https:\/\/arg-agro.com.ar\/actualidad\/#organization"},"image":{"@id":"https:\/\/arg-agro.com.ar\/actualidad\/funcionario-de-la-oficina-de-reclamacion-promete-acelerar-proyectos-y-asignaciones\/#primaryimage"},"thumbnailUrl":"https:\/\/arg-agro.com.ar\/actualidad\/wp-content\/uploads\/2026\/09\/1788438388_Funcionario-de-la-Oficina-de-Reclamacion-promete-acelerar-proyectos-y.JPG","keywords":["acelerar","asignaciones","Funcionario","Oficina","promete","Proyectos","Reclamaci\u00f3n"],"articleSection":["Actualidad"],"inLanguage":"es"},{"@type":"WebPage","@id":"https:\/\/arg-agro.com.ar\/actualidad\/funcionario-de-la-oficina-de-reclamacion-promete-acelerar-proyectos-y-asignaciones\/","url":"https:\/\/arg-agro.com.ar\/actualidad\/funcionario-de-la-oficina-de-reclamacion-promete-acelerar-proyectos-y-asignaciones\/","name":"Funcionario de la Oficina de Reclamaci\u00f3n promete acelerar proyectos y asignaciones - ARG-AGRO Semilleria Venta de Semillas e Insumos para el Agro","isPartOf":{"@id":"https:\/\/arg-agro.com.ar\/actualidad\/#website"},"primaryImageOfPage":{"@id":"https:\/\/arg-agro.com.ar\/actualidad\/funcionario-de-la-oficina-de-reclamacion-promete-acelerar-proyectos-y-asignaciones\/#primaryimage"},"image":{"@id":"https:\/\/arg-agro.com.ar\/actualidad\/funcionario-de-la-oficina-de-reclamacion-promete-acelerar-proyectos-y-asignaciones\/#primaryimage"},"thumbnailUrl":"https:\/\/arg-agro.com.ar\/actualidad\/wp-content\/uploads\/2026\/09\/1788438388_Funcionario-de-la-Oficina-de-Reclamacion-promete-acelerar-proyectos-y.JPG","datePublished":"2026-09-03T12:26:26+00:00","dateModified":"2026-09-03T12:26:28+00:00","breadcrumb":{"@id":"https:\/\/arg-agro.com.ar\/actualidad\/funcionario-de-la-oficina-de-reclamacion-promete-acelerar-proyectos-y-asignaciones\/#breadcrumb"},"inLanguage":"es","potentialAction":[{"@type":"ReadAction","target":["https:\/\/arg-agro.com.ar\/actualidad\/funcionario-de-la-oficina-de-reclamacion-promete-acelerar-proyectos-y-asignaciones\/"]}]},{"@type":"ImageObject","inLanguage":"es","@id":"https:\/\/arg-agro.com.ar\/actualidad\/funcionario-de-la-oficina-de-reclamacion-promete-acelerar-proyectos-y-asignaciones\/#primaryimage","url":"https:\/\/arg-agro.com.ar\/actualidad\/wp-content\/uploads\/2026\/09\/1788438388_Funcionario-de-la-Oficina-de-Reclamacion-promete-acelerar-proyectos-y.JPG","contentUrl":"https:\/\/arg-agro.com.ar\/actualidad\/wp-content\/uploads\/2026\/09\/1788438388_Funcionario-de-la-Oficina-de-Reclamacion-promete-acelerar-proyectos-y.JPG","width":847,"height":635},{"@type":"BreadcrumbList","@id":"https:\/\/arg-agro.com.ar\/actualidad\/funcionario-de-la-oficina-de-reclamacion-promete-acelerar-proyectos-y-asignaciones\/#breadcrumb","itemListElement":[{"@type":"ListItem","position":1,"name":"Arg-Agro","item":"https:\/\/arg-agro.com.ar\/actualidad\/"},{"@type":"ListItem","position":2,"name":"Funcionario de la Oficina de Reclamaci\u00f3n promete acelerar proyectos y asignaciones"}]},{"@type":"WebSite","@id":"https:\/\/arg-agro.com.ar\/actualidad\/#website","url":"https:\/\/arg-agro.com.ar\/actualidad\/","name":"ARG-AGRO Semilleria Venta de Semillas e Insumos para el Agro","description":"","publisher":{"@id":"https:\/\/arg-agro.com.ar\/actualidad\/#organization"},"potentialAction":[{"@type":"SearchAction","target":{"@type":"EntryPoint","urlTemplate":"https:\/\/arg-agro.com.ar\/actualidad\/?s={search_term_string}"},"query-input":{"@type":"PropertyValueSpecification","valueRequired":true,"valueName":"search_term_string"}}],"inLanguage":"es"},{"@type":"Organization","@id":"https:\/\/arg-agro.com.ar\/actualidad\/#organization","name":"ARG-AGRO Semilleria Venta de Semillas e Insumos para el Agro","url":"https:\/\/arg-agro.com.ar\/actualidad\/","logo":{"@type":"ImageObject","inLanguage":"es","@id":"https:\/\/arg-agro.com.ar\/actualidad\/#\/schema\/logo\/image\/","url":"https:\/\/arg-agro.com.ar\/actualidad\/wp-content\/uploads\/2026\/03\/store_logo.png","contentUrl":"https:\/\/arg-agro.com.ar\/actualidad\/wp-content\/uploads\/2026\/03\/store_logo.png","width":270,"height":90,"caption":"ARG-AGRO Semilleria Venta de Semillas e Insumos para el Agro"},"image":{"@id":"https:\/\/arg-agro.com.ar\/actualidad\/#\/schema\/logo\/image\/"}},{"@type":"Person","@id":"https:\/\/arg-agro.com.ar\/actualidad\/#\/schema\/person\/6f778d1f6f2c0c1b373aeda7620b7ce3","name":"Tom\u00e1s Echeverr\u00eda","image":{"@type":"ImageObject","inLanguage":"es","@id":"https:\/\/arg-agro.com.ar\/actualidad\/#\/schema\/person\/image\/","url":"https:\/\/arg-agro.com.ar\/actualidad\/wp-content\/uploads\/2026\/03\/Tomas-Echeverria-150x150.jpg","contentUrl":"https:\/\/arg-agro.com.ar\/actualidad\/wp-content\/uploads\/2026\/03\/Tomas-Echeverria-150x150.jpg","caption":"Tom\u00e1s Echeverr\u00eda"},"description":"Tom\u00e1s Echeverr\u00eda es especialista en agricultura y manejo sostenible de suelos, con experiencia en sistemas productivos de Argentina. Investiga la optimizaci\u00f3n del riego, la nutrici\u00f3n de cultivos y la adopci\u00f3n de tecnolog\u00edas de agricultura de precisi\u00f3n para mejorar rendimientos. En Arg-Agro, divulga pr\u00e1cticas basadas en evidencia para una producci\u00f3n eficiente y resiliente.","sameAs":["https:\/\/arg-agro.com.ar\/"]}]}},"_links":{"self":[{"href":"https:\/\/arg-agro.com.ar\/actualidad\/wp-json\/wp\/v2\/posts\/1591","targetHints":{"allow":["GET"]}}],"collection":[{"href":"https:\/\/arg-agro.com.ar\/actualidad\/wp-json\/wp\/v2\/posts"}],"about":[{"href":"https:\/\/arg-agro.com.ar\/actualidad\/wp-json\/wp\/v2\/types\/post"}],"author":[{"embeddable":true,"href":"https:\/\/arg-agro.com.ar\/actualidad\/wp-json\/wp\/v2\/users\/1"}],"replies":[{"embeddable":true,"href":"https:\/\/arg-agro.com.ar\/actualidad\/wp-json\/wp\/v2\/comments?post=1591"}],"version-history":[{"count":1,"href":"https:\/\/arg-agro.com.ar\/actualidad\/wp-json\/wp\/v2\/posts\/1591\/revisions"}],"predecessor-version":[{"id":1593,"href":"https:\/\/arg-agro.com.ar\/actualidad\/wp-json\/wp\/v2\/posts\/1591\/revisions\/1593"}],"wp:featuredmedia":[{"embeddable":true,"href":"https:\/\/arg-agro.com.ar\/actualidad\/wp-json\/wp\/v2\/media\/1592"}],"wp:attachment":[{"href":"https:\/\/arg-agro.com.ar\/actualidad\/wp-json\/wp\/v2\/media?parent=1591"}],"wp:term":[{"taxonomy":"category","embeddable":true,"href":"https:\/\/arg-agro.com.ar\/actualidad\/wp-json\/wp\/v2\/categories?post=1591"}],"curies":[{"name":"wp","href":"https:\/\/api.w.org\/{rel}","templated":true}]}}