{"id":1588,"date":"2026-09-03T07:26:18","date_gmt":"2026-09-03T10:26:18","guid":{"rendered":"https:\/\/arg-agro.com.ar\/actualidad\/la-sesion-legislativa-de-california-concluye-con-criticas-mixtas-del-sector-agricola\/"},"modified":"2026-09-03T07:26:20","modified_gmt":"2026-09-03T10:26:20","slug":"la-sesion-legislativa-de-california-concluye-con-criticas-mixtas-del-sector-agricola","status":"publish","type":"post","link":"https:\/\/arg-agro.com.ar\/actualidad\/la-sesion-legislativa-de-california-concluye-con-criticas-mixtas-del-sector-agricola\/","title":{"rendered":"La sesi\u00f3n legislativa de California concluye con cr\u00edticas mixtas del sector agr\u00edcola"},"content":{"rendered":"<p><\/p>\n<div>\n<p>Una sesi\u00f3n presupuestaria el martes por la ma\u00f1ana cerr\u00f3 la sesi\u00f3n 2025-2026 de la Legislatura de California tras un fin de semana marat\u00f3nico de regateos y votos que, seg\u00fan los l\u00edderes de los grupos agropecuarios, arroj\u00f3 resultados mixtos.<\/p>\n<p>Los legisladores se apresuraron a encontrar una soluci\u00f3n a un aumento masivo del salario de los pastores de cabras que amenazaba con poner fuera de negocio a decenas de ranchos, y aprobaron 2,5 millones de d\u00f3lares para un fondo de compensaci\u00f3n para ganaderos cuyos animales son asesinados por lobos.<\/p>\n<p>Pero usaron una maniobra de \u00faltimo minuto para revivir un proyecto de ley oponido por el sector agr\u00edcola que permitir\u00eda a los propietarios salir de sus contratos de preservaci\u00f3n de tierras de la Ley Williamson cuando se aprueben proyectos solares certificados en cuencas de agua cr\u00edticamente sobreexplotadas.<\/p>\n<p>La Legislatura tampoco logr\u00f3 eliminar una ley de casi 50 a\u00f1os que exige que un operador est\u00e9 f\u00edsicamente al mando mientras el equipo agr\u00edcola est\u00e1 en movimiento.<\/p>\n<p>\u201cUna vez m\u00e1s, esta Legislatura promovi\u00f3 pol\u00edticas que aumentan los costos, generan incertidumbre y colocan a los agricultores y ganaderos de California en una desventaja competitiva a\u00fan mayor en comparaci\u00f3n con los productores de otros estados y pa\u00edses,\u201d afirm\u00f3 Shannon Douglass, presidenta de la California Farm Bureau, en un comunicado.<\/p>\n<p>\u201cA medida que la industria se consolida en menos productores que cultivan una gama m\u00e1s estrecha de cultivos, la capacidad de California para producir m\u00e1s de 400 productos est\u00e1 en peligro,\u201d a\u00f1adi\u00f3. \u201cEsperamos que los legisladores eval\u00faen estas consecuencias con cuidado y decidan si quieren respaldar a la agricultura en este estado o hacer m\u00e1s dif\u00edcil cultivar comida aqu\u00ed en casa.\u201d<\/p>\n<p>La agricultura tambi\u00e9n obtuvo victorias, entre ellas dos medidas de resiliencia frente a incendios patrocinadas por la California Cattlemen\u2019s Association aprobadas por la Legislatura en los d\u00edas recientes. Los proyectos de ley de la Asamblea 1699 y 1891, que ambos contemplan los usos beneficiosos del fuego prescrito, se dirigen al escritorio del gobernador Gavin Newsom.<\/p>\n<p>Los legisladores presentaron aproximadamente 2.350 proyectos de ley este a\u00f1o, y las comisiones revisaron cientos en los d\u00edas finales antes de que su sesi\u00f3n terminara por mandato constitucional a la medianoche del 31 de agosto. Newsom tiene hasta el 30 de septiembre para firmar o vetar los proyectos de ley enviados a su escritorio.<\/p>\n<p>A continuaci\u00f3n, un resumen de la legislaci\u00f3n destacada para la agricultura y los residentes rurales.<\/p>\n<p><strong>Ley Williamson:<\/strong> La asamble\u00edsta Buffy Wicks, dem\u00f3crata de Oakland, utiliz\u00f3 un proceso conocido como \u201cgut and amend\u201d para revivir el AB 1156, que dispone que los contratos de la Ley Williamson sean anulados y las tasas de cancelaci\u00f3n exentas para proyectos solares. El proyecto fue aprobado.<\/p>\n<p>La Ley Williamson \u2014formalmente la California Land Conservation Act de 1965\u2014 es un programa estatal que concede a los propietarios de tierras una reducci\u00f3n en la valoraci\u00f3n de impuestos a la propiedad a cambio de mantener sus tierras en uso agr\u00edcola durante al menos 10 a\u00f1os.<\/p>\n<p>Los grupos agr\u00edcolas han resistido durante mucho tiempo el debilitamiento de la ley, incluso cuando cientos de miles de acres en el Valle Central de San Joaqu\u00edn han quedado en barbecho a causa de la escasez de agua. Aunque gran parte de esas tierras eran tierras de cultivo, la CCA prefiere verlas usadas como rangel para ganader\u00eda en activo en lugar de para la energ\u00eda solar, explic\u00f3 Wilbur.<\/p>\n<p><strong>Pastores de cabras:<\/strong> Con menos de una semana para terminar la sesi\u00f3n, los legisladores finalizaron los detalles de un proyecto de ley para corregir un cambio regulatorio que cuadruplic\u00f3 el salario m\u00ednimo de los pastores de cabras el 1 de julio, llegando a 240.000 d\u00f3lares al a\u00f1o.<\/p>\n<p>Las senadoras estatales Melissa Hurtado, D-Bakersfield, y Megan Dahle, R-Bieber, estuvieron entre las legisladoras que trabajaron con productores y la C\u00e1mara de Comercio de Agricultura del estado para aprobar un proyecto de ley aclaratorio.<\/p>\n<p>Los legisladores buscaron restablecer la paridad salarial entre los pastores de cabras y los pastores de ovejas, cuyo salario m\u00ednimo se fija en 3.004,50 d\u00f3lares por mes en 2026. La Legislatura vot\u00f3 para extender esa paridad hasta el 1 de enero de 2029.<\/p>\n<p>\u201cA medida que termina la sesi\u00f3n legislativa, la senadora Hurtado merece nuestro agradecimiento por su trabajo para mantener disponibles las cabras para la reducci\u00f3n de combustible de incendios forestales,\u201d dijo Douglass. \u201cEl sentido com\u00fan prevaleci\u00f3 all\u00ed, y estamos agradecidos por ello.\u201d<\/p>\n<p><strong>Lobos:<\/strong> La Constituci\u00f3n estatal permite a la Legislatura considerar medidas de urgencia despu\u00e9s de la fecha l\u00edmite de fin de sesi\u00f3n, y los legisladores en los \u00faltimos d\u00edas han a\u00f1adido enmiendas de urgencia al presupuesto estatal.<\/p>\n<p>Entre ellas, los legisladores estaban finalizando la provisi\u00f3n de 5 millones de d\u00f3lares para el Programa de Lobos del Departamento de Pesca y Vida Silvestre, incluyendo 2,5 millones para el Programa de Compensaci\u00f3n Lobo-Ganado. Esta financiaci\u00f3n fue una prioridad para la CCA, pero no fue incluida en el presupuesto original.<\/p>\n<p><strong>Centros de datos:<\/strong> Los legisladores aprobaron un par de leyes de la Asm. Diane Papan, de San Mateo, aumentando el escrutinio sobre los centros de datos. AB 2469 proh\u00edbe a los gobiernos locales aprobar nuevos centros o ampliar los existentes a menos que el desarrollador divulgue sus planes de agua y cubra el costo total de cualquier tuber\u00eda, tratamiento o almacenamiento para la instalaci\u00f3n, mientras AB 2619 les exige reportar sus fuentes de agua al solicitar o renovar una licencia o permiso comercial.<\/p>\n<p><strong>Automatizaci\u00f3n:<\/strong> Un adelanto presupuestario de \u00faltima hora busc\u00f3 permitir que tractores y equipos agr\u00edcolas aut\u00f3nomos operaran junto a los trabajadores. En medio de la oposici\u00f3n de los trabajadores, el intento fracas\u00f3.<\/p>\n<\/div>\n","protected":false},"excerpt":{"rendered":"","protected":false},"author":1,"featured_media":1589,"comment_status":"closed","ping_status":"closed","sticky":false,"template":"","format":"standard","meta":{"footnotes":""},"categories":[1],"class_list":["post-1588","post","type-post","status-publish","format-standard","has-post-thumbnail","hentry","category-actualidad","generate-columns","tablet-grid-50","mobile-grid-100","grid-parent","grid-50"],"yoast_head":"<!-- This site is optimized with the Yoast SEO plugin v27.0 - https:\/\/yoast.com\/product\/yoast-seo-wordpress\/ -->\n<title>La sesi\u00f3n legislativa de California concluye con cr\u00edticas mixtas del sector agr\u00edcola - ARG-AGRO Semilleria Venta de Semillas e Insumos para el Agro<\/title>\n<meta name=\"robots\" content=\"index, follow, max-snippet:-1, max-image-preview:large, max-video-preview:-1\" \/>\n<link rel=\"canonical\" href=\"https:\/\/arg-agro.com.ar\/actualidad\/la-sesion-legislativa-de-california-concluye-con-criticas-mixtas-del-sector-agricola\/\" \/>\n<meta property=\"og:locale\" content=\"es_ES\" \/>\n<meta property=\"og:type\" content=\"article\" \/>\n<meta property=\"og:title\" content=\"La sesi\u00f3n legislativa de California concluye con cr\u00edticas mixtas del sector agr\u00edcola - ARG-AGRO Semilleria Venta de Semillas e Insumos para el Agro\" \/>\n<meta property=\"og:url\" content=\"https:\/\/arg-agro.com.ar\/actualidad\/la-sesion-legislativa-de-california-concluye-con-criticas-mixtas-del-sector-agricola\/\" \/>\n<meta property=\"og:site_name\" content=\"ARG-AGRO Semilleria Venta de Semillas e Insumos para el Agro\" \/>\n<meta property=\"article:published_time\" content=\"2026-09-03T10:26:18+00:00\" \/>\n<meta property=\"article:modified_time\" content=\"2026-09-03T10:26:20+00:00\" \/>\n<meta property=\"og:image\" content=\"https:\/\/arg-agro.com.ar\/actualidad\/wp-content\/uploads\/2026\/09\/La-sesion-legislativa-de-California-concluye-con-criticas-mixtas-del.jpeg\" \/>\n\t<meta property=\"og:image:width\" content=\"1029\" \/>\n\t<meta property=\"og:image:height\" content=\"635\" \/>\n\t<meta property=\"og:image:type\" content=\"image\/jpeg\" \/>\n<meta name=\"author\" content=\"Tom\u00e1s Echeverr\u00eda\" \/>\n<meta name=\"twitter:card\" content=\"summary_large_image\" \/>\n<meta name=\"twitter:label1\" content=\"Escrito por\" \/>\n\t<meta name=\"twitter:data1\" content=\"Tom\u00e1s Echeverr\u00eda\" \/>\n\t<meta name=\"twitter:label2\" content=\"Tiempo de lectura\" \/>\n\t<meta name=\"twitter:data2\" content=\"5 minutos\" \/>\n<script type=\"application\/ld+json\" class=\"yoast-schema-graph\">{\"@context\":\"https:\/\/schema.org\",\"@graph\":[{\"@type\":\"NewsArticle\",\"@id\":\"https:\/\/arg-agro.com.ar\/actualidad\/la-sesion-legislativa-de-california-concluye-con-criticas-mixtas-del-sector-agricola\/#article\",\"isPartOf\":{\"@id\":\"https:\/\/arg-agro.com.ar\/actualidad\/la-sesion-legislativa-de-california-concluye-con-criticas-mixtas-del-sector-agricola\/\"},\"author\":{\"name\":\"Tom\u00e1s Echeverr\u00eda\",\"@id\":\"https:\/\/arg-agro.com.ar\/actualidad\/#\/schema\/person\/6f778d1f6f2c0c1b373aeda7620b7ce3\"},\"headline\":\"La sesi\u00f3n legislativa de California concluye con cr\u00edticas mixtas del sector agr\u00edcola\",\"datePublished\":\"2026-09-03T10:26:18+00:00\",\"dateModified\":\"2026-09-03T10:26:20+00:00\",\"mainEntityOfPage\":{\"@id\":\"https:\/\/arg-agro.com.ar\/actualidad\/la-sesion-legislativa-de-california-concluye-con-criticas-mixtas-del-sector-agricola\/\"},\"wordCount\":988,\"publisher\":{\"@id\":\"https:\/\/arg-agro.com.ar\/actualidad\/#organization\"},\"image\":{\"@id\":\"https:\/\/arg-agro.com.ar\/actualidad\/la-sesion-legislativa-de-california-concluye-con-criticas-mixtas-del-sector-agricola\/#primaryimage\"},\"thumbnailUrl\":\"https:\/\/arg-agro.com.ar\/actualidad\/wp-content\/uploads\/2026\/09\/La-sesion-legislativa-de-California-concluye-con-criticas-mixtas-del.jpeg\",\"keywords\":[\"agr\u00edcola\",\"California\",\"con\",\"concluye\",\"cr\u00edticas\",\"del\",\"legislativa\",\"mixtas\",\"sector\",\"sesi\u00f3n\"],\"articleSection\":[\"Actualidad\"],\"inLanguage\":\"es\"},{\"@type\":\"WebPage\",\"@id\":\"https:\/\/arg-agro.com.ar\/actualidad\/la-sesion-legislativa-de-california-concluye-con-criticas-mixtas-del-sector-agricola\/\",\"url\":\"https:\/\/arg-agro.com.ar\/actualidad\/la-sesion-legislativa-de-california-concluye-con-criticas-mixtas-del-sector-agricola\/\",\"name\":\"La sesi\u00f3n legislativa de California concluye con cr\u00edticas mixtas del sector agr\u00edcola - ARG-AGRO Semilleria Venta de Semillas e Insumos para el Agro\",\"isPartOf\":{\"@id\":\"https:\/\/arg-agro.com.ar\/actualidad\/#website\"},\"primaryImageOfPage\":{\"@id\":\"https:\/\/arg-agro.com.ar\/actualidad\/la-sesion-legislativa-de-california-concluye-con-criticas-mixtas-del-sector-agricola\/#primaryimage\"},\"image\":{\"@id\":\"https:\/\/arg-agro.com.ar\/actualidad\/la-sesion-legislativa-de-california-concluye-con-criticas-mixtas-del-sector-agricola\/#primaryimage\"},\"thumbnailUrl\":\"https:\/\/arg-agro.com.ar\/actualidad\/wp-content\/uploads\/2026\/09\/La-sesion-legislativa-de-California-concluye-con-criticas-mixtas-del.jpeg\",\"datePublished\":\"2026-09-03T10:26:18+00:00\",\"dateModified\":\"2026-09-03T10:26:20+00:00\",\"breadcrumb\":{\"@id\":\"https:\/\/arg-agro.com.ar\/actualidad\/la-sesion-legislativa-de-california-concluye-con-criticas-mixtas-del-sector-agricola\/#breadcrumb\"},\"inLanguage\":\"es\",\"potentialAction\":[{\"@type\":\"ReadAction\",\"target\":[\"https:\/\/arg-agro.com.ar\/actualidad\/la-sesion-legislativa-de-california-concluye-con-criticas-mixtas-del-sector-agricola\/\"]}]},{\"@type\":\"ImageObject\",\"inLanguage\":\"es\",\"@id\":\"https:\/\/arg-agro.com.ar\/actualidad\/la-sesion-legislativa-de-california-concluye-con-criticas-mixtas-del-sector-agricola\/#primaryimage\",\"url\":\"https:\/\/arg-agro.com.ar\/actualidad\/wp-content\/uploads\/2026\/09\/La-sesion-legislativa-de-California-concluye-con-criticas-mixtas-del.jpeg\",\"contentUrl\":\"https:\/\/arg-agro.com.ar\/actualidad\/wp-content\/uploads\/2026\/09\/La-sesion-legislativa-de-California-concluye-con-criticas-mixtas-del.jpeg\",\"width\":1029,\"height\":635},{\"@type\":\"BreadcrumbList\",\"@id\":\"https:\/\/arg-agro.com.ar\/actualidad\/la-sesion-legislativa-de-california-concluye-con-criticas-mixtas-del-sector-agricola\/#breadcrumb\",\"itemListElement\":[{\"@type\":\"ListItem\",\"position\":1,\"name\":\"Arg-Agro\",\"item\":\"https:\/\/arg-agro.com.ar\/actualidad\/\"},{\"@type\":\"ListItem\",\"position\":2,\"name\":\"La sesi\u00f3n legislativa de California concluye con cr\u00edticas mixtas del sector agr\u00edcola\"}]},{\"@type\":\"WebSite\",\"@id\":\"https:\/\/arg-agro.com.ar\/actualidad\/#website\",\"url\":\"https:\/\/arg-agro.com.ar\/actualidad\/\",\"name\":\"ARG-AGRO Semilleria Venta de Semillas e Insumos para el Agro\",\"description\":\"\",\"publisher\":{\"@id\":\"https:\/\/arg-agro.com.ar\/actualidad\/#organization\"},\"potentialAction\":[{\"@type\":\"SearchAction\",\"target\":{\"@type\":\"EntryPoint\",\"urlTemplate\":\"https:\/\/arg-agro.com.ar\/actualidad\/?s={search_term_string}\"},\"query-input\":{\"@type\":\"PropertyValueSpecification\",\"valueRequired\":true,\"valueName\":\"search_term_string\"}}],\"inLanguage\":\"es\"},{\"@type\":\"Organization\",\"@id\":\"https:\/\/arg-agro.com.ar\/actualidad\/#organization\",\"name\":\"ARG-AGRO Semilleria Venta de Semillas e Insumos para el Agro\",\"url\":\"https:\/\/arg-agro.com.ar\/actualidad\/\",\"logo\":{\"@type\":\"ImageObject\",\"inLanguage\":\"es\",\"@id\":\"https:\/\/arg-agro.com.ar\/actualidad\/#\/schema\/logo\/image\/\",\"url\":\"https:\/\/arg-agro.com.ar\/actualidad\/wp-content\/uploads\/2026\/03\/store_logo.png\",\"contentUrl\":\"https:\/\/arg-agro.com.ar\/actualidad\/wp-content\/uploads\/2026\/03\/store_logo.png\",\"width\":270,\"height\":90,\"caption\":\"ARG-AGRO Semilleria Venta de Semillas e Insumos para el Agro\"},\"image\":{\"@id\":\"https:\/\/arg-agro.com.ar\/actualidad\/#\/schema\/logo\/image\/\"}},{\"@type\":\"Person\",\"@id\":\"https:\/\/arg-agro.com.ar\/actualidad\/#\/schema\/person\/6f778d1f6f2c0c1b373aeda7620b7ce3\",\"name\":\"Tom\u00e1s Echeverr\u00eda\",\"image\":{\"@type\":\"ImageObject\",\"inLanguage\":\"es\",\"@id\":\"https:\/\/arg-agro.com.ar\/actualidad\/#\/schema\/person\/image\/\",\"url\":\"https:\/\/arg-agro.com.ar\/actualidad\/wp-content\/uploads\/2026\/03\/Tomas-Echeverria-150x150.jpg\",\"contentUrl\":\"https:\/\/arg-agro.com.ar\/actualidad\/wp-content\/uploads\/2026\/03\/Tomas-Echeverria-150x150.jpg\",\"caption\":\"Tom\u00e1s Echeverr\u00eda\"},\"description\":\"Tom\u00e1s Echeverr\u00eda es especialista en agricultura y manejo sostenible de suelos, con experiencia en sistemas productivos de Argentina. Investiga la optimizaci\u00f3n del riego, la nutrici\u00f3n de cultivos y la adopci\u00f3n de tecnolog\u00edas de agricultura de precisi\u00f3n para mejorar rendimientos. En Arg-Agro, divulga pr\u00e1cticas basadas en evidencia para una producci\u00f3n eficiente y resiliente.\",\"sameAs\":[\"https:\/\/arg-agro.com.ar\/\"]}]}<\/script>\n<!-- \/ Yoast SEO plugin. -->","yoast_head_json":{"title":"La sesi\u00f3n legislativa de California concluye con cr\u00edticas mixtas del sector agr\u00edcola - ARG-AGRO Semilleria Venta de Semillas e Insumos para el Agro","robots":{"index":"index","follow":"follow","max-snippet":"max-snippet:-1","max-image-preview":"max-image-preview:large","max-video-preview":"max-video-preview:-1"},"canonical":"https:\/\/arg-agro.com.ar\/actualidad\/la-sesion-legislativa-de-california-concluye-con-criticas-mixtas-del-sector-agricola\/","og_locale":"es_ES","og_type":"article","og_title":"La sesi\u00f3n legislativa de California concluye con cr\u00edticas mixtas del sector agr\u00edcola - ARG-AGRO Semilleria Venta de Semillas e Insumos para el Agro","og_url":"https:\/\/arg-agro.com.ar\/actualidad\/la-sesion-legislativa-de-california-concluye-con-criticas-mixtas-del-sector-agricola\/","og_site_name":"ARG-AGRO Semilleria Venta de Semillas e Insumos para el Agro","article_published_time":"2026-09-03T10:26:18+00:00","article_modified_time":"2026-09-03T10:26:20+00:00","og_image":[{"width":1029,"height":635,"url":"https:\/\/arg-agro.com.ar\/actualidad\/wp-content\/uploads\/2026\/09\/La-sesion-legislativa-de-California-concluye-con-criticas-mixtas-del.jpeg","type":"image\/jpeg"}],"author":"Tom\u00e1s Echeverr\u00eda","twitter_card":"summary_large_image","twitter_misc":{"Escrito por":"Tom\u00e1s Echeverr\u00eda","Tiempo de lectura":"5 minutos"},"schema":{"@context":"https:\/\/schema.org","@graph":[{"@type":"NewsArticle","@id":"https:\/\/arg-agro.com.ar\/actualidad\/la-sesion-legislativa-de-california-concluye-con-criticas-mixtas-del-sector-agricola\/#article","isPartOf":{"@id":"https:\/\/arg-agro.com.ar\/actualidad\/la-sesion-legislativa-de-california-concluye-con-criticas-mixtas-del-sector-agricola\/"},"author":{"name":"Tom\u00e1s Echeverr\u00eda","@id":"https:\/\/arg-agro.com.ar\/actualidad\/#\/schema\/person\/6f778d1f6f2c0c1b373aeda7620b7ce3"},"headline":"La sesi\u00f3n legislativa de California concluye con cr\u00edticas mixtas del sector agr\u00edcola","datePublished":"2026-09-03T10:26:18+00:00","dateModified":"2026-09-03T10:26:20+00:00","mainEntityOfPage":{"@id":"https:\/\/arg-agro.com.ar\/actualidad\/la-sesion-legislativa-de-california-concluye-con-criticas-mixtas-del-sector-agricola\/"},"wordCount":988,"publisher":{"@id":"https:\/\/arg-agro.com.ar\/actualidad\/#organization"},"image":{"@id":"https:\/\/arg-agro.com.ar\/actualidad\/la-sesion-legislativa-de-california-concluye-con-criticas-mixtas-del-sector-agricola\/#primaryimage"},"thumbnailUrl":"https:\/\/arg-agro.com.ar\/actualidad\/wp-content\/uploads\/2026\/09\/La-sesion-legislativa-de-California-concluye-con-criticas-mixtas-del.jpeg","keywords":["agr\u00edcola","California","con","concluye","cr\u00edticas","del","legislativa","mixtas","sector","sesi\u00f3n"],"articleSection":["Actualidad"],"inLanguage":"es"},{"@type":"WebPage","@id":"https:\/\/arg-agro.com.ar\/actualidad\/la-sesion-legislativa-de-california-concluye-con-criticas-mixtas-del-sector-agricola\/","url":"https:\/\/arg-agro.com.ar\/actualidad\/la-sesion-legislativa-de-california-concluye-con-criticas-mixtas-del-sector-agricola\/","name":"La sesi\u00f3n legislativa de California concluye con cr\u00edticas mixtas del sector agr\u00edcola - ARG-AGRO Semilleria Venta de Semillas e Insumos para el Agro","isPartOf":{"@id":"https:\/\/arg-agro.com.ar\/actualidad\/#website"},"primaryImageOfPage":{"@id":"https:\/\/arg-agro.com.ar\/actualidad\/la-sesion-legislativa-de-california-concluye-con-criticas-mixtas-del-sector-agricola\/#primaryimage"},"image":{"@id":"https:\/\/arg-agro.com.ar\/actualidad\/la-sesion-legislativa-de-california-concluye-con-criticas-mixtas-del-sector-agricola\/#primaryimage"},"thumbnailUrl":"https:\/\/arg-agro.com.ar\/actualidad\/wp-content\/uploads\/2026\/09\/La-sesion-legislativa-de-California-concluye-con-criticas-mixtas-del.jpeg","datePublished":"2026-09-03T10:26:18+00:00","dateModified":"2026-09-03T10:26:20+00:00","breadcrumb":{"@id":"https:\/\/arg-agro.com.ar\/actualidad\/la-sesion-legislativa-de-california-concluye-con-criticas-mixtas-del-sector-agricola\/#breadcrumb"},"inLanguage":"es","potentialAction":[{"@type":"ReadAction","target":["https:\/\/arg-agro.com.ar\/actualidad\/la-sesion-legislativa-de-california-concluye-con-criticas-mixtas-del-sector-agricola\/"]}]},{"@type":"ImageObject","inLanguage":"es","@id":"https:\/\/arg-agro.com.ar\/actualidad\/la-sesion-legislativa-de-california-concluye-con-criticas-mixtas-del-sector-agricola\/#primaryimage","url":"https:\/\/arg-agro.com.ar\/actualidad\/wp-content\/uploads\/2026\/09\/La-sesion-legislativa-de-California-concluye-con-criticas-mixtas-del.jpeg","contentUrl":"https:\/\/arg-agro.com.ar\/actualidad\/wp-content\/uploads\/2026\/09\/La-sesion-legislativa-de-California-concluye-con-criticas-mixtas-del.jpeg","width":1029,"height":635},{"@type":"BreadcrumbList","@id":"https:\/\/arg-agro.com.ar\/actualidad\/la-sesion-legislativa-de-california-concluye-con-criticas-mixtas-del-sector-agricola\/#breadcrumb","itemListElement":[{"@type":"ListItem","position":1,"name":"Arg-Agro","item":"https:\/\/arg-agro.com.ar\/actualidad\/"},{"@type":"ListItem","position":2,"name":"La sesi\u00f3n legislativa de California concluye con cr\u00edticas mixtas del sector agr\u00edcola"}]},{"@type":"WebSite","@id":"https:\/\/arg-agro.com.ar\/actualidad\/#website","url":"https:\/\/arg-agro.com.ar\/actualidad\/","name":"ARG-AGRO Semilleria Venta de Semillas e Insumos para el Agro","description":"","publisher":{"@id":"https:\/\/arg-agro.com.ar\/actualidad\/#organization"},"potentialAction":[{"@type":"SearchAction","target":{"@type":"EntryPoint","urlTemplate":"https:\/\/arg-agro.com.ar\/actualidad\/?s={search_term_string}"},"query-input":{"@type":"PropertyValueSpecification","valueRequired":true,"valueName":"search_term_string"}}],"inLanguage":"es"},{"@type":"Organization","@id":"https:\/\/arg-agro.com.ar\/actualidad\/#organization","name":"ARG-AGRO Semilleria Venta de Semillas e Insumos para el Agro","url":"https:\/\/arg-agro.com.ar\/actualidad\/","logo":{"@type":"ImageObject","inLanguage":"es","@id":"https:\/\/arg-agro.com.ar\/actualidad\/#\/schema\/logo\/image\/","url":"https:\/\/arg-agro.com.ar\/actualidad\/wp-content\/uploads\/2026\/03\/store_logo.png","contentUrl":"https:\/\/arg-agro.com.ar\/actualidad\/wp-content\/uploads\/2026\/03\/store_logo.png","width":270,"height":90,"caption":"ARG-AGRO Semilleria Venta de Semillas e Insumos para el Agro"},"image":{"@id":"https:\/\/arg-agro.com.ar\/actualidad\/#\/schema\/logo\/image\/"}},{"@type":"Person","@id":"https:\/\/arg-agro.com.ar\/actualidad\/#\/schema\/person\/6f778d1f6f2c0c1b373aeda7620b7ce3","name":"Tom\u00e1s Echeverr\u00eda","image":{"@type":"ImageObject","inLanguage":"es","@id":"https:\/\/arg-agro.com.ar\/actualidad\/#\/schema\/person\/image\/","url":"https:\/\/arg-agro.com.ar\/actualidad\/wp-content\/uploads\/2026\/03\/Tomas-Echeverria-150x150.jpg","contentUrl":"https:\/\/arg-agro.com.ar\/actualidad\/wp-content\/uploads\/2026\/03\/Tomas-Echeverria-150x150.jpg","caption":"Tom\u00e1s Echeverr\u00eda"},"description":"Tom\u00e1s Echeverr\u00eda es especialista en agricultura y manejo sostenible de suelos, con experiencia en sistemas productivos de Argentina. Investiga la optimizaci\u00f3n del riego, la nutrici\u00f3n de cultivos y la adopci\u00f3n de tecnolog\u00edas de agricultura de precisi\u00f3n para mejorar rendimientos. En Arg-Agro, divulga pr\u00e1cticas basadas en evidencia para una producci\u00f3n eficiente y resiliente.","sameAs":["https:\/\/arg-agro.com.ar\/"]}]}},"_links":{"self":[{"href":"https:\/\/arg-agro.com.ar\/actualidad\/wp-json\/wp\/v2\/posts\/1588","targetHints":{"allow":["GET"]}}],"collection":[{"href":"https:\/\/arg-agro.com.ar\/actualidad\/wp-json\/wp\/v2\/posts"}],"about":[{"href":"https:\/\/arg-agro.com.ar\/actualidad\/wp-json\/wp\/v2\/types\/post"}],"author":[{"embeddable":true,"href":"https:\/\/arg-agro.com.ar\/actualidad\/wp-json\/wp\/v2\/users\/1"}],"replies":[{"embeddable":true,"href":"https:\/\/arg-agro.com.ar\/actualidad\/wp-json\/wp\/v2\/comments?post=1588"}],"version-history":[{"count":1,"href":"https:\/\/arg-agro.com.ar\/actualidad\/wp-json\/wp\/v2\/posts\/1588\/revisions"}],"predecessor-version":[{"id":1590,"href":"https:\/\/arg-agro.com.ar\/actualidad\/wp-json\/wp\/v2\/posts\/1588\/revisions\/1590"}],"wp:featuredmedia":[{"embeddable":true,"href":"https:\/\/arg-agro.com.ar\/actualidad\/wp-json\/wp\/v2\/media\/1589"}],"wp:attachment":[{"href":"https:\/\/arg-agro.com.ar\/actualidad\/wp-json\/wp\/v2\/media?parent=1588"}],"wp:term":[{"taxonomy":"category","embeddable":true,"href":"https:\/\/arg-agro.com.ar\/actualidad\/wp-json\/wp\/v2\/categories?post=1588"}],"curies":[{"name":"wp","href":"https:\/\/api.w.org\/{rel}","templated":true}]}}