{"id":1586,"date":"2026-09-03T05:26:20","date_gmt":"2026-09-03T08:26:20","guid":{"rendered":"https:\/\/arg-agro.com.ar\/actualidad\/trabajadores-agricolas-en-potomac-hearden-contratado-como-editor-del-oeste-gannon-se-une-a-invariant-boger-deja-su-cargo-como-consejero-de-agricultura-de-la-ue\/"},"modified":"2026-09-03T05:26:22","modified_gmt":"2026-09-03T08:26:22","slug":"trabajadores-agricolas-en-potomac-hearden-contratado-como-editor-del-oeste-gannon-se-une-a-invariant-boger-deja-su-cargo-como-consejero-de-agricultura-de-la-ue","status":"publish","type":"post","link":"https:\/\/arg-agro.com.ar\/actualidad\/trabajadores-agricolas-en-potomac-hearden-contratado-como-editor-del-oeste-gannon-se-une-a-invariant-boger-deja-su-cargo-como-consejero-de-agricultura-de-la-ue\/","title":{"rendered":"Trabajadores agr\u00edcolas en Potomac: Hearden contratado como editor del Oeste; Gannon se une a Invariant; Boger deja su cargo como Consejero de Agricultura de la UE"},"content":{"rendered":"<div>\n<p><span style=\"font-weight:400;font-style:normal;\"><strong>Tim Gannon<\/strong>, el antiguo asesor principal del exsecretario de Agricultura Tom Vilsack, se une a Invariant como socio principal. Gannon tambi\u00e9n se desempe\u00f1\u00f3 como jefe de gabinete para la producci\u00f3n y conservaci\u00f3n agr\u00edcola en el USDA.\u00a0<\/span><\/p>\n<div class=\"fr-img-space-wrap\"><span class=\"fr-img-caption\" style=\"width: 300px; margin: 5px 0px 5px 5px; display: inline-block; vertical-align: bottom; max-width: calc(100% - 5px); text-align: right; float: right;\"><span class=\"fr-img-wrap\" style=\"text-align: left;\"><span class=\"fr-inner\" style=\"text-align: left;\">Tim Gannon (foto de LinkedIn)<\/span><\/span><\/span><\/div>\n<p><span style=\"font-weight:400;font-style:normal;\"><strong>Silke Boger<\/strong> deja su cargo como consejera de la Uni\u00f3n Europea para la agricultura. A partir del 1 de septiembre, trabajar\u00e1 en el acceso a mercados y la pol\u00edtica de promoci\u00f3n de productos agroalimentarios.<\/span><\/p>\n<p><span style=\"font-weight:400;font-style:normal;\"><span style=\"font-weight:400;font-style:normal;\">La Asociaci\u00f3n Americana de la Soja ha nombrado a <strong>David Johanson<\/strong> como asesor de comercio. Es el expresidente y comisionado de la U.S. International Trade Commission. Tambi\u00e9n ha trabajado para el Comit\u00e9 de Finanzas del Senado.\u00a0<\/span><\/span><\/p>\n<p><span style=\"font-weight:400;font-style:normal;\"><strong>Thorsten Schwindt<\/strong> se ha unido a Corteva Agriscience como vicepresidente de control de malezas. Anteriormente trabaj\u00f3 para Bayer CropScience durante m\u00e1s de 21 a\u00f1os, siendo su cargo m\u00e1s reciente vicepresidente de operaciones comerciales de semillas de hortalizas para las Am\u00e9ricas y el Pac\u00edfico.<\/span><\/p>\n<p><span style=\"font-weight:400;font-style:normal;\"><strong>Connor Hamburg<\/strong> ha dejado Nutrien. Su \u00faltimo cargo fue gerente s\u00e9nior de asuntos gubernamentales e industriales. Tambi\u00e9n ha ocupado puestos en la Renewable Fuels Association, la National Corn Growers Association y la C\u00e1mara de Representantes. A\u00fan no ha anunciado su pr\u00f3ximo puesto.<\/span><\/p>\n<p><b style=\"font-weight: 700; font-weight: 700;\">Molly Phillips Fogarty<\/b> ha sido contratada como socia en Brunswick Group. Anteriormente trabaj\u00f3 para Nestl\u00e9 durante casi 23 a\u00f1os, con el cargo m\u00e1s reciente de jefa de asuntos corporativos y sostenibilidad. Tambi\u00e9n ha trabajado para la ex primera dama Laura Bush, el Comit\u00e9 de Agricultura del Senado y el USDA.<\/p>\n<p><span style=\"font-weight:400;font-style:normal;\"><strong>Jeff Dwyer<\/strong> se ha unido a la oficina de Washington de la Renewable Fuels Association como director de pol\u00edticas y asuntos regulatorios globales. Antes de unirse a la RFA, Dwyer pas\u00f3 ocho a\u00f1os en el USDA, desempe\u00f1ando recientemente el cargo de asesor principal del subsecretario de comercio y asuntos agr\u00edcolas exteriores.<\/span><\/p>\n<p><span style=\"font-weight:400;font-style:normal;\">El Consejo de Exportaci\u00f3n de L\u00e1cteos de EE. UU. ha contratado a <b style=\"font-weight: 700; font-weight: 700;\">Jamie Tiralla<\/b> como directora s\u00e9nior de membres\u00eda, comunicaciones y relaciones con la industria. Ella dej\u00f3 la American Forest and Paper Association, donde recientemente se desempe\u00f1\u00f3 como directora s\u00e9nior de comunicaciones estrat\u00e9gicas.<\/span><\/p>\n<p><span style=\"font-weight:400;font-style:normal;\">John Deere promovi\u00f3 a <strong>Kanlaya Barr<\/strong> como directora de finanzas internacionales y gesti\u00f3n de efectivo. Lleva 15 a\u00f1os en la empresa, habiendo subido desde analista de pron\u00f3sticos hasta directora de econom\u00eda corporativa. <strong>Darius Lane<\/strong> es ahora el gerente de relaciones con la industria en John Deere. Ha estado con la empresa casi 20 a\u00f1os.\u00a0<\/span><\/p>\n<p><span style=\"font-weight:400;font-style:normal;\">El National 4-H Council nombr\u00f3 a <strong>Amy Starnes<\/strong> como directora de innovaci\u00f3n y a <strong>John Amaya<\/strong> como director financiero. Amaya ha trabajado para Dole Food Company y Walmart. Starnes tiene experiencia en tecnolog\u00eda de la salud y trabaj\u00f3 recientemente para Best Friends Animal Society.<\/span><\/p>\n<p><span style=\"font-weight:400;font-style:normal;\">Feeding America anunci\u00f3 dos nuevos puestos, ambos vigentes desde el 1 de septiembre: <strong>Laura Juergens<\/strong> es la directora de recursos humanos y <strong>Lisa Mann<\/strong> es la directora de desarrollo. Juergens lleva en Feeding America desde 2014 y actualmente es la vicepresidenta senior de operaciones de recursos humanos. Mann lleva en Feeding America desde enero y previamente trabaj\u00f3 en Cleveland Clinic.\u00a0<\/span><\/p>\n<p><span style=\"font-weight:400;font-style:normal;\"><strong>Timothy Anderson<\/strong> ha sido contratado como administrador de la Divisi\u00f3n de Seguridad Alimentaria y Recreativa del Departamento de Agricultura, Comercio y Protecci\u00f3n al Consumidor de Wisconsin. Sustituye a Adam Brock, quien estuvo en el departamento durante dos a\u00f1os.\u00a0<\/span><\/p>\n<p><span style=\"font-weight:400;font-style:normal;\">La National Rural Electric Cooperative Association nombr\u00f3 a <strong>Dwight Miller<\/strong> director de programas de seguridad, con efecto a partir del 8 de septiembre. Anteriormente pas\u00f3 casi 13 a\u00f1os en las Electric Cooperatives de Ohio como director de seguridad y control de p\u00e9rdidas.\u00a0<\/span><\/p>\n<p><span style=\"font-weight:400;font-style:normal;\">La Asociaci\u00f3n de Lecheros de Pensilvania ha nombrado a <strong>Patrick Carney<\/strong> como director ejecutivo, y sustituye a Dave Smith. Smith permanecer\u00e1 como asesor durante el periodo de transici\u00f3n. Carney trabaj\u00f3 previamente para la American Dairy Association Northeast durante los \u00faltimos ocho a\u00f1os, m\u00e1s recientemente como vicepresidente de marketing y estrategia digital.<\/span><\/p>\n<p><span style=\"font-weight:400;font-style:normal;\"><strong>John Raines<\/strong> se ha incorporado a la junta directiva de Sabanto. Recientemente fue presidente de TELUS Digital Agriculture and Consumer Goods y tambi\u00e9n ha ocupado cargos en The Climate Corporation y Monsanto.<\/span><\/p>\n<p><span style=\"font-weight:400;font-style:normal;\">La Purdue Agriculture y Purdue Food Science contrataron nuevos docentes para varios departamentos: <strong>Amelia Ahles, Victoria Uyanga, Ryan Folk, Lindsay Miles, Hui-Hui Wang, Deniz Ciftci<\/strong> y<strong> Ozan Ciftci.<\/strong><\/span><\/p>\n<p><span style=\"font-weight:400;font-style:normal;\">El Illinois Nutrient Research and Education Council nombr\u00f3 a <strong>Corey Lacey<\/strong> como director ejecutivo, con efecto a partir del 1 de septiembre. Recientemente fue gerente de pol\u00edticas ambientales en la Illinois Soybean Association.<\/span><\/p>\n<p><span style=\"font-weight:400;font-style:normal;\"><strong>Walt Mullon<\/strong> fue contratado por la National Restaurant Association como director de pol\u00edticas de tecnolog\u00eda e innovaci\u00f3n. Anteriormente trabaj\u00f3 para Kyndryl como gerente senior de asuntos gubernamentales en EE. UU.<\/span><\/p>\n<p><span style=\"font-weight:400;font-style:normal;\">Minnesota Corn ha promovido a <strong>Alex Trunnell<\/strong> como director de desarrollo de mercado y relaciones industriales. Lleva en la organizaci\u00f3n desde 2019. Anteriormente trabaj\u00f3 para el Senado de Minnesota y la Farm Service Agency del USDA.<\/span><\/p>\n<p><span style=\"font-weight:400;font-style:normal;\"><strong>Emma Kuhns Shaffer<\/strong> se unir\u00e1 a Faegre Drinker despu\u00e9s de completar la facultad de derecho y el examen de la barra. Actualmente es associada de verano de segundo a\u00f1o en la firma y tambi\u00e9n ha ocupado un cargo de asistente legal en la Illinois Farm Bureau y una beca de investigaci\u00f3n en el National Agricultural Law Center. Se espera que se grad\u00fae en mayo de 2027.\u00a0<\/span><\/p>\n<p><span style=\"font-weight:400;font-style:normal;\"><strong>Ashley Novotnak<\/strong> ha sido contratada como coordinadora de sistemas de mantenimiento de Dairy Farmers of America. Era propietaria de Guided Way Solutions y trabaj\u00f3 en Bimbo Bakeries USA.\u00a0<\/span><\/p>\n<p><span style=\"font-weight:400;font-style:normal;\"><strong>Campbell Bednar<\/strong> ha jurado como becaria en los servicios de negocio rural y cooperativas en el Rural Development del USDA. Actualmente es candidata a maestr\u00eda en agronegocios y pol\u00edtica agr\u00edcola en Texas Tech.<\/span><\/p>\n<p><span style=\"font-weight:400;font-style:normal;\"><strong>Chuck Spencer<\/strong>, director ejecutivo de relaciones corporativas y gubernamentales en GROWMARK, se retira. Ha estado en GROWMARK desde 2009 y previamente trabaj\u00f3 para la Illinois Farm Bureau.<\/span><\/p>\n<div class=\"fr-img-space-wrap\"><span class=\"fr-img-caption\" style=\"width: 300px; margin: 0px 0px 0px 10px; display: inline-block; vertical-align: bottom; float: right; max-width: calc(100% - 5px); text-align: right;\"><span class=\"fr-img-wrap\" style=\"text-align: left;\"><img decoding=\"async\" src=\"https:\/\/arg-agro.com.ar\/actualidad\/wp-content\/uploads\/2026\/09\/Trabajadores-agricolas-en-Potomac-Hearden-contratado-como-editor-del-Oeste.jpg\" style=\"display: block; vertical-align: top; margin: 5px 0px 5px auto; text-align: right; width: 300px; float: none;\" alt=\"Joe-Watson-Headshot.jpg\" data-uuid=\"YTAtOTE3Nzg=\" align=\"right\"\/><span class=\"fr-inner\" style=\"text-align: left;\">Joe Watson (foto de IFPA)<\/span><\/span><\/span><\/div>\n<p><span style=\"font-weight:400;font-style:normal;\"><strong>Joe Watson<\/strong>, vicepresidente de venta al detalle, de servicios de comida y de venta al por mayor en la International Fresh Produce Association, ha fallecido tras una batalla contra el c\u00e1ncer. Comenz\u00f3 en la Produce Marketing Association en 2015, que m\u00e1s tarde se convirti\u00f3 en IFPA.\u00a0<\/span><\/p>\n<p><span style=\"font-weight:400;font-style:normal;\"><strong>Richard Christman<\/strong>, que tuvo una larga trayectoria en Case New Holland, ha fallecido a los 76 a\u00f1os. Sirvi\u00f3 en la junta de la Association of Equipment Manufacturers, incluyendo cargos como vicepresidente de agricultura y presidente. Christman \u201cjug\u00f3 un papel fundamental en la formaci\u00f3n de Case New Holland\u201d, seg\u00fan el comunicado conmemorativo de AEM.<\/span><\/p>\n<p><span style=\"font-weight:400;font-style:normal;\">La ex senadora <strong>Nancy Kassebaum Baker<\/strong>, R-Kan., ha fallecido a los 94 a\u00f1os,\u00a0<\/span><span style=\"font-weight:400;font-style:normal;\">inform\u00f3 KSNT<\/span><span style=\"font-weight:400;font-style:normal;\">. Fue la primera mujer en convertirse en senadora del estado y sirvi\u00f3 de 1978 a 1997.\u00a0<\/span><\/p>\n<p><span style=\"font-weight:400;font-style:normal;\"><strong>Wendell Berry<\/strong>, agricultor y autor controvertido de \u201cThe Unsettling of America: Culture &amp; Agriculture,\u201d ha fallecido a los 92 a\u00f1os, inform\u00f3 el <span style=\"font-style:italic;\">New York Times<\/span>. Fue un cr\u00edtico agudo de las grandes empresas en la agricultura y defendi\u00f3 la agricultura sostenible y pr\u00e1cticas de conservaci\u00f3n.<\/span><\/p>\n<\/div>\n","protected":false},"excerpt":{"rendered":"","protected":false},"author":1,"featured_media":155,"comment_status":"closed","ping_status":"closed","sticky":false,"template":"","format":"standard","meta":{"footnotes":""},"categories":[1],"class_list":["post-1586","post","type-post","status-publish","format-standard","has-post-thumbnail","hentry","category-actualidad","generate-columns","tablet-grid-50","mobile-grid-100","grid-parent","grid-50"],"yoast_head":"<!-- This site is optimized with the Yoast SEO plugin v27.0 - https:\/\/yoast.com\/product\/yoast-seo-wordpress\/ -->\n<title>Trabajadores agr\u00edcolas en Potomac: Hearden contratado como editor del Oeste; Gannon se une a Invariant; Boger deja su cargo como Consejero de Agricultura de la UE - ARG-AGRO Semilleria Venta de Semillas e Insumos para el Agro<\/title>\n<meta name=\"robots\" content=\"index, follow, max-snippet:-1, max-image-preview:large, max-video-preview:-1\" \/>\n<link rel=\"canonical\" href=\"https:\/\/arg-agro.com.ar\/actualidad\/trabajadores-agricolas-en-potomac-hearden-contratado-como-editor-del-oeste-gannon-se-une-a-invariant-boger-deja-su-cargo-como-consejero-de-agricultura-de-la-ue\/\" \/>\n<meta property=\"og:locale\" content=\"es_ES\" \/>\n<meta property=\"og:type\" content=\"article\" \/>\n<meta property=\"og:title\" content=\"Trabajadores agr\u00edcolas en Potomac: Hearden contratado como editor del Oeste; Gannon se une a Invariant; Boger deja su cargo como Consejero de Agricultura de la UE - ARG-AGRO Semilleria Venta de Semillas e Insumos para el Agro\" \/>\n<meta property=\"og:url\" content=\"https:\/\/arg-agro.com.ar\/actualidad\/trabajadores-agricolas-en-potomac-hearden-contratado-como-editor-del-oeste-gannon-se-une-a-invariant-boger-deja-su-cargo-como-consejero-de-agricultura-de-la-ue\/\" \/>\n<meta property=\"og:site_name\" content=\"ARG-AGRO Semilleria Venta de Semillas e Insumos para el Agro\" \/>\n<meta property=\"article:published_time\" content=\"2026-09-03T08:26:20+00:00\" \/>\n<meta property=\"article:modified_time\" content=\"2026-09-03T08:26:22+00:00\" \/>\n<meta property=\"og:image\" content=\"https:\/\/arg-agro.com.ar\/actualidad\/wp-content\/uploads\/2026\/05\/Les-acteurs-agricoles-du-Potomac-Adesina-rejoint-BGR-Group.jpg\" \/>\n\t<meta property=\"og:image:width\" content=\"836\" \/>\n\t<meta property=\"og:image:height\" content=\"627\" \/>\n\t<meta property=\"og:image:type\" content=\"image\/jpeg\" \/>\n<meta name=\"author\" content=\"Tom\u00e1s Echeverr\u00eda\" \/>\n<meta name=\"twitter:card\" content=\"summary_large_image\" \/>\n<meta name=\"twitter:label1\" content=\"Escrito por\" \/>\n\t<meta name=\"twitter:data1\" content=\"Tom\u00e1s Echeverr\u00eda\" \/>\n\t<meta name=\"twitter:label2\" content=\"Tiempo de lectura\" \/>\n\t<meta name=\"twitter:data2\" content=\"6 minutos\" \/>\n<script type=\"application\/ld+json\" class=\"yoast-schema-graph\">{\"@context\":\"https:\/\/schema.org\",\"@graph\":[{\"@type\":\"NewsArticle\",\"@id\":\"https:\/\/arg-agro.com.ar\/actualidad\/trabajadores-agricolas-en-potomac-hearden-contratado-como-editor-del-oeste-gannon-se-une-a-invariant-boger-deja-su-cargo-como-consejero-de-agricultura-de-la-ue\/#article\",\"isPartOf\":{\"@id\":\"https:\/\/arg-agro.com.ar\/actualidad\/trabajadores-agricolas-en-potomac-hearden-contratado-como-editor-del-oeste-gannon-se-une-a-invariant-boger-deja-su-cargo-como-consejero-de-agricultura-de-la-ue\/\"},\"author\":{\"name\":\"Tom\u00e1s Echeverr\u00eda\",\"@id\":\"https:\/\/arg-agro.com.ar\/actualidad\/#\/schema\/person\/6f778d1f6f2c0c1b373aeda7620b7ce3\"},\"headline\":\"Trabajadores agr\u00edcolas en Potomac: Hearden contratado como editor del Oeste; Gannon se une a Invariant; Boger deja su cargo como Consejero de Agricultura de la UE\",\"datePublished\":\"2026-09-03T08:26:20+00:00\",\"dateModified\":\"2026-09-03T08:26:22+00:00\",\"mainEntityOfPage\":{\"@id\":\"https:\/\/arg-agro.com.ar\/actualidad\/trabajadores-agricolas-en-potomac-hearden-contratado-como-editor-del-oeste-gannon-se-une-a-invariant-boger-deja-su-cargo-como-consejero-de-agricultura-de-la-ue\/\"},\"wordCount\":1203,\"publisher\":{\"@id\":\"https:\/\/arg-agro.com.ar\/actualidad\/#organization\"},\"image\":{\"@id\":\"https:\/\/arg-agro.com.ar\/actualidad\/trabajadores-agricolas-en-potomac-hearden-contratado-como-editor-del-oeste-gannon-se-une-a-invariant-boger-deja-su-cargo-como-consejero-de-agricultura-de-la-ue\/#primaryimage\"},\"thumbnailUrl\":\"https:\/\/arg-agro.com.ar\/actualidad\/wp-content\/uploads\/2026\/05\/Les-acteurs-agricoles-du-Potomac-Adesina-rejoint-BGR-Group.jpg\",\"keywords\":[\"agr\u00edcolas\",\"agricultura\",\"Boger\",\"cargo\",\"como\",\"Consejero\",\"contratado\",\"d\u00e9j\u00e0\",\"del\",\"editor\",\"Gannon\",\"Hearden\",\"Invariant\",\"Oeste\",\"Potomac\",\"Trabajadores\",\"une\"],\"articleSection\":[\"Actualidad\"],\"inLanguage\":\"es\"},{\"@type\":\"WebPage\",\"@id\":\"https:\/\/arg-agro.com.ar\/actualidad\/trabajadores-agricolas-en-potomac-hearden-contratado-como-editor-del-oeste-gannon-se-une-a-invariant-boger-deja-su-cargo-como-consejero-de-agricultura-de-la-ue\/\",\"url\":\"https:\/\/arg-agro.com.ar\/actualidad\/trabajadores-agricolas-en-potomac-hearden-contratado-como-editor-del-oeste-gannon-se-une-a-invariant-boger-deja-su-cargo-como-consejero-de-agricultura-de-la-ue\/\",\"name\":\"Trabajadores agr\u00edcolas en Potomac: Hearden contratado como editor del Oeste; Gannon se une a Invariant; Boger deja su cargo como Consejero de Agricultura de la UE - ARG-AGRO Semilleria Venta de Semillas e Insumos para el Agro\",\"isPartOf\":{\"@id\":\"https:\/\/arg-agro.com.ar\/actualidad\/#website\"},\"primaryImageOfPage\":{\"@id\":\"https:\/\/arg-agro.com.ar\/actualidad\/trabajadores-agricolas-en-potomac-hearden-contratado-como-editor-del-oeste-gannon-se-une-a-invariant-boger-deja-su-cargo-como-consejero-de-agricultura-de-la-ue\/#primaryimage\"},\"image\":{\"@id\":\"https:\/\/arg-agro.com.ar\/actualidad\/trabajadores-agricolas-en-potomac-hearden-contratado-como-editor-del-oeste-gannon-se-une-a-invariant-boger-deja-su-cargo-como-consejero-de-agricultura-de-la-ue\/#primaryimage\"},\"thumbnailUrl\":\"https:\/\/arg-agro.com.ar\/actualidad\/wp-content\/uploads\/2026\/05\/Les-acteurs-agricoles-du-Potomac-Adesina-rejoint-BGR-Group.jpg\",\"datePublished\":\"2026-09-03T08:26:20+00:00\",\"dateModified\":\"2026-09-03T08:26:22+00:00\",\"breadcrumb\":{\"@id\":\"https:\/\/arg-agro.com.ar\/actualidad\/trabajadores-agricolas-en-potomac-hearden-contratado-como-editor-del-oeste-gannon-se-une-a-invariant-boger-deja-su-cargo-como-consejero-de-agricultura-de-la-ue\/#breadcrumb\"},\"inLanguage\":\"es\",\"potentialAction\":[{\"@type\":\"ReadAction\",\"target\":[\"https:\/\/arg-agro.com.ar\/actualidad\/trabajadores-agricolas-en-potomac-hearden-contratado-como-editor-del-oeste-gannon-se-une-a-invariant-boger-deja-su-cargo-como-consejero-de-agricultura-de-la-ue\/\"]}]},{\"@type\":\"ImageObject\",\"inLanguage\":\"es\",\"@id\":\"https:\/\/arg-agro.com.ar\/actualidad\/trabajadores-agricolas-en-potomac-hearden-contratado-como-editor-del-oeste-gannon-se-une-a-invariant-boger-deja-su-cargo-como-consejero-de-agricultura-de-la-ue\/#primaryimage\",\"url\":\"https:\/\/arg-agro.com.ar\/actualidad\/wp-content\/uploads\/2026\/05\/Les-acteurs-agricoles-du-Potomac-Adesina-rejoint-BGR-Group.jpg\",\"contentUrl\":\"https:\/\/arg-agro.com.ar\/actualidad\/wp-content\/uploads\/2026\/05\/Les-acteurs-agricoles-du-Potomac-Adesina-rejoint-BGR-Group.jpg\",\"width\":836,\"height\":627},{\"@type\":\"BreadcrumbList\",\"@id\":\"https:\/\/arg-agro.com.ar\/actualidad\/trabajadores-agricolas-en-potomac-hearden-contratado-como-editor-del-oeste-gannon-se-une-a-invariant-boger-deja-su-cargo-como-consejero-de-agricultura-de-la-ue\/#breadcrumb\",\"itemListElement\":[{\"@type\":\"ListItem\",\"position\":1,\"name\":\"Arg-Agro\",\"item\":\"https:\/\/arg-agro.com.ar\/actualidad\/\"},{\"@type\":\"ListItem\",\"position\":2,\"name\":\"Trabajadores agr\u00edcolas en Potomac: Hearden contratado como editor del Oeste; Gannon se une a Invariant; Boger deja su cargo como Consejero de Agricultura de la UE\"}]},{\"@type\":\"WebSite\",\"@id\":\"https:\/\/arg-agro.com.ar\/actualidad\/#website\",\"url\":\"https:\/\/arg-agro.com.ar\/actualidad\/\",\"name\":\"ARG-AGRO Semilleria Venta de Semillas e Insumos para el Agro\",\"description\":\"\",\"publisher\":{\"@id\":\"https:\/\/arg-agro.com.ar\/actualidad\/#organization\"},\"potentialAction\":[{\"@type\":\"SearchAction\",\"target\":{\"@type\":\"EntryPoint\",\"urlTemplate\":\"https:\/\/arg-agro.com.ar\/actualidad\/?s={search_term_string}\"},\"query-input\":{\"@type\":\"PropertyValueSpecification\",\"valueRequired\":true,\"valueName\":\"search_term_string\"}}],\"inLanguage\":\"es\"},{\"@type\":\"Organization\",\"@id\":\"https:\/\/arg-agro.com.ar\/actualidad\/#organization\",\"name\":\"ARG-AGRO Semilleria Venta de Semillas e Insumos para el Agro\",\"url\":\"https:\/\/arg-agro.com.ar\/actualidad\/\",\"logo\":{\"@type\":\"ImageObject\",\"inLanguage\":\"es\",\"@id\":\"https:\/\/arg-agro.com.ar\/actualidad\/#\/schema\/logo\/image\/\",\"url\":\"https:\/\/arg-agro.com.ar\/actualidad\/wp-content\/uploads\/2026\/03\/store_logo.png\",\"contentUrl\":\"https:\/\/arg-agro.com.ar\/actualidad\/wp-content\/uploads\/2026\/03\/store_logo.png\",\"width\":270,\"height\":90,\"caption\":\"ARG-AGRO Semilleria Venta de Semillas e Insumos para el Agro\"},\"image\":{\"@id\":\"https:\/\/arg-agro.com.ar\/actualidad\/#\/schema\/logo\/image\/\"}},{\"@type\":\"Person\",\"@id\":\"https:\/\/arg-agro.com.ar\/actualidad\/#\/schema\/person\/6f778d1f6f2c0c1b373aeda7620b7ce3\",\"name\":\"Tom\u00e1s Echeverr\u00eda\",\"image\":{\"@type\":\"ImageObject\",\"inLanguage\":\"es\",\"@id\":\"https:\/\/arg-agro.com.ar\/actualidad\/#\/schema\/person\/image\/\",\"url\":\"https:\/\/arg-agro.com.ar\/actualidad\/wp-content\/uploads\/2026\/03\/Tomas-Echeverria-150x150.jpg\",\"contentUrl\":\"https:\/\/arg-agro.com.ar\/actualidad\/wp-content\/uploads\/2026\/03\/Tomas-Echeverria-150x150.jpg\",\"caption\":\"Tom\u00e1s Echeverr\u00eda\"},\"description\":\"Tom\u00e1s Echeverr\u00eda es especialista en agricultura y manejo sostenible de suelos, con experiencia en sistemas productivos de Argentina. Investiga la optimizaci\u00f3n del riego, la nutrici\u00f3n de cultivos y la adopci\u00f3n de tecnolog\u00edas de agricultura de precisi\u00f3n para mejorar rendimientos. En Arg-Agro, divulga pr\u00e1cticas basadas en evidencia para una producci\u00f3n eficiente y resiliente.\",\"sameAs\":[\"https:\/\/arg-agro.com.ar\/\"]}]}<\/script>\n<!-- \/ Yoast SEO plugin. -->","yoast_head_json":{"title":"Trabajadores agr\u00edcolas en Potomac: Hearden contratado como editor del Oeste; Gannon se une a Invariant; Boger deja su cargo como Consejero de Agricultura de la UE - ARG-AGRO Semilleria Venta de Semillas e Insumos para el Agro","robots":{"index":"index","follow":"follow","max-snippet":"max-snippet:-1","max-image-preview":"max-image-preview:large","max-video-preview":"max-video-preview:-1"},"canonical":"https:\/\/arg-agro.com.ar\/actualidad\/trabajadores-agricolas-en-potomac-hearden-contratado-como-editor-del-oeste-gannon-se-une-a-invariant-boger-deja-su-cargo-como-consejero-de-agricultura-de-la-ue\/","og_locale":"es_ES","og_type":"article","og_title":"Trabajadores agr\u00edcolas en Potomac: Hearden contratado como editor del Oeste; Gannon se une a Invariant; Boger deja su cargo como Consejero de Agricultura de la UE - ARG-AGRO Semilleria Venta de Semillas e Insumos para el Agro","og_url":"https:\/\/arg-agro.com.ar\/actualidad\/trabajadores-agricolas-en-potomac-hearden-contratado-como-editor-del-oeste-gannon-se-une-a-invariant-boger-deja-su-cargo-como-consejero-de-agricultura-de-la-ue\/","og_site_name":"ARG-AGRO Semilleria Venta de Semillas e Insumos para el Agro","article_published_time":"2026-09-03T08:26:20+00:00","article_modified_time":"2026-09-03T08:26:22+00:00","og_image":[{"width":836,"height":627,"url":"https:\/\/arg-agro.com.ar\/actualidad\/wp-content\/uploads\/2026\/05\/Les-acteurs-agricoles-du-Potomac-Adesina-rejoint-BGR-Group.jpg","type":"image\/jpeg"}],"author":"Tom\u00e1s Echeverr\u00eda","twitter_card":"summary_large_image","twitter_misc":{"Escrito por":"Tom\u00e1s Echeverr\u00eda","Tiempo de lectura":"6 minutos"},"schema":{"@context":"https:\/\/schema.org","@graph":[{"@type":"NewsArticle","@id":"https:\/\/arg-agro.com.ar\/actualidad\/trabajadores-agricolas-en-potomac-hearden-contratado-como-editor-del-oeste-gannon-se-une-a-invariant-boger-deja-su-cargo-como-consejero-de-agricultura-de-la-ue\/#article","isPartOf":{"@id":"https:\/\/arg-agro.com.ar\/actualidad\/trabajadores-agricolas-en-potomac-hearden-contratado-como-editor-del-oeste-gannon-se-une-a-invariant-boger-deja-su-cargo-como-consejero-de-agricultura-de-la-ue\/"},"author":{"name":"Tom\u00e1s Echeverr\u00eda","@id":"https:\/\/arg-agro.com.ar\/actualidad\/#\/schema\/person\/6f778d1f6f2c0c1b373aeda7620b7ce3"},"headline":"Trabajadores agr\u00edcolas en Potomac: Hearden contratado como editor del Oeste; Gannon se une a Invariant; Boger deja su cargo como Consejero de Agricultura de la UE","datePublished":"2026-09-03T08:26:20+00:00","dateModified":"2026-09-03T08:26:22+00:00","mainEntityOfPage":{"@id":"https:\/\/arg-agro.com.ar\/actualidad\/trabajadores-agricolas-en-potomac-hearden-contratado-como-editor-del-oeste-gannon-se-une-a-invariant-boger-deja-su-cargo-como-consejero-de-agricultura-de-la-ue\/"},"wordCount":1203,"publisher":{"@id":"https:\/\/arg-agro.com.ar\/actualidad\/#organization"},"image":{"@id":"https:\/\/arg-agro.com.ar\/actualidad\/trabajadores-agricolas-en-potomac-hearden-contratado-como-editor-del-oeste-gannon-se-une-a-invariant-boger-deja-su-cargo-como-consejero-de-agricultura-de-la-ue\/#primaryimage"},"thumbnailUrl":"https:\/\/arg-agro.com.ar\/actualidad\/wp-content\/uploads\/2026\/05\/Les-acteurs-agricoles-du-Potomac-Adesina-rejoint-BGR-Group.jpg","keywords":["agr\u00edcolas","agricultura","Boger","cargo","como","Consejero","contratado","d\u00e9j\u00e0","del","editor","Gannon","Hearden","Invariant","Oeste","Potomac","Trabajadores","une"],"articleSection":["Actualidad"],"inLanguage":"es"},{"@type":"WebPage","@id":"https:\/\/arg-agro.com.ar\/actualidad\/trabajadores-agricolas-en-potomac-hearden-contratado-como-editor-del-oeste-gannon-se-une-a-invariant-boger-deja-su-cargo-como-consejero-de-agricultura-de-la-ue\/","url":"https:\/\/arg-agro.com.ar\/actualidad\/trabajadores-agricolas-en-potomac-hearden-contratado-como-editor-del-oeste-gannon-se-une-a-invariant-boger-deja-su-cargo-como-consejero-de-agricultura-de-la-ue\/","name":"Trabajadores agr\u00edcolas en Potomac: Hearden contratado como editor del Oeste; Gannon se une a Invariant; Boger deja su cargo como Consejero de Agricultura de la UE - ARG-AGRO Semilleria Venta de Semillas e Insumos para el Agro","isPartOf":{"@id":"https:\/\/arg-agro.com.ar\/actualidad\/#website"},"primaryImageOfPage":{"@id":"https:\/\/arg-agro.com.ar\/actualidad\/trabajadores-agricolas-en-potomac-hearden-contratado-como-editor-del-oeste-gannon-se-une-a-invariant-boger-deja-su-cargo-como-consejero-de-agricultura-de-la-ue\/#primaryimage"},"image":{"@id":"https:\/\/arg-agro.com.ar\/actualidad\/trabajadores-agricolas-en-potomac-hearden-contratado-como-editor-del-oeste-gannon-se-une-a-invariant-boger-deja-su-cargo-como-consejero-de-agricultura-de-la-ue\/#primaryimage"},"thumbnailUrl":"https:\/\/arg-agro.com.ar\/actualidad\/wp-content\/uploads\/2026\/05\/Les-acteurs-agricoles-du-Potomac-Adesina-rejoint-BGR-Group.jpg","datePublished":"2026-09-03T08:26:20+00:00","dateModified":"2026-09-03T08:26:22+00:00","breadcrumb":{"@id":"https:\/\/arg-agro.com.ar\/actualidad\/trabajadores-agricolas-en-potomac-hearden-contratado-como-editor-del-oeste-gannon-se-une-a-invariant-boger-deja-su-cargo-como-consejero-de-agricultura-de-la-ue\/#breadcrumb"},"inLanguage":"es","potentialAction":[{"@type":"ReadAction","target":["https:\/\/arg-agro.com.ar\/actualidad\/trabajadores-agricolas-en-potomac-hearden-contratado-como-editor-del-oeste-gannon-se-une-a-invariant-boger-deja-su-cargo-como-consejero-de-agricultura-de-la-ue\/"]}]},{"@type":"ImageObject","inLanguage":"es","@id":"https:\/\/arg-agro.com.ar\/actualidad\/trabajadores-agricolas-en-potomac-hearden-contratado-como-editor-del-oeste-gannon-se-une-a-invariant-boger-deja-su-cargo-como-consejero-de-agricultura-de-la-ue\/#primaryimage","url":"https:\/\/arg-agro.com.ar\/actualidad\/wp-content\/uploads\/2026\/05\/Les-acteurs-agricoles-du-Potomac-Adesina-rejoint-BGR-Group.jpg","contentUrl":"https:\/\/arg-agro.com.ar\/actualidad\/wp-content\/uploads\/2026\/05\/Les-acteurs-agricoles-du-Potomac-Adesina-rejoint-BGR-Group.jpg","width":836,"height":627},{"@type":"BreadcrumbList","@id":"https:\/\/arg-agro.com.ar\/actualidad\/trabajadores-agricolas-en-potomac-hearden-contratado-como-editor-del-oeste-gannon-se-une-a-invariant-boger-deja-su-cargo-como-consejero-de-agricultura-de-la-ue\/#breadcrumb","itemListElement":[{"@type":"ListItem","position":1,"name":"Arg-Agro","item":"https:\/\/arg-agro.com.ar\/actualidad\/"},{"@type":"ListItem","position":2,"name":"Trabajadores agr\u00edcolas en Potomac: Hearden contratado como editor del Oeste; Gannon se une a Invariant; Boger deja su cargo como Consejero de Agricultura de la UE"}]},{"@type":"WebSite","@id":"https:\/\/arg-agro.com.ar\/actualidad\/#website","url":"https:\/\/arg-agro.com.ar\/actualidad\/","name":"ARG-AGRO Semilleria Venta de Semillas e Insumos para el Agro","description":"","publisher":{"@id":"https:\/\/arg-agro.com.ar\/actualidad\/#organization"},"potentialAction":[{"@type":"SearchAction","target":{"@type":"EntryPoint","urlTemplate":"https:\/\/arg-agro.com.ar\/actualidad\/?s={search_term_string}"},"query-input":{"@type":"PropertyValueSpecification","valueRequired":true,"valueName":"search_term_string"}}],"inLanguage":"es"},{"@type":"Organization","@id":"https:\/\/arg-agro.com.ar\/actualidad\/#organization","name":"ARG-AGRO Semilleria Venta de Semillas e Insumos para el Agro","url":"https:\/\/arg-agro.com.ar\/actualidad\/","logo":{"@type":"ImageObject","inLanguage":"es","@id":"https:\/\/arg-agro.com.ar\/actualidad\/#\/schema\/logo\/image\/","url":"https:\/\/arg-agro.com.ar\/actualidad\/wp-content\/uploads\/2026\/03\/store_logo.png","contentUrl":"https:\/\/arg-agro.com.ar\/actualidad\/wp-content\/uploads\/2026\/03\/store_logo.png","width":270,"height":90,"caption":"ARG-AGRO Semilleria Venta de Semillas e Insumos para el Agro"},"image":{"@id":"https:\/\/arg-agro.com.ar\/actualidad\/#\/schema\/logo\/image\/"}},{"@type":"Person","@id":"https:\/\/arg-agro.com.ar\/actualidad\/#\/schema\/person\/6f778d1f6f2c0c1b373aeda7620b7ce3","name":"Tom\u00e1s Echeverr\u00eda","image":{"@type":"ImageObject","inLanguage":"es","@id":"https:\/\/arg-agro.com.ar\/actualidad\/#\/schema\/person\/image\/","url":"https:\/\/arg-agro.com.ar\/actualidad\/wp-content\/uploads\/2026\/03\/Tomas-Echeverria-150x150.jpg","contentUrl":"https:\/\/arg-agro.com.ar\/actualidad\/wp-content\/uploads\/2026\/03\/Tomas-Echeverria-150x150.jpg","caption":"Tom\u00e1s Echeverr\u00eda"},"description":"Tom\u00e1s Echeverr\u00eda es especialista en agricultura y manejo sostenible de suelos, con experiencia en sistemas productivos de Argentina. Investiga la optimizaci\u00f3n del riego, la nutrici\u00f3n de cultivos y la adopci\u00f3n de tecnolog\u00edas de agricultura de precisi\u00f3n para mejorar rendimientos. En Arg-Agro, divulga pr\u00e1cticas basadas en evidencia para una producci\u00f3n eficiente y resiliente.","sameAs":["https:\/\/arg-agro.com.ar\/"]}]}},"_links":{"self":[{"href":"https:\/\/arg-agro.com.ar\/actualidad\/wp-json\/wp\/v2\/posts\/1586","targetHints":{"allow":["GET"]}}],"collection":[{"href":"https:\/\/arg-agro.com.ar\/actualidad\/wp-json\/wp\/v2\/posts"}],"about":[{"href":"https:\/\/arg-agro.com.ar\/actualidad\/wp-json\/wp\/v2\/types\/post"}],"author":[{"embeddable":true,"href":"https:\/\/arg-agro.com.ar\/actualidad\/wp-json\/wp\/v2\/users\/1"}],"replies":[{"embeddable":true,"href":"https:\/\/arg-agro.com.ar\/actualidad\/wp-json\/wp\/v2\/comments?post=1586"}],"version-history":[{"count":1,"href":"https:\/\/arg-agro.com.ar\/actualidad\/wp-json\/wp\/v2\/posts\/1586\/revisions"}],"predecessor-version":[{"id":1587,"href":"https:\/\/arg-agro.com.ar\/actualidad\/wp-json\/wp\/v2\/posts\/1586\/revisions\/1587"}],"wp:featuredmedia":[{"embeddable":true,"href":"https:\/\/arg-agro.com.ar\/actualidad\/wp-json\/wp\/v2\/media\/155"}],"wp:attachment":[{"href":"https:\/\/arg-agro.com.ar\/actualidad\/wp-json\/wp\/v2\/media?parent=1586"}],"wp:term":[{"taxonomy":"category","embeddable":true,"href":"https:\/\/arg-agro.com.ar\/actualidad\/wp-json\/wp\/v2\/categories?post=1586"}],"curies":[{"name":"wp","href":"https:\/\/api.w.org\/{rel}","templated":true}]}}