{"id":1580,"date":"2026-09-03T02:26:29","date_gmt":"2026-09-03T05:26:29","guid":{"rendered":"https:\/\/arg-agro.com.ar\/actualidad\/democratas-exigen-investigacion-sobre-la-adquisicion-de-sysco\/"},"modified":"2026-09-03T02:26:30","modified_gmt":"2026-09-03T05:26:30","slug":"democratas-exigen-investigacion-sobre-la-adquisicion-de-sysco","status":"publish","type":"post","link":"https:\/\/arg-agro.com.ar\/actualidad\/democratas-exigen-investigacion-sobre-la-adquisicion-de-sysco\/","title":{"rendered":"Dem\u00f3cratas exigen investigaci\u00f3n sobre la adquisici\u00f3n de Sysco"},"content":{"rendered":"<p><\/p>\n<div>\n<p>Cuatro legisladores dem\u00f3cratas han firmado cartas solicitando a la Federal Trade Commission una investigaci\u00f3n sobre la adquisici\u00f3n \u201canticompetitiva\u201d de Sysco a Jetro Restaurant Depot. La venta entre estos dos gigantes del suministro para restaurantes se anunci\u00f3 el 30 de marzo y la operaci\u00f3n est\u00e1 valorada en 29,1 mil millones de d\u00f3lares, seg\u00fan un comunicado de Sysco.<\/p>\n<p>La adquisici\u00f3n se espera que se cierre para el tercer trimestre del a\u00f1o fiscal 2027 de Sysco, en marzo. \u201cJuntos, Sysco y Jetro Restaurant Depot ampliar\u00e1n el valor para los restaurantes independientes peque\u00f1os y para los consumidores a los que atienden al ampliar el acceso a productos alimentarios frescos m\u00e1s asequibles y ofrecer m\u00e1s opciones y conveniencia\u201d, dijo Kevin Hourican, presidente y director ejecutivo de Sysco, en el anuncio inicial.<\/p>\n<p>Sin embargo, los senadores Cory Booker, de Nueva Jersey, y Tammy Baldwin, de Wisconsin, sostienen en su carta que la adquisici\u00f3n \u201cest\u00e1 reduciendo tanto las opciones de compra como el poder de negociaci\u00f3n de las peque\u00f1as empresas en todo el pa\u00eds\u201d.<\/p>\n<p>Los congresistas Maxwell Frost, de Florida, y Jerrold Nadler, de Nueva York, afirmaron que tambi\u00e9n los granjeros independientes, adem\u00e1s de los restaurantes independientes, ser\u00edan amenazados por la adquisici\u00f3n. \u201cSysco ha presumido que esta adquisici\u00f3n les permitir\u00e1 contar con un mayor poder para dictar precios a los cultivadores, una se\u00f1al clave de cu\u00e1n anticompetitiva podr\u00eda ser esta fusi\u00f3n propuesta\u201d, escribieron los legisladores.<\/p>\n<p>\u201cEsto crear\u00eda un entorno adicional en el que un \u00fanico comprador poderoso impone t\u00e9rminos a los agricultores y a los peque\u00f1os operadores en lugar de negociar\u201d, se\u00f1alaron Booker y Baldwin.<\/p>\n<p>Este no es el primer caso en que Sysco es acusado de pr\u00e1cticas anticompetitivas. En 2015, la FTC determin\u00f3 que la fusi\u00f3n propuesta entre Sysco y US Foods violaba la secci\u00f3n 5 de la Ley FTC. Booker y Baldwin sostienen que las mismas preocupaciones de hace m\u00e1s de una d\u00e9cada siguen siendo v\u00e1lidas en este caso.<\/p>\n<p>La adquisici\u00f3n permitir\u00eda a Sysco abrirse paso en el mercado cash-and-carry. El cash-and-carry, a diferencia del servicio de entrega tradicional de Sysco, permite a los restaurantes comprar directamente desde un almac\u00e9n. El anuncio original describe la transacci\u00f3n como \u201ctransformadora\u201d y que permitir\u00e1 \u201cque Sysco ingrese al canal Cash &#038; Carry, de alto margen, en crecimiento y resiliente\u201d.<\/p>\n<p>Pero la competencia entre Sysco y Restaurant Depot respecto a las diferencias de modelo de negocio ofrece a los restaurantes la posibilidad de comparar precios entre ambos proveedores, escribieron Booker y Baldwin.<\/p>\n<p>\u201cLos restaurantes independientes operan con m\u00e1rgenes muy estrechos, y Restaurant Depot les ofrece una alternativa esencial a grandes distribuidores como Sysco y un criterio de precios esencial a la hora de negociar con los proveedores\u201d, afirm\u00f3 Erika Polmar, directora ejecutiva de la Independent Restaurant Coalition, en un comunicado de prensa. \u201cSi se permite que Sysco adquiera a un competidor importante, los restaurantes independientes perder\u00e1n ese apalancamiento, enfrentar\u00e1n costos de alimentos m\u00e1s altos y, en \u00faltima instancia, tendr\u00e1n pocas opciones m\u00e1s que trasladar esos costos a los comensales\u201d.<\/p>\n<\/div>\n","protected":false},"excerpt":{"rendered":"","protected":false},"author":1,"featured_media":1581,"comment_status":"closed","ping_status":"closed","sticky":false,"template":"","format":"standard","meta":{"footnotes":""},"categories":[1],"class_list":["post-1580","post","type-post","status-publish","format-standard","has-post-thumbnail","hentry","category-actualidad","generate-columns","tablet-grid-50","mobile-grid-100","grid-parent","grid-50"],"yoast_head":"<!-- This site is optimized with the Yoast SEO plugin v27.0 - https:\/\/yoast.com\/product\/yoast-seo-wordpress\/ -->\n<title>Dem\u00f3cratas exigen investigaci\u00f3n sobre la adquisici\u00f3n de Sysco - ARG-AGRO Semilleria Venta de Semillas e Insumos para el Agro<\/title>\n<meta name=\"robots\" content=\"index, follow, max-snippet:-1, max-image-preview:large, max-video-preview:-1\" \/>\n<link rel=\"canonical\" href=\"https:\/\/arg-agro.com.ar\/actualidad\/democratas-exigen-investigacion-sobre-la-adquisicion-de-sysco\/\" \/>\n<meta property=\"og:locale\" content=\"es_ES\" \/>\n<meta property=\"og:type\" content=\"article\" \/>\n<meta property=\"og:title\" content=\"Dem\u00f3cratas exigen investigaci\u00f3n sobre la adquisici\u00f3n de Sysco - ARG-AGRO Semilleria Venta de Semillas e Insumos para el Agro\" \/>\n<meta property=\"og:url\" content=\"https:\/\/arg-agro.com.ar\/actualidad\/democratas-exigen-investigacion-sobre-la-adquisicion-de-sysco\/\" \/>\n<meta property=\"og:site_name\" content=\"ARG-AGRO Semilleria Venta de Semillas e Insumos para el Agro\" \/>\n<meta property=\"article:published_time\" content=\"2026-09-03T05:26:29+00:00\" \/>\n<meta property=\"article:modified_time\" content=\"2026-09-03T05:26:30+00:00\" \/>\n<meta property=\"og:image\" content=\"https:\/\/arg-agro.com.ar\/actualidad\/wp-content\/uploads\/2026\/09\/Democratas-exigen-investigacion-sobre-la-adquisicion-de-Sysco.jpg\" \/>\n\t<meta property=\"og:image:width\" content=\"836\" \/>\n\t<meta property=\"og:image:height\" content=\"627\" \/>\n\t<meta property=\"og:image:type\" content=\"image\/jpeg\" \/>\n<meta name=\"author\" content=\"Tom\u00e1s Echeverr\u00eda\" \/>\n<meta name=\"twitter:card\" content=\"summary_large_image\" \/>\n<meta name=\"twitter:label1\" content=\"Escrito por\" \/>\n\t<meta name=\"twitter:data1\" content=\"Tom\u00e1s Echeverr\u00eda\" \/>\n\t<meta name=\"twitter:label2\" content=\"Tiempo de lectura\" \/>\n\t<meta name=\"twitter:data2\" content=\"3 minutos\" \/>\n<script type=\"application\/ld+json\" class=\"yoast-schema-graph\">{\"@context\":\"https:\/\/schema.org\",\"@graph\":[{\"@type\":\"NewsArticle\",\"@id\":\"https:\/\/arg-agro.com.ar\/actualidad\/democratas-exigen-investigacion-sobre-la-adquisicion-de-sysco\/#article\",\"isPartOf\":{\"@id\":\"https:\/\/arg-agro.com.ar\/actualidad\/democratas-exigen-investigacion-sobre-la-adquisicion-de-sysco\/\"},\"author\":{\"name\":\"Tom\u00e1s Echeverr\u00eda\",\"@id\":\"https:\/\/arg-agro.com.ar\/actualidad\/#\/schema\/person\/6f778d1f6f2c0c1b373aeda7620b7ce3\"},\"headline\":\"Dem\u00f3cratas exigen investigaci\u00f3n sobre la adquisici\u00f3n de Sysco\",\"datePublished\":\"2026-09-03T05:26:29+00:00\",\"dateModified\":\"2026-09-03T05:26:30+00:00\",\"mainEntityOfPage\":{\"@id\":\"https:\/\/arg-agro.com.ar\/actualidad\/democratas-exigen-investigacion-sobre-la-adquisicion-de-sysco\/\"},\"wordCount\":540,\"publisher\":{\"@id\":\"https:\/\/arg-agro.com.ar\/actualidad\/#organization\"},\"image\":{\"@id\":\"https:\/\/arg-agro.com.ar\/actualidad\/democratas-exigen-investigacion-sobre-la-adquisicion-de-sysco\/#primaryimage\"},\"thumbnailUrl\":\"https:\/\/arg-agro.com.ar\/actualidad\/wp-content\/uploads\/2026\/09\/Democratas-exigen-investigacion-sobre-la-adquisicion-de-Sysco.jpg\",\"keywords\":[\"adquisici\u00f3n\",\"dem\u00f3cratas\",\"exigen\",\"investigaci\u00f3n\",\"sobre\",\"Sysco\"],\"articleSection\":[\"Actualidad\"],\"inLanguage\":\"es\"},{\"@type\":\"WebPage\",\"@id\":\"https:\/\/arg-agro.com.ar\/actualidad\/democratas-exigen-investigacion-sobre-la-adquisicion-de-sysco\/\",\"url\":\"https:\/\/arg-agro.com.ar\/actualidad\/democratas-exigen-investigacion-sobre-la-adquisicion-de-sysco\/\",\"name\":\"Dem\u00f3cratas exigen investigaci\u00f3n sobre la adquisici\u00f3n de Sysco - ARG-AGRO Semilleria Venta de Semillas e Insumos para el Agro\",\"isPartOf\":{\"@id\":\"https:\/\/arg-agro.com.ar\/actualidad\/#website\"},\"primaryImageOfPage\":{\"@id\":\"https:\/\/arg-agro.com.ar\/actualidad\/democratas-exigen-investigacion-sobre-la-adquisicion-de-sysco\/#primaryimage\"},\"image\":{\"@id\":\"https:\/\/arg-agro.com.ar\/actualidad\/democratas-exigen-investigacion-sobre-la-adquisicion-de-sysco\/#primaryimage\"},\"thumbnailUrl\":\"https:\/\/arg-agro.com.ar\/actualidad\/wp-content\/uploads\/2026\/09\/Democratas-exigen-investigacion-sobre-la-adquisicion-de-Sysco.jpg\",\"datePublished\":\"2026-09-03T05:26:29+00:00\",\"dateModified\":\"2026-09-03T05:26:30+00:00\",\"breadcrumb\":{\"@id\":\"https:\/\/arg-agro.com.ar\/actualidad\/democratas-exigen-investigacion-sobre-la-adquisicion-de-sysco\/#breadcrumb\"},\"inLanguage\":\"es\",\"potentialAction\":[{\"@type\":\"ReadAction\",\"target\":[\"https:\/\/arg-agro.com.ar\/actualidad\/democratas-exigen-investigacion-sobre-la-adquisicion-de-sysco\/\"]}]},{\"@type\":\"ImageObject\",\"inLanguage\":\"es\",\"@id\":\"https:\/\/arg-agro.com.ar\/actualidad\/democratas-exigen-investigacion-sobre-la-adquisicion-de-sysco\/#primaryimage\",\"url\":\"https:\/\/arg-agro.com.ar\/actualidad\/wp-content\/uploads\/2026\/09\/Democratas-exigen-investigacion-sobre-la-adquisicion-de-Sysco.jpg\",\"contentUrl\":\"https:\/\/arg-agro.com.ar\/actualidad\/wp-content\/uploads\/2026\/09\/Democratas-exigen-investigacion-sobre-la-adquisicion-de-Sysco.jpg\",\"width\":836,\"height\":627},{\"@type\":\"BreadcrumbList\",\"@id\":\"https:\/\/arg-agro.com.ar\/actualidad\/democratas-exigen-investigacion-sobre-la-adquisicion-de-sysco\/#breadcrumb\",\"itemListElement\":[{\"@type\":\"ListItem\",\"position\":1,\"name\":\"Arg-Agro\",\"item\":\"https:\/\/arg-agro.com.ar\/actualidad\/\"},{\"@type\":\"ListItem\",\"position\":2,\"name\":\"Dem\u00f3cratas exigen investigaci\u00f3n sobre la adquisici\u00f3n de Sysco\"}]},{\"@type\":\"WebSite\",\"@id\":\"https:\/\/arg-agro.com.ar\/actualidad\/#website\",\"url\":\"https:\/\/arg-agro.com.ar\/actualidad\/\",\"name\":\"ARG-AGRO Semilleria Venta de Semillas e Insumos para el Agro\",\"description\":\"\",\"publisher\":{\"@id\":\"https:\/\/arg-agro.com.ar\/actualidad\/#organization\"},\"potentialAction\":[{\"@type\":\"SearchAction\",\"target\":{\"@type\":\"EntryPoint\",\"urlTemplate\":\"https:\/\/arg-agro.com.ar\/actualidad\/?s={search_term_string}\"},\"query-input\":{\"@type\":\"PropertyValueSpecification\",\"valueRequired\":true,\"valueName\":\"search_term_string\"}}],\"inLanguage\":\"es\"},{\"@type\":\"Organization\",\"@id\":\"https:\/\/arg-agro.com.ar\/actualidad\/#organization\",\"name\":\"ARG-AGRO Semilleria Venta de Semillas e Insumos para el Agro\",\"url\":\"https:\/\/arg-agro.com.ar\/actualidad\/\",\"logo\":{\"@type\":\"ImageObject\",\"inLanguage\":\"es\",\"@id\":\"https:\/\/arg-agro.com.ar\/actualidad\/#\/schema\/logo\/image\/\",\"url\":\"https:\/\/arg-agro.com.ar\/actualidad\/wp-content\/uploads\/2026\/03\/store_logo.png\",\"contentUrl\":\"https:\/\/arg-agro.com.ar\/actualidad\/wp-content\/uploads\/2026\/03\/store_logo.png\",\"width\":270,\"height\":90,\"caption\":\"ARG-AGRO Semilleria Venta de Semillas e Insumos para el Agro\"},\"image\":{\"@id\":\"https:\/\/arg-agro.com.ar\/actualidad\/#\/schema\/logo\/image\/\"}},{\"@type\":\"Person\",\"@id\":\"https:\/\/arg-agro.com.ar\/actualidad\/#\/schema\/person\/6f778d1f6f2c0c1b373aeda7620b7ce3\",\"name\":\"Tom\u00e1s Echeverr\u00eda\",\"image\":{\"@type\":\"ImageObject\",\"inLanguage\":\"es\",\"@id\":\"https:\/\/arg-agro.com.ar\/actualidad\/#\/schema\/person\/image\/\",\"url\":\"https:\/\/arg-agro.com.ar\/actualidad\/wp-content\/uploads\/2026\/03\/Tomas-Echeverria-150x150.jpg\",\"contentUrl\":\"https:\/\/arg-agro.com.ar\/actualidad\/wp-content\/uploads\/2026\/03\/Tomas-Echeverria-150x150.jpg\",\"caption\":\"Tom\u00e1s Echeverr\u00eda\"},\"description\":\"Tom\u00e1s Echeverr\u00eda es especialista en agricultura y manejo sostenible de suelos, con experiencia en sistemas productivos de Argentina. Investiga la optimizaci\u00f3n del riego, la nutrici\u00f3n de cultivos y la adopci\u00f3n de tecnolog\u00edas de agricultura de precisi\u00f3n para mejorar rendimientos. En Arg-Agro, divulga pr\u00e1cticas basadas en evidencia para una producci\u00f3n eficiente y resiliente.\",\"sameAs\":[\"https:\/\/arg-agro.com.ar\/\"]}]}<\/script>\n<!-- \/ Yoast SEO plugin. -->","yoast_head_json":{"title":"Dem\u00f3cratas exigen investigaci\u00f3n sobre la adquisici\u00f3n de Sysco - ARG-AGRO Semilleria Venta de Semillas e Insumos para el Agro","robots":{"index":"index","follow":"follow","max-snippet":"max-snippet:-1","max-image-preview":"max-image-preview:large","max-video-preview":"max-video-preview:-1"},"canonical":"https:\/\/arg-agro.com.ar\/actualidad\/democratas-exigen-investigacion-sobre-la-adquisicion-de-sysco\/","og_locale":"es_ES","og_type":"article","og_title":"Dem\u00f3cratas exigen investigaci\u00f3n sobre la adquisici\u00f3n de Sysco - ARG-AGRO Semilleria Venta de Semillas e Insumos para el Agro","og_url":"https:\/\/arg-agro.com.ar\/actualidad\/democratas-exigen-investigacion-sobre-la-adquisicion-de-sysco\/","og_site_name":"ARG-AGRO Semilleria Venta de Semillas e Insumos para el Agro","article_published_time":"2026-09-03T05:26:29+00:00","article_modified_time":"2026-09-03T05:26:30+00:00","og_image":[{"width":836,"height":627,"url":"https:\/\/arg-agro.com.ar\/actualidad\/wp-content\/uploads\/2026\/09\/Democratas-exigen-investigacion-sobre-la-adquisicion-de-Sysco.jpg","type":"image\/jpeg"}],"author":"Tom\u00e1s Echeverr\u00eda","twitter_card":"summary_large_image","twitter_misc":{"Escrito por":"Tom\u00e1s Echeverr\u00eda","Tiempo de lectura":"3 minutos"},"schema":{"@context":"https:\/\/schema.org","@graph":[{"@type":"NewsArticle","@id":"https:\/\/arg-agro.com.ar\/actualidad\/democratas-exigen-investigacion-sobre-la-adquisicion-de-sysco\/#article","isPartOf":{"@id":"https:\/\/arg-agro.com.ar\/actualidad\/democratas-exigen-investigacion-sobre-la-adquisicion-de-sysco\/"},"author":{"name":"Tom\u00e1s Echeverr\u00eda","@id":"https:\/\/arg-agro.com.ar\/actualidad\/#\/schema\/person\/6f778d1f6f2c0c1b373aeda7620b7ce3"},"headline":"Dem\u00f3cratas exigen investigaci\u00f3n sobre la adquisici\u00f3n de Sysco","datePublished":"2026-09-03T05:26:29+00:00","dateModified":"2026-09-03T05:26:30+00:00","mainEntityOfPage":{"@id":"https:\/\/arg-agro.com.ar\/actualidad\/democratas-exigen-investigacion-sobre-la-adquisicion-de-sysco\/"},"wordCount":540,"publisher":{"@id":"https:\/\/arg-agro.com.ar\/actualidad\/#organization"},"image":{"@id":"https:\/\/arg-agro.com.ar\/actualidad\/democratas-exigen-investigacion-sobre-la-adquisicion-de-sysco\/#primaryimage"},"thumbnailUrl":"https:\/\/arg-agro.com.ar\/actualidad\/wp-content\/uploads\/2026\/09\/Democratas-exigen-investigacion-sobre-la-adquisicion-de-Sysco.jpg","keywords":["adquisici\u00f3n","dem\u00f3cratas","exigen","investigaci\u00f3n","sobre","Sysco"],"articleSection":["Actualidad"],"inLanguage":"es"},{"@type":"WebPage","@id":"https:\/\/arg-agro.com.ar\/actualidad\/democratas-exigen-investigacion-sobre-la-adquisicion-de-sysco\/","url":"https:\/\/arg-agro.com.ar\/actualidad\/democratas-exigen-investigacion-sobre-la-adquisicion-de-sysco\/","name":"Dem\u00f3cratas exigen investigaci\u00f3n sobre la adquisici\u00f3n de Sysco - ARG-AGRO Semilleria Venta de Semillas e Insumos para el Agro","isPartOf":{"@id":"https:\/\/arg-agro.com.ar\/actualidad\/#website"},"primaryImageOfPage":{"@id":"https:\/\/arg-agro.com.ar\/actualidad\/democratas-exigen-investigacion-sobre-la-adquisicion-de-sysco\/#primaryimage"},"image":{"@id":"https:\/\/arg-agro.com.ar\/actualidad\/democratas-exigen-investigacion-sobre-la-adquisicion-de-sysco\/#primaryimage"},"thumbnailUrl":"https:\/\/arg-agro.com.ar\/actualidad\/wp-content\/uploads\/2026\/09\/Democratas-exigen-investigacion-sobre-la-adquisicion-de-Sysco.jpg","datePublished":"2026-09-03T05:26:29+00:00","dateModified":"2026-09-03T05:26:30+00:00","breadcrumb":{"@id":"https:\/\/arg-agro.com.ar\/actualidad\/democratas-exigen-investigacion-sobre-la-adquisicion-de-sysco\/#breadcrumb"},"inLanguage":"es","potentialAction":[{"@type":"ReadAction","target":["https:\/\/arg-agro.com.ar\/actualidad\/democratas-exigen-investigacion-sobre-la-adquisicion-de-sysco\/"]}]},{"@type":"ImageObject","inLanguage":"es","@id":"https:\/\/arg-agro.com.ar\/actualidad\/democratas-exigen-investigacion-sobre-la-adquisicion-de-sysco\/#primaryimage","url":"https:\/\/arg-agro.com.ar\/actualidad\/wp-content\/uploads\/2026\/09\/Democratas-exigen-investigacion-sobre-la-adquisicion-de-Sysco.jpg","contentUrl":"https:\/\/arg-agro.com.ar\/actualidad\/wp-content\/uploads\/2026\/09\/Democratas-exigen-investigacion-sobre-la-adquisicion-de-Sysco.jpg","width":836,"height":627},{"@type":"BreadcrumbList","@id":"https:\/\/arg-agro.com.ar\/actualidad\/democratas-exigen-investigacion-sobre-la-adquisicion-de-sysco\/#breadcrumb","itemListElement":[{"@type":"ListItem","position":1,"name":"Arg-Agro","item":"https:\/\/arg-agro.com.ar\/actualidad\/"},{"@type":"ListItem","position":2,"name":"Dem\u00f3cratas exigen investigaci\u00f3n sobre la adquisici\u00f3n de Sysco"}]},{"@type":"WebSite","@id":"https:\/\/arg-agro.com.ar\/actualidad\/#website","url":"https:\/\/arg-agro.com.ar\/actualidad\/","name":"ARG-AGRO Semilleria Venta de Semillas e Insumos para el Agro","description":"","publisher":{"@id":"https:\/\/arg-agro.com.ar\/actualidad\/#organization"},"potentialAction":[{"@type":"SearchAction","target":{"@type":"EntryPoint","urlTemplate":"https:\/\/arg-agro.com.ar\/actualidad\/?s={search_term_string}"},"query-input":{"@type":"PropertyValueSpecification","valueRequired":true,"valueName":"search_term_string"}}],"inLanguage":"es"},{"@type":"Organization","@id":"https:\/\/arg-agro.com.ar\/actualidad\/#organization","name":"ARG-AGRO Semilleria Venta de Semillas e Insumos para el Agro","url":"https:\/\/arg-agro.com.ar\/actualidad\/","logo":{"@type":"ImageObject","inLanguage":"es","@id":"https:\/\/arg-agro.com.ar\/actualidad\/#\/schema\/logo\/image\/","url":"https:\/\/arg-agro.com.ar\/actualidad\/wp-content\/uploads\/2026\/03\/store_logo.png","contentUrl":"https:\/\/arg-agro.com.ar\/actualidad\/wp-content\/uploads\/2026\/03\/store_logo.png","width":270,"height":90,"caption":"ARG-AGRO Semilleria Venta de Semillas e Insumos para el Agro"},"image":{"@id":"https:\/\/arg-agro.com.ar\/actualidad\/#\/schema\/logo\/image\/"}},{"@type":"Person","@id":"https:\/\/arg-agro.com.ar\/actualidad\/#\/schema\/person\/6f778d1f6f2c0c1b373aeda7620b7ce3","name":"Tom\u00e1s Echeverr\u00eda","image":{"@type":"ImageObject","inLanguage":"es","@id":"https:\/\/arg-agro.com.ar\/actualidad\/#\/schema\/person\/image\/","url":"https:\/\/arg-agro.com.ar\/actualidad\/wp-content\/uploads\/2026\/03\/Tomas-Echeverria-150x150.jpg","contentUrl":"https:\/\/arg-agro.com.ar\/actualidad\/wp-content\/uploads\/2026\/03\/Tomas-Echeverria-150x150.jpg","caption":"Tom\u00e1s Echeverr\u00eda"},"description":"Tom\u00e1s Echeverr\u00eda es especialista en agricultura y manejo sostenible de suelos, con experiencia en sistemas productivos de Argentina. Investiga la optimizaci\u00f3n del riego, la nutrici\u00f3n de cultivos y la adopci\u00f3n de tecnolog\u00edas de agricultura de precisi\u00f3n para mejorar rendimientos. En Arg-Agro, divulga pr\u00e1cticas basadas en evidencia para una producci\u00f3n eficiente y resiliente.","sameAs":["https:\/\/arg-agro.com.ar\/"]}]}},"_links":{"self":[{"href":"https:\/\/arg-agro.com.ar\/actualidad\/wp-json\/wp\/v2\/posts\/1580","targetHints":{"allow":["GET"]}}],"collection":[{"href":"https:\/\/arg-agro.com.ar\/actualidad\/wp-json\/wp\/v2\/posts"}],"about":[{"href":"https:\/\/arg-agro.com.ar\/actualidad\/wp-json\/wp\/v2\/types\/post"}],"author":[{"embeddable":true,"href":"https:\/\/arg-agro.com.ar\/actualidad\/wp-json\/wp\/v2\/users\/1"}],"replies":[{"embeddable":true,"href":"https:\/\/arg-agro.com.ar\/actualidad\/wp-json\/wp\/v2\/comments?post=1580"}],"version-history":[{"count":1,"href":"https:\/\/arg-agro.com.ar\/actualidad\/wp-json\/wp\/v2\/posts\/1580\/revisions"}],"predecessor-version":[{"id":1582,"href":"https:\/\/arg-agro.com.ar\/actualidad\/wp-json\/wp\/v2\/posts\/1580\/revisions\/1582"}],"wp:featuredmedia":[{"embeddable":true,"href":"https:\/\/arg-agro.com.ar\/actualidad\/wp-json\/wp\/v2\/media\/1581"}],"wp:attachment":[{"href":"https:\/\/arg-agro.com.ar\/actualidad\/wp-json\/wp\/v2\/media?parent=1580"}],"wp:term":[{"taxonomy":"category","embeddable":true,"href":"https:\/\/arg-agro.com.ar\/actualidad\/wp-json\/wp\/v2\/categories?post=1580"}],"curies":[{"name":"wp","href":"https:\/\/api.w.org\/{rel}","templated":true}]}}