{"id":1577,"date":"2026-09-03T01:23:39","date_gmt":"2026-09-03T04:23:39","guid":{"rendered":"https:\/\/arg-agro.com.ar\/actualidad\/el-sentimiento-de-los-agricultores-sube-de-nuevo-respecto-al-mes-anterior\/"},"modified":"2026-09-03T01:23:40","modified_gmt":"2026-09-03T04:23:40","slug":"el-sentimiento-de-los-agricultores-sube-de-nuevo-respecto-al-mes-anterior","status":"publish","type":"post","link":"https:\/\/arg-agro.com.ar\/actualidad\/el-sentimiento-de-los-agricultores-sube-de-nuevo-respecto-al-mes-anterior\/","title":{"rendered":"El sentimiento de los agricultores sube de nuevo respecto al mes anterior"},"content":{"rendered":"<p><\/p>\n<div>\n<p>La confianza de los agricultores est\u00e1 en alza, aumentando por segundo mes consecutivo, seg\u00fan el Bar\u00f3metro de la Econom\u00eda Agr\u00edcola de Purdue University-CME Group, publicado el martes. Y, por primera vez desde junio del a\u00f1o pasado, un porcentaje mayor de los agricultores encuestados espera que sus operaciones est\u00e9n mejor posicionadas financieramente dentro de un a\u00f1o, en lugar de empeorar.<\/p>\n<p>El \u00edndice de expectativas futuras subi\u00f3 11 puntos este mes, mientras que el \u00edndice de condiciones actuales solo aument\u00f3 1 punto. El \u00edndice de condiciones actuales aument\u00f3 significativamente m\u00e1s el mes pasado.<\/p>\n<p>Sin embargo, los altos costos de insumos fueron la mayor preocupaci\u00f3n para el 45% de los encuestados, un tema principal durante los \u00faltimos meses. La encuesta de este mes incluy\u00f3 preguntas sobre habilidades. La mayor parte de los agricultores, un 28%, dijo que sus operaciones necesitaban mejorar m\u00e1s la planificaci\u00f3n estrat\u00e9gica. Le siguieron otras habilidades clave como la venta de productos y la compra de insumos. Alrededor del 29% dijo que las habilidades de producci\u00f3n proporcionaron el mayor retorno de la inversi\u00f3n, junto con la gesti\u00f3n y el an\u00e1lisis financiero.<\/p>\n<p>El porcentaje de productores que piensa que Estados Unidos va en la direcci\u00f3n correcta se ha reducido en 3 puntos porcentuales, hasta el 51%, el nivel m\u00e1s bajo desde que se empez\u00f3 a hacer la pregunta en julio de 2025. En esa ocasi\u00f3n, el 74% de los productores encuestados dijo que el pa\u00eds iba en la direcci\u00f3n correcta.<\/p>\n<p>El an\u00e1lisis del Bar\u00f3metro Agr\u00edcola, escrito por Michael Langemeier y Joana Colussi del Purdue Center for Commercial Agriculture, indic\u00f3 que hay un \u201cmayor optimismo entre los encuestados sobre sus perspectivas financieras durante los pr\u00f3ximos 10 meses.\u201d<\/p>\n<p>El optimismo se extiende a las perspectivas de exportaci\u00f3n para los pr\u00f3ximos cinco a\u00f1os, que alcanzaron el punto m\u00e1s alto desde diciembre pasado con un \u00edndice de 140.<\/p>\n<p>La encuesta se llev\u00f3 a cabo del 10 al 14 de agosto y participaron 402 agricultores a nivel nacional.<\/p>\n<\/div>\n","protected":false},"excerpt":{"rendered":"","protected":false},"author":1,"featured_media":1578,"comment_status":"closed","ping_status":"closed","sticky":false,"template":"","format":"standard","meta":{"footnotes":""},"categories":[1],"class_list":["post-1577","post","type-post","status-publish","format-standard","has-post-thumbnail","hentry","category-actualidad","generate-columns","tablet-grid-50","mobile-grid-100","grid-parent","grid-50"],"yoast_head":"<!-- This site is optimized with the Yoast SEO plugin v27.0 - https:\/\/yoast.com\/product\/yoast-seo-wordpress\/ -->\n<title>El sentimiento de los agricultores sube de nuevo respecto al mes anterior - ARG-AGRO Semilleria Venta de Semillas e Insumos para el Agro<\/title>\n<meta name=\"robots\" content=\"index, follow, max-snippet:-1, max-image-preview:large, max-video-preview:-1\" \/>\n<link rel=\"canonical\" href=\"https:\/\/arg-agro.com.ar\/actualidad\/el-sentimiento-de-los-agricultores-sube-de-nuevo-respecto-al-mes-anterior\/\" \/>\n<meta property=\"og:locale\" content=\"es_ES\" \/>\n<meta property=\"og:type\" content=\"article\" \/>\n<meta property=\"og:title\" content=\"El sentimiento de los agricultores sube de nuevo respecto al mes anterior - ARG-AGRO Semilleria Venta de Semillas e Insumos para el Agro\" \/>\n<meta property=\"og:url\" content=\"https:\/\/arg-agro.com.ar\/actualidad\/el-sentimiento-de-los-agricultores-sube-de-nuevo-respecto-al-mes-anterior\/\" \/>\n<meta property=\"og:site_name\" content=\"ARG-AGRO Semilleria Venta de Semillas e Insumos para el Agro\" \/>\n<meta property=\"article:published_time\" content=\"2026-09-03T04:23:39+00:00\" \/>\n<meta property=\"article:modified_time\" content=\"2026-09-03T04:23:40+00:00\" \/>\n<meta property=\"og:image\" content=\"https:\/\/arg-agro.com.ar\/actualidad\/wp-content\/uploads\/2026\/09\/El-sentimiento-de-los-agricultores-sube-de-nuevo-respecto-al.jpg\" \/>\n\t<meta property=\"og:image:width\" content=\"836\" \/>\n\t<meta property=\"og:image:height\" content=\"627\" \/>\n\t<meta property=\"og:image:type\" content=\"image\/jpeg\" \/>\n<meta name=\"author\" content=\"Tom\u00e1s Echeverr\u00eda\" \/>\n<meta name=\"twitter:card\" content=\"summary_large_image\" \/>\n<meta name=\"twitter:label1\" content=\"Escrito por\" \/>\n\t<meta name=\"twitter:data1\" content=\"Tom\u00e1s Echeverr\u00eda\" \/>\n\t<meta name=\"twitter:label2\" content=\"Tiempo de lectura\" \/>\n\t<meta name=\"twitter:data2\" content=\"2 minutos\" \/>\n<script type=\"application\/ld+json\" class=\"yoast-schema-graph\">{\"@context\":\"https:\/\/schema.org\",\"@graph\":[{\"@type\":\"NewsArticle\",\"@id\":\"https:\/\/arg-agro.com.ar\/actualidad\/el-sentimiento-de-los-agricultores-sube-de-nuevo-respecto-al-mes-anterior\/#article\",\"isPartOf\":{\"@id\":\"https:\/\/arg-agro.com.ar\/actualidad\/el-sentimiento-de-los-agricultores-sube-de-nuevo-respecto-al-mes-anterior\/\"},\"author\":{\"name\":\"Tom\u00e1s Echeverr\u00eda\",\"@id\":\"https:\/\/arg-agro.com.ar\/actualidad\/#\/schema\/person\/6f778d1f6f2c0c1b373aeda7620b7ce3\"},\"headline\":\"El sentimiento de los agricultores sube de nuevo respecto al mes anterior\",\"datePublished\":\"2026-09-03T04:23:39+00:00\",\"dateModified\":\"2026-09-03T04:23:40+00:00\",\"mainEntityOfPage\":{\"@id\":\"https:\/\/arg-agro.com.ar\/actualidad\/el-sentimiento-de-los-agricultores-sube-de-nuevo-respecto-al-mes-anterior\/\"},\"wordCount\":349,\"publisher\":{\"@id\":\"https:\/\/arg-agro.com.ar\/actualidad\/#organization\"},\"image\":{\"@id\":\"https:\/\/arg-agro.com.ar\/actualidad\/el-sentimiento-de-los-agricultores-sube-de-nuevo-respecto-al-mes-anterior\/#primaryimage\"},\"thumbnailUrl\":\"https:\/\/arg-agro.com.ar\/actualidad\/wp-content\/uploads\/2026\/09\/El-sentimiento-de-los-agricultores-sube-de-nuevo-respecto-al.jpg\",\"keywords\":[\"Agricultores\",\"anterior\",\"los\",\"mes\",\"Nuevo\",\"respecto\",\"sentimiento\",\"sube\"],\"articleSection\":[\"Actualidad\"],\"inLanguage\":\"es\"},{\"@type\":\"WebPage\",\"@id\":\"https:\/\/arg-agro.com.ar\/actualidad\/el-sentimiento-de-los-agricultores-sube-de-nuevo-respecto-al-mes-anterior\/\",\"url\":\"https:\/\/arg-agro.com.ar\/actualidad\/el-sentimiento-de-los-agricultores-sube-de-nuevo-respecto-al-mes-anterior\/\",\"name\":\"El sentimiento de los agricultores sube de nuevo respecto al mes anterior - ARG-AGRO Semilleria Venta de Semillas e Insumos para el Agro\",\"isPartOf\":{\"@id\":\"https:\/\/arg-agro.com.ar\/actualidad\/#website\"},\"primaryImageOfPage\":{\"@id\":\"https:\/\/arg-agro.com.ar\/actualidad\/el-sentimiento-de-los-agricultores-sube-de-nuevo-respecto-al-mes-anterior\/#primaryimage\"},\"image\":{\"@id\":\"https:\/\/arg-agro.com.ar\/actualidad\/el-sentimiento-de-los-agricultores-sube-de-nuevo-respecto-al-mes-anterior\/#primaryimage\"},\"thumbnailUrl\":\"https:\/\/arg-agro.com.ar\/actualidad\/wp-content\/uploads\/2026\/09\/El-sentimiento-de-los-agricultores-sube-de-nuevo-respecto-al.jpg\",\"datePublished\":\"2026-09-03T04:23:39+00:00\",\"dateModified\":\"2026-09-03T04:23:40+00:00\",\"breadcrumb\":{\"@id\":\"https:\/\/arg-agro.com.ar\/actualidad\/el-sentimiento-de-los-agricultores-sube-de-nuevo-respecto-al-mes-anterior\/#breadcrumb\"},\"inLanguage\":\"es\",\"potentialAction\":[{\"@type\":\"ReadAction\",\"target\":[\"https:\/\/arg-agro.com.ar\/actualidad\/el-sentimiento-de-los-agricultores-sube-de-nuevo-respecto-al-mes-anterior\/\"]}]},{\"@type\":\"ImageObject\",\"inLanguage\":\"es\",\"@id\":\"https:\/\/arg-agro.com.ar\/actualidad\/el-sentimiento-de-los-agricultores-sube-de-nuevo-respecto-al-mes-anterior\/#primaryimage\",\"url\":\"https:\/\/arg-agro.com.ar\/actualidad\/wp-content\/uploads\/2026\/09\/El-sentimiento-de-los-agricultores-sube-de-nuevo-respecto-al.jpg\",\"contentUrl\":\"https:\/\/arg-agro.com.ar\/actualidad\/wp-content\/uploads\/2026\/09\/El-sentimiento-de-los-agricultores-sube-de-nuevo-respecto-al.jpg\",\"width\":836,\"height\":627},{\"@type\":\"BreadcrumbList\",\"@id\":\"https:\/\/arg-agro.com.ar\/actualidad\/el-sentimiento-de-los-agricultores-sube-de-nuevo-respecto-al-mes-anterior\/#breadcrumb\",\"itemListElement\":[{\"@type\":\"ListItem\",\"position\":1,\"name\":\"Arg-Agro\",\"item\":\"https:\/\/arg-agro.com.ar\/actualidad\/\"},{\"@type\":\"ListItem\",\"position\":2,\"name\":\"El sentimiento de los agricultores sube de nuevo respecto al mes anterior\"}]},{\"@type\":\"WebSite\",\"@id\":\"https:\/\/arg-agro.com.ar\/actualidad\/#website\",\"url\":\"https:\/\/arg-agro.com.ar\/actualidad\/\",\"name\":\"ARG-AGRO Semilleria Venta de Semillas e Insumos para el Agro\",\"description\":\"\",\"publisher\":{\"@id\":\"https:\/\/arg-agro.com.ar\/actualidad\/#organization\"},\"potentialAction\":[{\"@type\":\"SearchAction\",\"target\":{\"@type\":\"EntryPoint\",\"urlTemplate\":\"https:\/\/arg-agro.com.ar\/actualidad\/?s={search_term_string}\"},\"query-input\":{\"@type\":\"PropertyValueSpecification\",\"valueRequired\":true,\"valueName\":\"search_term_string\"}}],\"inLanguage\":\"es\"},{\"@type\":\"Organization\",\"@id\":\"https:\/\/arg-agro.com.ar\/actualidad\/#organization\",\"name\":\"ARG-AGRO Semilleria Venta de Semillas e Insumos para el Agro\",\"url\":\"https:\/\/arg-agro.com.ar\/actualidad\/\",\"logo\":{\"@type\":\"ImageObject\",\"inLanguage\":\"es\",\"@id\":\"https:\/\/arg-agro.com.ar\/actualidad\/#\/schema\/logo\/image\/\",\"url\":\"https:\/\/arg-agro.com.ar\/actualidad\/wp-content\/uploads\/2026\/03\/store_logo.png\",\"contentUrl\":\"https:\/\/arg-agro.com.ar\/actualidad\/wp-content\/uploads\/2026\/03\/store_logo.png\",\"width\":270,\"height\":90,\"caption\":\"ARG-AGRO Semilleria Venta de Semillas e Insumos para el Agro\"},\"image\":{\"@id\":\"https:\/\/arg-agro.com.ar\/actualidad\/#\/schema\/logo\/image\/\"}},{\"@type\":\"Person\",\"@id\":\"https:\/\/arg-agro.com.ar\/actualidad\/#\/schema\/person\/6f778d1f6f2c0c1b373aeda7620b7ce3\",\"name\":\"Tom\u00e1s Echeverr\u00eda\",\"image\":{\"@type\":\"ImageObject\",\"inLanguage\":\"es\",\"@id\":\"https:\/\/arg-agro.com.ar\/actualidad\/#\/schema\/person\/image\/\",\"url\":\"https:\/\/arg-agro.com.ar\/actualidad\/wp-content\/uploads\/2026\/03\/Tomas-Echeverria-150x150.jpg\",\"contentUrl\":\"https:\/\/arg-agro.com.ar\/actualidad\/wp-content\/uploads\/2026\/03\/Tomas-Echeverria-150x150.jpg\",\"caption\":\"Tom\u00e1s Echeverr\u00eda\"},\"description\":\"Tom\u00e1s Echeverr\u00eda es especialista en agricultura y manejo sostenible de suelos, con experiencia en sistemas productivos de Argentina. Investiga la optimizaci\u00f3n del riego, la nutrici\u00f3n de cultivos y la adopci\u00f3n de tecnolog\u00edas de agricultura de precisi\u00f3n para mejorar rendimientos. En Arg-Agro, divulga pr\u00e1cticas basadas en evidencia para una producci\u00f3n eficiente y resiliente.\",\"sameAs\":[\"https:\/\/arg-agro.com.ar\/\"]}]}<\/script>\n<!-- \/ Yoast SEO plugin. -->","yoast_head_json":{"title":"El sentimiento de los agricultores sube de nuevo respecto al mes anterior - ARG-AGRO Semilleria Venta de Semillas e Insumos para el Agro","robots":{"index":"index","follow":"follow","max-snippet":"max-snippet:-1","max-image-preview":"max-image-preview:large","max-video-preview":"max-video-preview:-1"},"canonical":"https:\/\/arg-agro.com.ar\/actualidad\/el-sentimiento-de-los-agricultores-sube-de-nuevo-respecto-al-mes-anterior\/","og_locale":"es_ES","og_type":"article","og_title":"El sentimiento de los agricultores sube de nuevo respecto al mes anterior - ARG-AGRO Semilleria Venta de Semillas e Insumos para el Agro","og_url":"https:\/\/arg-agro.com.ar\/actualidad\/el-sentimiento-de-los-agricultores-sube-de-nuevo-respecto-al-mes-anterior\/","og_site_name":"ARG-AGRO Semilleria Venta de Semillas e Insumos para el Agro","article_published_time":"2026-09-03T04:23:39+00:00","article_modified_time":"2026-09-03T04:23:40+00:00","og_image":[{"width":836,"height":627,"url":"https:\/\/arg-agro.com.ar\/actualidad\/wp-content\/uploads\/2026\/09\/El-sentimiento-de-los-agricultores-sube-de-nuevo-respecto-al.jpg","type":"image\/jpeg"}],"author":"Tom\u00e1s Echeverr\u00eda","twitter_card":"summary_large_image","twitter_misc":{"Escrito por":"Tom\u00e1s Echeverr\u00eda","Tiempo de lectura":"2 minutos"},"schema":{"@context":"https:\/\/schema.org","@graph":[{"@type":"NewsArticle","@id":"https:\/\/arg-agro.com.ar\/actualidad\/el-sentimiento-de-los-agricultores-sube-de-nuevo-respecto-al-mes-anterior\/#article","isPartOf":{"@id":"https:\/\/arg-agro.com.ar\/actualidad\/el-sentimiento-de-los-agricultores-sube-de-nuevo-respecto-al-mes-anterior\/"},"author":{"name":"Tom\u00e1s Echeverr\u00eda","@id":"https:\/\/arg-agro.com.ar\/actualidad\/#\/schema\/person\/6f778d1f6f2c0c1b373aeda7620b7ce3"},"headline":"El sentimiento de los agricultores sube de nuevo respecto al mes anterior","datePublished":"2026-09-03T04:23:39+00:00","dateModified":"2026-09-03T04:23:40+00:00","mainEntityOfPage":{"@id":"https:\/\/arg-agro.com.ar\/actualidad\/el-sentimiento-de-los-agricultores-sube-de-nuevo-respecto-al-mes-anterior\/"},"wordCount":349,"publisher":{"@id":"https:\/\/arg-agro.com.ar\/actualidad\/#organization"},"image":{"@id":"https:\/\/arg-agro.com.ar\/actualidad\/el-sentimiento-de-los-agricultores-sube-de-nuevo-respecto-al-mes-anterior\/#primaryimage"},"thumbnailUrl":"https:\/\/arg-agro.com.ar\/actualidad\/wp-content\/uploads\/2026\/09\/El-sentimiento-de-los-agricultores-sube-de-nuevo-respecto-al.jpg","keywords":["Agricultores","anterior","los","mes","Nuevo","respecto","sentimiento","sube"],"articleSection":["Actualidad"],"inLanguage":"es"},{"@type":"WebPage","@id":"https:\/\/arg-agro.com.ar\/actualidad\/el-sentimiento-de-los-agricultores-sube-de-nuevo-respecto-al-mes-anterior\/","url":"https:\/\/arg-agro.com.ar\/actualidad\/el-sentimiento-de-los-agricultores-sube-de-nuevo-respecto-al-mes-anterior\/","name":"El sentimiento de los agricultores sube de nuevo respecto al mes anterior - ARG-AGRO Semilleria Venta de Semillas e Insumos para el Agro","isPartOf":{"@id":"https:\/\/arg-agro.com.ar\/actualidad\/#website"},"primaryImageOfPage":{"@id":"https:\/\/arg-agro.com.ar\/actualidad\/el-sentimiento-de-los-agricultores-sube-de-nuevo-respecto-al-mes-anterior\/#primaryimage"},"image":{"@id":"https:\/\/arg-agro.com.ar\/actualidad\/el-sentimiento-de-los-agricultores-sube-de-nuevo-respecto-al-mes-anterior\/#primaryimage"},"thumbnailUrl":"https:\/\/arg-agro.com.ar\/actualidad\/wp-content\/uploads\/2026\/09\/El-sentimiento-de-los-agricultores-sube-de-nuevo-respecto-al.jpg","datePublished":"2026-09-03T04:23:39+00:00","dateModified":"2026-09-03T04:23:40+00:00","breadcrumb":{"@id":"https:\/\/arg-agro.com.ar\/actualidad\/el-sentimiento-de-los-agricultores-sube-de-nuevo-respecto-al-mes-anterior\/#breadcrumb"},"inLanguage":"es","potentialAction":[{"@type":"ReadAction","target":["https:\/\/arg-agro.com.ar\/actualidad\/el-sentimiento-de-los-agricultores-sube-de-nuevo-respecto-al-mes-anterior\/"]}]},{"@type":"ImageObject","inLanguage":"es","@id":"https:\/\/arg-agro.com.ar\/actualidad\/el-sentimiento-de-los-agricultores-sube-de-nuevo-respecto-al-mes-anterior\/#primaryimage","url":"https:\/\/arg-agro.com.ar\/actualidad\/wp-content\/uploads\/2026\/09\/El-sentimiento-de-los-agricultores-sube-de-nuevo-respecto-al.jpg","contentUrl":"https:\/\/arg-agro.com.ar\/actualidad\/wp-content\/uploads\/2026\/09\/El-sentimiento-de-los-agricultores-sube-de-nuevo-respecto-al.jpg","width":836,"height":627},{"@type":"BreadcrumbList","@id":"https:\/\/arg-agro.com.ar\/actualidad\/el-sentimiento-de-los-agricultores-sube-de-nuevo-respecto-al-mes-anterior\/#breadcrumb","itemListElement":[{"@type":"ListItem","position":1,"name":"Arg-Agro","item":"https:\/\/arg-agro.com.ar\/actualidad\/"},{"@type":"ListItem","position":2,"name":"El sentimiento de los agricultores sube de nuevo respecto al mes anterior"}]},{"@type":"WebSite","@id":"https:\/\/arg-agro.com.ar\/actualidad\/#website","url":"https:\/\/arg-agro.com.ar\/actualidad\/","name":"ARG-AGRO Semilleria Venta de Semillas e Insumos para el Agro","description":"","publisher":{"@id":"https:\/\/arg-agro.com.ar\/actualidad\/#organization"},"potentialAction":[{"@type":"SearchAction","target":{"@type":"EntryPoint","urlTemplate":"https:\/\/arg-agro.com.ar\/actualidad\/?s={search_term_string}"},"query-input":{"@type":"PropertyValueSpecification","valueRequired":true,"valueName":"search_term_string"}}],"inLanguage":"es"},{"@type":"Organization","@id":"https:\/\/arg-agro.com.ar\/actualidad\/#organization","name":"ARG-AGRO Semilleria Venta de Semillas e Insumos para el Agro","url":"https:\/\/arg-agro.com.ar\/actualidad\/","logo":{"@type":"ImageObject","inLanguage":"es","@id":"https:\/\/arg-agro.com.ar\/actualidad\/#\/schema\/logo\/image\/","url":"https:\/\/arg-agro.com.ar\/actualidad\/wp-content\/uploads\/2026\/03\/store_logo.png","contentUrl":"https:\/\/arg-agro.com.ar\/actualidad\/wp-content\/uploads\/2026\/03\/store_logo.png","width":270,"height":90,"caption":"ARG-AGRO Semilleria Venta de Semillas e Insumos para el Agro"},"image":{"@id":"https:\/\/arg-agro.com.ar\/actualidad\/#\/schema\/logo\/image\/"}},{"@type":"Person","@id":"https:\/\/arg-agro.com.ar\/actualidad\/#\/schema\/person\/6f778d1f6f2c0c1b373aeda7620b7ce3","name":"Tom\u00e1s Echeverr\u00eda","image":{"@type":"ImageObject","inLanguage":"es","@id":"https:\/\/arg-agro.com.ar\/actualidad\/#\/schema\/person\/image\/","url":"https:\/\/arg-agro.com.ar\/actualidad\/wp-content\/uploads\/2026\/03\/Tomas-Echeverria-150x150.jpg","contentUrl":"https:\/\/arg-agro.com.ar\/actualidad\/wp-content\/uploads\/2026\/03\/Tomas-Echeverria-150x150.jpg","caption":"Tom\u00e1s Echeverr\u00eda"},"description":"Tom\u00e1s Echeverr\u00eda es especialista en agricultura y manejo sostenible de suelos, con experiencia en sistemas productivos de Argentina. Investiga la optimizaci\u00f3n del riego, la nutrici\u00f3n de cultivos y la adopci\u00f3n de tecnolog\u00edas de agricultura de precisi\u00f3n para mejorar rendimientos. En Arg-Agro, divulga pr\u00e1cticas basadas en evidencia para una producci\u00f3n eficiente y resiliente.","sameAs":["https:\/\/arg-agro.com.ar\/"]}]}},"_links":{"self":[{"href":"https:\/\/arg-agro.com.ar\/actualidad\/wp-json\/wp\/v2\/posts\/1577","targetHints":{"allow":["GET"]}}],"collection":[{"href":"https:\/\/arg-agro.com.ar\/actualidad\/wp-json\/wp\/v2\/posts"}],"about":[{"href":"https:\/\/arg-agro.com.ar\/actualidad\/wp-json\/wp\/v2\/types\/post"}],"author":[{"embeddable":true,"href":"https:\/\/arg-agro.com.ar\/actualidad\/wp-json\/wp\/v2\/users\/1"}],"replies":[{"embeddable":true,"href":"https:\/\/arg-agro.com.ar\/actualidad\/wp-json\/wp\/v2\/comments?post=1577"}],"version-history":[{"count":1,"href":"https:\/\/arg-agro.com.ar\/actualidad\/wp-json\/wp\/v2\/posts\/1577\/revisions"}],"predecessor-version":[{"id":1579,"href":"https:\/\/arg-agro.com.ar\/actualidad\/wp-json\/wp\/v2\/posts\/1577\/revisions\/1579"}],"wp:featuredmedia":[{"embeddable":true,"href":"https:\/\/arg-agro.com.ar\/actualidad\/wp-json\/wp\/v2\/media\/1578"}],"wp:attachment":[{"href":"https:\/\/arg-agro.com.ar\/actualidad\/wp-json\/wp\/v2\/media?parent=1577"}],"wp:term":[{"taxonomy":"category","embeddable":true,"href":"https:\/\/arg-agro.com.ar\/actualidad\/wp-json\/wp\/v2\/categories?post=1577"}],"curies":[{"name":"wp","href":"https:\/\/api.w.org\/{rel}","templated":true}]}}