{"id":1571,"date":"2026-09-02T22:23:59","date_gmt":"2026-09-03T01:23:59","guid":{"rendered":"https:\/\/arg-agro.com.ar\/actualidad\/thompson-solicita-una-exencion-para-seguir-al-frente-de-la-fiscalia-general\/"},"modified":"2026-09-02T22:24:00","modified_gmt":"2026-09-03T01:24:00","slug":"thompson-solicita-una-exencion-para-seguir-al-frente-de-la-fiscalia-general","status":"publish","type":"post","link":"https:\/\/arg-agro.com.ar\/actualidad\/thompson-solicita-una-exencion-para-seguir-al-frente-de-la-fiscalia-general\/","title":{"rendered":"Thompson solicita una exenci\u00f3n para seguir al frente de la Fiscal\u00eda General."},"content":{"rendered":"<p><\/p>\n<div>\n<p><span style=\"font-weight:400;font-style:normal;\">El presidente del Comit\u00e9 de Agricultura de la C\u00e1mara, Glenn \u201cGT\u201d Thompson, ha solicitado una exenci\u00f3n al Comit\u00e9 de Direcci\u00f3n del GOP para continuar como l\u00edder republicano del panel durante el 120.\u00ba Congreso tras haber alcanzado su l\u00edmite de seis a\u00f1os.<\/span><\/p>\n<p><span style=\"font-weight:400;font-style:normal;\">Thompson se\u00f1al\u00f3 varias victorias pol\u00edticas que ha logrado durante su mandato como presidente, entre ellas los cambios al Programa de Asistencia Nutricional Suplementaria, o \u00abfood stamps\u00bb, en la Ley One Big Beautiful Bill Act \u2013 tambi\u00e9n conocida en los c\u00edrculos agr\u00edcolas como la farm bill 1.0.<\/span><\/p>\n<p><span style=\"font-weight:400;font-style:normal;\">El comit\u00e9 implement\u00f3 un programa de reparto de costos SNAP sin precedentes, que exige a los estados con altas tasas de error pagar una parte de los beneficios de SNAP a partir del a\u00f1o fiscal 2028. Sin embargo, el Senado est\u00e1 considerando retrasar la fecha de implementaci\u00f3n del requisito de reparto de costos por un a\u00f1o. La C\u00e1mara ya aprob\u00f3 su versi\u00f3n de la farm bill 2.0.<\/span><\/p>\n<p><span style=\"font-weight:400;font-style:normal;\">La farm bill 1.0 tambi\u00e9n requer\u00eda que el Thrifty Food Plan \u2013 la herramienta para fijar los beneficios de SNAP \u2013 se mantuviera neutro en costos. Esto significa que los beneficios de la comida solo aumentar\u00edan para mantenerse al d\u00eda con el costo de la inflaci\u00f3n. Mantener el TFP neutro fue un objetivo de largo plazo para Thompson tras que la administraci\u00f3n Biden elev\u00f3 los beneficios de SNAP en un 21% despu\u00e9s de revisar el TFP.<\/span><\/p>\n<p><span style=\"font-weight:400;font-style:normal;\">\u201cA pesar de estos logros, nuestro trabajo est\u00e1 lejos de terminar,\u201d dijo Thompson.<\/span><\/p>\n<p><span style=\"font-weight:400;font-style:normal;\">En su carta, Thompson tambi\u00e9n abord\u00f3 su enfoque como l\u00edder de pol\u00edtica agr\u00edcola, afirmando que se enorgullece de ser accesible para los miembros y que no huye de un reto.<\/span><\/p>\n<p><span style=\"font-weight:400;font-style:normal;\">\u201cBajo mi liderazgo, cada miembro de la C\u00e1mara ha tenido la oportunidad de influir en la pol\u00edtica agr\u00edcola. Es mi temperamento y mi disposici\u00f3n para arremangarme y hacer el trabajo lo que todav\u00eda me coloca como el mejor miembro de la Conferencia Republicana para dirigir el Comit\u00e9 de Agricultura de la C\u00e1mara,\u201d dijo Thompson.<\/span><\/p>\n<\/div>\n","protected":false},"excerpt":{"rendered":"","protected":false},"author":1,"featured_media":1572,"comment_status":"closed","ping_status":"closed","sticky":false,"template":"","format":"standard","meta":{"footnotes":""},"categories":[1],"class_list":["post-1571","post","type-post","status-publish","format-standard","has-post-thumbnail","hentry","category-actualidad","generate-columns","tablet-grid-50","mobile-grid-100","grid-parent","grid-50"],"yoast_head":"<!-- This site is optimized with the Yoast SEO plugin v27.0 - https:\/\/yoast.com\/product\/yoast-seo-wordpress\/ -->\n<title>Thompson solicita una exenci\u00f3n para seguir al frente de la Fiscal\u00eda General. - ARG-AGRO Semilleria Venta de Semillas e Insumos para el Agro<\/title>\n<meta name=\"robots\" content=\"index, follow, max-snippet:-1, max-image-preview:large, max-video-preview:-1\" \/>\n<link rel=\"canonical\" href=\"https:\/\/arg-agro.com.ar\/actualidad\/thompson-solicita-una-exencion-para-seguir-al-frente-de-la-fiscalia-general\/\" \/>\n<meta property=\"og:locale\" content=\"es_ES\" \/>\n<meta property=\"og:type\" content=\"article\" \/>\n<meta property=\"og:title\" content=\"Thompson solicita una exenci\u00f3n para seguir al frente de la Fiscal\u00eda General. - ARG-AGRO Semilleria Venta de Semillas e Insumos para el Agro\" \/>\n<meta property=\"og:url\" content=\"https:\/\/arg-agro.com.ar\/actualidad\/thompson-solicita-una-exencion-para-seguir-al-frente-de-la-fiscalia-general\/\" \/>\n<meta property=\"og:site_name\" content=\"ARG-AGRO Semilleria Venta de Semillas e Insumos para el Agro\" \/>\n<meta property=\"article:published_time\" content=\"2026-09-03T01:23:59+00:00\" \/>\n<meta property=\"article:modified_time\" content=\"2026-09-03T01:24:00+00:00\" \/>\n<meta property=\"og:image\" content=\"https:\/\/arg-agro.com.ar\/actualidad\/wp-content\/uploads\/2026\/09\/Thompson-solicita-una-exencion-para-seguir-al-frente-de-la.jpg\" \/>\n\t<meta property=\"og:image:width\" content=\"836\" \/>\n\t<meta property=\"og:image:height\" content=\"627\" \/>\n\t<meta property=\"og:image:type\" content=\"image\/jpeg\" \/>\n<meta name=\"author\" content=\"Tom\u00e1s Echeverr\u00eda\" \/>\n<meta name=\"twitter:card\" content=\"summary_large_image\" \/>\n<meta name=\"twitter:label1\" content=\"Escrito por\" \/>\n\t<meta name=\"twitter:data1\" content=\"Tom\u00e1s Echeverr\u00eda\" \/>\n\t<meta name=\"twitter:label2\" content=\"Tiempo de lectura\" \/>\n\t<meta name=\"twitter:data2\" content=\"2 minutos\" \/>\n<script type=\"application\/ld+json\" class=\"yoast-schema-graph\">{\"@context\":\"https:\/\/schema.org\",\"@graph\":[{\"@type\":\"NewsArticle\",\"@id\":\"https:\/\/arg-agro.com.ar\/actualidad\/thompson-solicita-una-exencion-para-seguir-al-frente-de-la-fiscalia-general\/#article\",\"isPartOf\":{\"@id\":\"https:\/\/arg-agro.com.ar\/actualidad\/thompson-solicita-una-exencion-para-seguir-al-frente-de-la-fiscalia-general\/\"},\"author\":{\"name\":\"Tom\u00e1s Echeverr\u00eda\",\"@id\":\"https:\/\/arg-agro.com.ar\/actualidad\/#\/schema\/person\/6f778d1f6f2c0c1b373aeda7620b7ce3\"},\"headline\":\"Thompson solicita una exenci\u00f3n para seguir al frente de la Fiscal\u00eda General.\",\"datePublished\":\"2026-09-03T01:23:59+00:00\",\"dateModified\":\"2026-09-03T01:24:00+00:00\",\"mainEntityOfPage\":{\"@id\":\"https:\/\/arg-agro.com.ar\/actualidad\/thompson-solicita-una-exencion-para-seguir-al-frente-de-la-fiscalia-general\/\"},\"wordCount\":365,\"publisher\":{\"@id\":\"https:\/\/arg-agro.com.ar\/actualidad\/#organization\"},\"image\":{\"@id\":\"https:\/\/arg-agro.com.ar\/actualidad\/thompson-solicita-una-exencion-para-seguir-al-frente-de-la-fiscalia-general\/#primaryimage\"},\"thumbnailUrl\":\"https:\/\/arg-agro.com.ar\/actualidad\/wp-content\/uploads\/2026\/09\/Thompson-solicita-una-exencion-para-seguir-al-frente-de-la.jpg\",\"keywords\":[\"exenci\u00f3n\",\"Fiscal\u00eda\",\"frente\",\"g\u00e9n\u00e9ral\",\"para\",\"seguir\",\"solicita\",\"Thompson\",\"una\"],\"articleSection\":[\"Actualidad\"],\"inLanguage\":\"es\"},{\"@type\":\"WebPage\",\"@id\":\"https:\/\/arg-agro.com.ar\/actualidad\/thompson-solicita-una-exencion-para-seguir-al-frente-de-la-fiscalia-general\/\",\"url\":\"https:\/\/arg-agro.com.ar\/actualidad\/thompson-solicita-una-exencion-para-seguir-al-frente-de-la-fiscalia-general\/\",\"name\":\"Thompson solicita una exenci\u00f3n para seguir al frente de la Fiscal\u00eda General. - ARG-AGRO Semilleria Venta de Semillas e Insumos para el Agro\",\"isPartOf\":{\"@id\":\"https:\/\/arg-agro.com.ar\/actualidad\/#website\"},\"primaryImageOfPage\":{\"@id\":\"https:\/\/arg-agro.com.ar\/actualidad\/thompson-solicita-una-exencion-para-seguir-al-frente-de-la-fiscalia-general\/#primaryimage\"},\"image\":{\"@id\":\"https:\/\/arg-agro.com.ar\/actualidad\/thompson-solicita-una-exencion-para-seguir-al-frente-de-la-fiscalia-general\/#primaryimage\"},\"thumbnailUrl\":\"https:\/\/arg-agro.com.ar\/actualidad\/wp-content\/uploads\/2026\/09\/Thompson-solicita-una-exencion-para-seguir-al-frente-de-la.jpg\",\"datePublished\":\"2026-09-03T01:23:59+00:00\",\"dateModified\":\"2026-09-03T01:24:00+00:00\",\"breadcrumb\":{\"@id\":\"https:\/\/arg-agro.com.ar\/actualidad\/thompson-solicita-una-exencion-para-seguir-al-frente-de-la-fiscalia-general\/#breadcrumb\"},\"inLanguage\":\"es\",\"potentialAction\":[{\"@type\":\"ReadAction\",\"target\":[\"https:\/\/arg-agro.com.ar\/actualidad\/thompson-solicita-una-exencion-para-seguir-al-frente-de-la-fiscalia-general\/\"]}]},{\"@type\":\"ImageObject\",\"inLanguage\":\"es\",\"@id\":\"https:\/\/arg-agro.com.ar\/actualidad\/thompson-solicita-una-exencion-para-seguir-al-frente-de-la-fiscalia-general\/#primaryimage\",\"url\":\"https:\/\/arg-agro.com.ar\/actualidad\/wp-content\/uploads\/2026\/09\/Thompson-solicita-una-exencion-para-seguir-al-frente-de-la.jpg\",\"contentUrl\":\"https:\/\/arg-agro.com.ar\/actualidad\/wp-content\/uploads\/2026\/09\/Thompson-solicita-una-exencion-para-seguir-al-frente-de-la.jpg\",\"width\":836,\"height\":627},{\"@type\":\"BreadcrumbList\",\"@id\":\"https:\/\/arg-agro.com.ar\/actualidad\/thompson-solicita-una-exencion-para-seguir-al-frente-de-la-fiscalia-general\/#breadcrumb\",\"itemListElement\":[{\"@type\":\"ListItem\",\"position\":1,\"name\":\"Arg-Agro\",\"item\":\"https:\/\/arg-agro.com.ar\/actualidad\/\"},{\"@type\":\"ListItem\",\"position\":2,\"name\":\"Thompson solicita una exenci\u00f3n para seguir al frente de la Fiscal\u00eda General.\"}]},{\"@type\":\"WebSite\",\"@id\":\"https:\/\/arg-agro.com.ar\/actualidad\/#website\",\"url\":\"https:\/\/arg-agro.com.ar\/actualidad\/\",\"name\":\"ARG-AGRO Semilleria Venta de Semillas e Insumos para el Agro\",\"description\":\"\",\"publisher\":{\"@id\":\"https:\/\/arg-agro.com.ar\/actualidad\/#organization\"},\"potentialAction\":[{\"@type\":\"SearchAction\",\"target\":{\"@type\":\"EntryPoint\",\"urlTemplate\":\"https:\/\/arg-agro.com.ar\/actualidad\/?s={search_term_string}\"},\"query-input\":{\"@type\":\"PropertyValueSpecification\",\"valueRequired\":true,\"valueName\":\"search_term_string\"}}],\"inLanguage\":\"es\"},{\"@type\":\"Organization\",\"@id\":\"https:\/\/arg-agro.com.ar\/actualidad\/#organization\",\"name\":\"ARG-AGRO Semilleria Venta de Semillas e Insumos para el Agro\",\"url\":\"https:\/\/arg-agro.com.ar\/actualidad\/\",\"logo\":{\"@type\":\"ImageObject\",\"inLanguage\":\"es\",\"@id\":\"https:\/\/arg-agro.com.ar\/actualidad\/#\/schema\/logo\/image\/\",\"url\":\"https:\/\/arg-agro.com.ar\/actualidad\/wp-content\/uploads\/2026\/03\/store_logo.png\",\"contentUrl\":\"https:\/\/arg-agro.com.ar\/actualidad\/wp-content\/uploads\/2026\/03\/store_logo.png\",\"width\":270,\"height\":90,\"caption\":\"ARG-AGRO Semilleria Venta de Semillas e Insumos para el Agro\"},\"image\":{\"@id\":\"https:\/\/arg-agro.com.ar\/actualidad\/#\/schema\/logo\/image\/\"}},{\"@type\":\"Person\",\"@id\":\"https:\/\/arg-agro.com.ar\/actualidad\/#\/schema\/person\/6f778d1f6f2c0c1b373aeda7620b7ce3\",\"name\":\"Tom\u00e1s Echeverr\u00eda\",\"image\":{\"@type\":\"ImageObject\",\"inLanguage\":\"es\",\"@id\":\"https:\/\/arg-agro.com.ar\/actualidad\/#\/schema\/person\/image\/\",\"url\":\"https:\/\/arg-agro.com.ar\/actualidad\/wp-content\/uploads\/2026\/03\/Tomas-Echeverria-150x150.jpg\",\"contentUrl\":\"https:\/\/arg-agro.com.ar\/actualidad\/wp-content\/uploads\/2026\/03\/Tomas-Echeverria-150x150.jpg\",\"caption\":\"Tom\u00e1s Echeverr\u00eda\"},\"description\":\"Tom\u00e1s Echeverr\u00eda es especialista en agricultura y manejo sostenible de suelos, con experiencia en sistemas productivos de Argentina. Investiga la optimizaci\u00f3n del riego, la nutrici\u00f3n de cultivos y la adopci\u00f3n de tecnolog\u00edas de agricultura de precisi\u00f3n para mejorar rendimientos. En Arg-Agro, divulga pr\u00e1cticas basadas en evidencia para una producci\u00f3n eficiente y resiliente.\",\"sameAs\":[\"https:\/\/arg-agro.com.ar\/\"]}]}<\/script>\n<!-- \/ Yoast SEO plugin. -->","yoast_head_json":{"title":"Thompson solicita una exenci\u00f3n para seguir al frente de la Fiscal\u00eda General. - ARG-AGRO Semilleria Venta de Semillas e Insumos para el Agro","robots":{"index":"index","follow":"follow","max-snippet":"max-snippet:-1","max-image-preview":"max-image-preview:large","max-video-preview":"max-video-preview:-1"},"canonical":"https:\/\/arg-agro.com.ar\/actualidad\/thompson-solicita-una-exencion-para-seguir-al-frente-de-la-fiscalia-general\/","og_locale":"es_ES","og_type":"article","og_title":"Thompson solicita una exenci\u00f3n para seguir al frente de la Fiscal\u00eda General. - ARG-AGRO Semilleria Venta de Semillas e Insumos para el Agro","og_url":"https:\/\/arg-agro.com.ar\/actualidad\/thompson-solicita-una-exencion-para-seguir-al-frente-de-la-fiscalia-general\/","og_site_name":"ARG-AGRO Semilleria Venta de Semillas e Insumos para el Agro","article_published_time":"2026-09-03T01:23:59+00:00","article_modified_time":"2026-09-03T01:24:00+00:00","og_image":[{"width":836,"height":627,"url":"https:\/\/arg-agro.com.ar\/actualidad\/wp-content\/uploads\/2026\/09\/Thompson-solicita-una-exencion-para-seguir-al-frente-de-la.jpg","type":"image\/jpeg"}],"author":"Tom\u00e1s Echeverr\u00eda","twitter_card":"summary_large_image","twitter_misc":{"Escrito por":"Tom\u00e1s Echeverr\u00eda","Tiempo de lectura":"2 minutos"},"schema":{"@context":"https:\/\/schema.org","@graph":[{"@type":"NewsArticle","@id":"https:\/\/arg-agro.com.ar\/actualidad\/thompson-solicita-una-exencion-para-seguir-al-frente-de-la-fiscalia-general\/#article","isPartOf":{"@id":"https:\/\/arg-agro.com.ar\/actualidad\/thompson-solicita-una-exencion-para-seguir-al-frente-de-la-fiscalia-general\/"},"author":{"name":"Tom\u00e1s Echeverr\u00eda","@id":"https:\/\/arg-agro.com.ar\/actualidad\/#\/schema\/person\/6f778d1f6f2c0c1b373aeda7620b7ce3"},"headline":"Thompson solicita una exenci\u00f3n para seguir al frente de la Fiscal\u00eda General.","datePublished":"2026-09-03T01:23:59+00:00","dateModified":"2026-09-03T01:24:00+00:00","mainEntityOfPage":{"@id":"https:\/\/arg-agro.com.ar\/actualidad\/thompson-solicita-una-exencion-para-seguir-al-frente-de-la-fiscalia-general\/"},"wordCount":365,"publisher":{"@id":"https:\/\/arg-agro.com.ar\/actualidad\/#organization"},"image":{"@id":"https:\/\/arg-agro.com.ar\/actualidad\/thompson-solicita-una-exencion-para-seguir-al-frente-de-la-fiscalia-general\/#primaryimage"},"thumbnailUrl":"https:\/\/arg-agro.com.ar\/actualidad\/wp-content\/uploads\/2026\/09\/Thompson-solicita-una-exencion-para-seguir-al-frente-de-la.jpg","keywords":["exenci\u00f3n","Fiscal\u00eda","frente","g\u00e9n\u00e9ral","para","seguir","solicita","Thompson","una"],"articleSection":["Actualidad"],"inLanguage":"es"},{"@type":"WebPage","@id":"https:\/\/arg-agro.com.ar\/actualidad\/thompson-solicita-una-exencion-para-seguir-al-frente-de-la-fiscalia-general\/","url":"https:\/\/arg-agro.com.ar\/actualidad\/thompson-solicita-una-exencion-para-seguir-al-frente-de-la-fiscalia-general\/","name":"Thompson solicita una exenci\u00f3n para seguir al frente de la Fiscal\u00eda General. - ARG-AGRO Semilleria Venta de Semillas e Insumos para el Agro","isPartOf":{"@id":"https:\/\/arg-agro.com.ar\/actualidad\/#website"},"primaryImageOfPage":{"@id":"https:\/\/arg-agro.com.ar\/actualidad\/thompson-solicita-una-exencion-para-seguir-al-frente-de-la-fiscalia-general\/#primaryimage"},"image":{"@id":"https:\/\/arg-agro.com.ar\/actualidad\/thompson-solicita-una-exencion-para-seguir-al-frente-de-la-fiscalia-general\/#primaryimage"},"thumbnailUrl":"https:\/\/arg-agro.com.ar\/actualidad\/wp-content\/uploads\/2026\/09\/Thompson-solicita-una-exencion-para-seguir-al-frente-de-la.jpg","datePublished":"2026-09-03T01:23:59+00:00","dateModified":"2026-09-03T01:24:00+00:00","breadcrumb":{"@id":"https:\/\/arg-agro.com.ar\/actualidad\/thompson-solicita-una-exencion-para-seguir-al-frente-de-la-fiscalia-general\/#breadcrumb"},"inLanguage":"es","potentialAction":[{"@type":"ReadAction","target":["https:\/\/arg-agro.com.ar\/actualidad\/thompson-solicita-una-exencion-para-seguir-al-frente-de-la-fiscalia-general\/"]}]},{"@type":"ImageObject","inLanguage":"es","@id":"https:\/\/arg-agro.com.ar\/actualidad\/thompson-solicita-una-exencion-para-seguir-al-frente-de-la-fiscalia-general\/#primaryimage","url":"https:\/\/arg-agro.com.ar\/actualidad\/wp-content\/uploads\/2026\/09\/Thompson-solicita-una-exencion-para-seguir-al-frente-de-la.jpg","contentUrl":"https:\/\/arg-agro.com.ar\/actualidad\/wp-content\/uploads\/2026\/09\/Thompson-solicita-una-exencion-para-seguir-al-frente-de-la.jpg","width":836,"height":627},{"@type":"BreadcrumbList","@id":"https:\/\/arg-agro.com.ar\/actualidad\/thompson-solicita-una-exencion-para-seguir-al-frente-de-la-fiscalia-general\/#breadcrumb","itemListElement":[{"@type":"ListItem","position":1,"name":"Arg-Agro","item":"https:\/\/arg-agro.com.ar\/actualidad\/"},{"@type":"ListItem","position":2,"name":"Thompson solicita una exenci\u00f3n para seguir al frente de la Fiscal\u00eda General."}]},{"@type":"WebSite","@id":"https:\/\/arg-agro.com.ar\/actualidad\/#website","url":"https:\/\/arg-agro.com.ar\/actualidad\/","name":"ARG-AGRO Semilleria Venta de Semillas e Insumos para el Agro","description":"","publisher":{"@id":"https:\/\/arg-agro.com.ar\/actualidad\/#organization"},"potentialAction":[{"@type":"SearchAction","target":{"@type":"EntryPoint","urlTemplate":"https:\/\/arg-agro.com.ar\/actualidad\/?s={search_term_string}"},"query-input":{"@type":"PropertyValueSpecification","valueRequired":true,"valueName":"search_term_string"}}],"inLanguage":"es"},{"@type":"Organization","@id":"https:\/\/arg-agro.com.ar\/actualidad\/#organization","name":"ARG-AGRO Semilleria Venta de Semillas e Insumos para el Agro","url":"https:\/\/arg-agro.com.ar\/actualidad\/","logo":{"@type":"ImageObject","inLanguage":"es","@id":"https:\/\/arg-agro.com.ar\/actualidad\/#\/schema\/logo\/image\/","url":"https:\/\/arg-agro.com.ar\/actualidad\/wp-content\/uploads\/2026\/03\/store_logo.png","contentUrl":"https:\/\/arg-agro.com.ar\/actualidad\/wp-content\/uploads\/2026\/03\/store_logo.png","width":270,"height":90,"caption":"ARG-AGRO Semilleria Venta de Semillas e Insumos para el Agro"},"image":{"@id":"https:\/\/arg-agro.com.ar\/actualidad\/#\/schema\/logo\/image\/"}},{"@type":"Person","@id":"https:\/\/arg-agro.com.ar\/actualidad\/#\/schema\/person\/6f778d1f6f2c0c1b373aeda7620b7ce3","name":"Tom\u00e1s Echeverr\u00eda","image":{"@type":"ImageObject","inLanguage":"es","@id":"https:\/\/arg-agro.com.ar\/actualidad\/#\/schema\/person\/image\/","url":"https:\/\/arg-agro.com.ar\/actualidad\/wp-content\/uploads\/2026\/03\/Tomas-Echeverria-150x150.jpg","contentUrl":"https:\/\/arg-agro.com.ar\/actualidad\/wp-content\/uploads\/2026\/03\/Tomas-Echeverria-150x150.jpg","caption":"Tom\u00e1s Echeverr\u00eda"},"description":"Tom\u00e1s Echeverr\u00eda es especialista en agricultura y manejo sostenible de suelos, con experiencia en sistemas productivos de Argentina. Investiga la optimizaci\u00f3n del riego, la nutrici\u00f3n de cultivos y la adopci\u00f3n de tecnolog\u00edas de agricultura de precisi\u00f3n para mejorar rendimientos. En Arg-Agro, divulga pr\u00e1cticas basadas en evidencia para una producci\u00f3n eficiente y resiliente.","sameAs":["https:\/\/arg-agro.com.ar\/"]}]}},"_links":{"self":[{"href":"https:\/\/arg-agro.com.ar\/actualidad\/wp-json\/wp\/v2\/posts\/1571","targetHints":{"allow":["GET"]}}],"collection":[{"href":"https:\/\/arg-agro.com.ar\/actualidad\/wp-json\/wp\/v2\/posts"}],"about":[{"href":"https:\/\/arg-agro.com.ar\/actualidad\/wp-json\/wp\/v2\/types\/post"}],"author":[{"embeddable":true,"href":"https:\/\/arg-agro.com.ar\/actualidad\/wp-json\/wp\/v2\/users\/1"}],"replies":[{"embeddable":true,"href":"https:\/\/arg-agro.com.ar\/actualidad\/wp-json\/wp\/v2\/comments?post=1571"}],"version-history":[{"count":1,"href":"https:\/\/arg-agro.com.ar\/actualidad\/wp-json\/wp\/v2\/posts\/1571\/revisions"}],"predecessor-version":[{"id":1573,"href":"https:\/\/arg-agro.com.ar\/actualidad\/wp-json\/wp\/v2\/posts\/1571\/revisions\/1573"}],"wp:featuredmedia":[{"embeddable":true,"href":"https:\/\/arg-agro.com.ar\/actualidad\/wp-json\/wp\/v2\/media\/1572"}],"wp:attachment":[{"href":"https:\/\/arg-agro.com.ar\/actualidad\/wp-json\/wp\/v2\/media?parent=1571"}],"wp:term":[{"taxonomy":"category","embeddable":true,"href":"https:\/\/arg-agro.com.ar\/actualidad\/wp-json\/wp\/v2\/categories?post=1571"}],"curies":[{"name":"wp","href":"https:\/\/api.w.org\/{rel}","templated":true}]}}