{"id":1565,"date":"2026-09-02T18:27:49","date_gmt":"2026-09-02T21:27:49","guid":{"rendered":"https:\/\/arg-agro.com.ar\/actualidad\/greer-affronte-preguntas-comerciales-des-republicains\/"},"modified":"2026-09-02T18:27:51","modified_gmt":"2026-09-02T21:27:51","slug":"greer-affronte-preguntas-comerciales-des-republicains","status":"publish","type":"post","link":"https:\/\/arg-agro.com.ar\/actualidad\/greer-affronte-preguntas-comerciales-des-republicains\/","title":{"rendered":"Greer affronte preguntas comerciales des r\u00e9publicains"},"content":{"rendered":"<p><\/p>\n<div>\n<p><span style=\"font-weight:400;font-style:normal;\">La Representante Comercial de Estados Unidos, Jamieson Greer, respondi\u00f3 este mi\u00e9rcoles a preguntas de miembros del Comit\u00e9 de Estudio Republicano sobre la guerra comercial del presidente Donald Trump con Canad\u00e1 y su decisi\u00f3n de permitir la entrada de hasta 300,000 toneladas m\u00e9tricas de carne de res a Estados Unidos.<\/span><\/p>\n<p><span style=\"font-weight:400;font-style:normal;\">La administraci\u00f3n de Trump impuso un arancel del 50% sobre 20.000 millones de d\u00f3lares en bienes canadienses. Los aranceles canadienses de represalia, basados en la reciprocidad del d\u00f3lar, entrar\u00e1n en vigor el 8 de septiembre. No parece haber se\u00f1ales de que la guerra comercial termine en un futuro cercano.<\/span><\/p>\n<p><span style=\"font-weight:400;font-style:normal;\">Las conversaciones con Canad\u00e1 para llegar a un acuerdo se rompieron a finales de agosto. Los miembros indicaron que las negociaciones no se reanudar\u00e1n a menos que Canad\u00e1 decida volver a la mesa.<\/span><\/p>\n<p><span style=\"font-weight:400;font-style:normal;\">\u201cQueremos negociar. Son los canadienses,\u201d dijo a los periodistas el presidente de la Comisi\u00f3n de Medios y Aranceles de la C\u00e1mara, Jason Smith, republicano de Missouri. Dijo que las acciones de Canad\u00e1 son pol\u00edticas. \u201cEllos quieren que los republicanos pierdan. Incluso los ministros canadienses han dicho que \u2018necesitamos una campa\u00f1a para los dem\u00f3cratas\u2019.\u201d<\/span><\/p>\n<p><span style=\"font-weight:400;font-style:normal;\">El presidente del Subcomit\u00e9 de Comercio de la Comisi\u00f3n de Medios y Aranceles, Adrian Smith, republicano de Nebraska, comparti\u00f3 ese parecer.<\/span><\/p>\n<p><span style=\"font-weight:400;font-style:normal;\">\u201cEl embajador Greer present\u00f3 una gran propuesta a Canad\u00e1. La rechazaron por razones pol\u00edticas internas, dir\u00eda yo, es mi especulaci\u00f3n. Y, sin duda, no se bas\u00f3 en razones econ\u00f3micas,\u201d dijo. Se neg\u00f3 a revelar si Greer dio indicios de que Canad\u00e1 volver\u00eda a sentarse a la mesa de negociaciones.<\/span><\/p>\n<p><span style=\"font-weight:400;font-style:normal;\">Muchos de los detalles del acuerdo propuesto por Estados Unidos siguen siendo desconocidos. Trump afirm\u00f3 en su sitio de redes sociales, Truth Social, el 18 de agosto que el acuerdo podr\u00eda revivir el proyecto del oleoducto Keystone XL, cancelado durante la administraci\u00f3n de Biden.<\/span><\/p>\n<p><span style=\"font-weight:400;font-style:normal;\">Smith se neg\u00f3 a compartir detalles del acuerdo. \u201cVoy a dejar que [Greer] hable sobre eso\u201d, dijo el republicano de Nebraska. Greer no habl\u00f3 con la prensa.<\/span><\/p>\n<p><span style=\"font-weight:400;font-style:normal;\">La guerra comercial podr\u00eda amenazar el futuro del acuerdo de comercio entre Estados Unidos, M\u00e9xico y Canad\u00e1 (USMCA), que permite la entrada de mercanc\u00edas a EE. UU. libres de aranceles. El acuerdo fue negociado durante el primer mandato de Trump. El USMCA a\u00fan est\u00e1 vigente durante la pr\u00f3xima d\u00e9cada, pero los aranceles sobre Canad\u00e1 eluden el USMCA, lo que significa que ciertos bienes que normalmente entrar\u00edan sin aranceles ahora enfrentan grav\u00e1menes del 50%.<\/span><\/p>\n<p><span style=\"font-weight:400;font-style:normal;\">El presidente del Comit\u00e9, Smith, dijo que tiene \u201cabsolutamente\u201d preocupaciones sobre el destino del USMCA en medio de tensiones comerciales. \u201cTengo problemas con USMCA hasta que los canadienses se sienten a la mesa,\u201d dijo.<\/span><\/p>\n<p><span style=\"font-weight:700;font-style:normal;\">Importaciones de carne de res<\/span><\/p>\n<p><span style=\"font-weight:400;font-style:normal;\">Greer tambi\u00e9n recibi\u00f3 preguntas de los miembros sobre la decisi\u00f3n de la administraci\u00f3n de permitir hasta 300,000 toneladas m\u00e9tricas, o aproximadamente 661,4 millones de libras, de recortes magros de carne para la carne molida, sin una tasa fuera de la cuota durante 90 d\u00edas en un intento de bajar los precios de la cesta de la compra antes de las elecciones de mitad de mandato.<\/span><\/p>\n<p><span style=\"font-weight:400;font-style:normal;\">\u201cCreo que el presidente est\u00e1 tratando de ocuparse de la asequibilidad de los alimentos. Hay muchas formas de hacerlo, tanto a corto como a largo plazo. As\u00ed que aplaudo sus ideas, pero tambi\u00e9n debo decir: \u2018tienes que cuidar a la gente de casa\u2019\u201d, dijo Rep. Zach Nunn, republicano de Iowa.<\/span><\/p>\n<p><span style=\"font-weight:400;font-style:normal;\">Varias asociaciones de ganaderos \u2014la American Farm Bureau Federation, la Livestock Marketing Association, la National Cattlemen&#8217;s Beef Association y la United States Cattlemen&#8217;s Association\u2014 han instado al presidente a revertir su decisi\u00f3n de permitir la entrada de carne de res extranjera.<\/span><\/p>\n<p><span style=\"font-weight:400;font-style:normal;\">Los exportadores acordaron vender sus productos a un 25% por debajo del precio de mercado, lo que podr\u00eda obligar a los ganaderos nacionales a bajar tambi\u00e9n sus precios. Sin embargo, un menor retorno de la inversi\u00f3n podr\u00eda obstaculizar los esfuerzos de regeneraci\u00f3n de la manada, reduciendo a\u00fan m\u00e1s la oferta de carne de res en Estados Unidos.<\/span><\/p>\n<p><span style=\"font-weight:400;font-style:normal;\">\u201cRealmente quieres que todo sea hecho en Estados Unidos. Puedes empezar con tus agricultores y ganaderos, y ellos no deber\u00edan sufrir,\u201d afirm\u00f3 Nunn, quien se dirigir\u00e1 a la Casa Blanca m\u00e1s tarde esta semana para discutir el tema de la carne.<\/span><\/p>\n<p><span style=\"font-weight:400;font-style:normal;\">El origen de la carne extranjera no est\u00e1 claro. La proclamaci\u00f3n de la Casa Blanca dec\u00eda que proceder\u00eda de todos los \u201cotros pa\u00edses o \u00e1reas.\u201d Esto se aplica generalmente a pa\u00edses que no tienen cuota o acuerdo comercial.<\/span><\/p>\n<p><span style=\"font-weight:400;font-style:normal;\">La reuni\u00f3n en el Capitolio no aclar\u00f3 la confusi\u00f3n sobre el origen de la carne. El Rep. Tim Burchett, R-Tenn., dijo que si Greer abord\u00f3 el tema del origen de la carne, \u201cno lo escuch\u00e9.\u201d<\/span><\/p>\n<p><span style=\"font-weight:400;font-style:normal;\">Burchett dijo que los miembros le plantearon principalmente preguntas regionales a Greer sobre combustible, ganado, madera y otros productos agropecuarios que est\u00e1n impactados por la guerra comercial.<\/span><\/p>\n<\/div>\n","protected":false},"excerpt":{"rendered":"","protected":false},"author":1,"featured_media":1566,"comment_status":"closed","ping_status":"closed","sticky":false,"template":"","format":"standard","meta":{"footnotes":""},"categories":[1],"class_list":["post-1565","post","type-post","status-publish","format-standard","has-post-thumbnail","hentry","category-actualidad","generate-columns","tablet-grid-50","mobile-grid-100","grid-parent","grid-50"],"yoast_head":"<!-- This site is optimized with the Yoast SEO plugin v27.0 - https:\/\/yoast.com\/product\/yoast-seo-wordpress\/ -->\n<title>Greer affronte preguntas comerciales des r\u00e9publicains - ARG-AGRO Semilleria Venta de Semillas e Insumos para el Agro<\/title>\n<meta name=\"robots\" content=\"index, follow, max-snippet:-1, max-image-preview:large, max-video-preview:-1\" \/>\n<link rel=\"canonical\" href=\"https:\/\/arg-agro.com.ar\/actualidad\/greer-affronte-preguntas-comerciales-des-republicains\/\" \/>\n<meta property=\"og:locale\" content=\"es_ES\" \/>\n<meta property=\"og:type\" content=\"article\" \/>\n<meta property=\"og:title\" content=\"Greer affronte preguntas comerciales des r\u00e9publicains - ARG-AGRO Semilleria Venta de Semillas e Insumos para el Agro\" \/>\n<meta property=\"og:url\" content=\"https:\/\/arg-agro.com.ar\/actualidad\/greer-affronte-preguntas-comerciales-des-republicains\/\" \/>\n<meta property=\"og:site_name\" content=\"ARG-AGRO Semilleria Venta de Semillas e Insumos para el Agro\" \/>\n<meta property=\"article:published_time\" content=\"2026-09-02T21:27:49+00:00\" \/>\n<meta property=\"article:modified_time\" content=\"2026-09-02T21:27:51+00:00\" \/>\n<meta property=\"og:image\" content=\"https:\/\/arg-agro.com.ar\/actualidad\/wp-content\/uploads\/2026\/09\/Greer-affronte-preguntas-comerciales-des-republicains.png\" \/>\n\t<meta property=\"og:image:width\" content=\"960\" \/>\n\t<meta property=\"og:image:height\" content=\"540\" \/>\n\t<meta property=\"og:image:type\" content=\"image\/png\" \/>\n<meta name=\"author\" content=\"Tom\u00e1s Echeverr\u00eda\" \/>\n<meta name=\"twitter:card\" content=\"summary_large_image\" \/>\n<meta name=\"twitter:label1\" content=\"Escrito por\" \/>\n\t<meta name=\"twitter:data1\" content=\"Tom\u00e1s Echeverr\u00eda\" \/>\n\t<meta name=\"twitter:label2\" content=\"Tiempo de lectura\" \/>\n\t<meta name=\"twitter:data2\" content=\"4 minutos\" \/>\n<script type=\"application\/ld+json\" class=\"yoast-schema-graph\">{\"@context\":\"https:\/\/schema.org\",\"@graph\":[{\"@type\":\"NewsArticle\",\"@id\":\"https:\/\/arg-agro.com.ar\/actualidad\/greer-affronte-preguntas-comerciales-des-republicains\/#article\",\"isPartOf\":{\"@id\":\"https:\/\/arg-agro.com.ar\/actualidad\/greer-affronte-preguntas-comerciales-des-republicains\/\"},\"author\":{\"name\":\"Tom\u00e1s Echeverr\u00eda\",\"@id\":\"https:\/\/arg-agro.com.ar\/actualidad\/#\/schema\/person\/6f778d1f6f2c0c1b373aeda7620b7ce3\"},\"headline\":\"Greer affronte preguntas comerciales des r\u00e9publicains\",\"datePublished\":\"2026-09-02T21:27:49+00:00\",\"dateModified\":\"2026-09-02T21:27:51+00:00\",\"mainEntityOfPage\":{\"@id\":\"https:\/\/arg-agro.com.ar\/actualidad\/greer-affronte-preguntas-comerciales-des-republicains\/\"},\"wordCount\":844,\"publisher\":{\"@id\":\"https:\/\/arg-agro.com.ar\/actualidad\/#organization\"},\"image\":{\"@id\":\"https:\/\/arg-agro.com.ar\/actualidad\/greer-affronte-preguntas-comerciales-des-republicains\/#primaryimage\"},\"thumbnailUrl\":\"https:\/\/arg-agro.com.ar\/actualidad\/wp-content\/uploads\/2026\/09\/Greer-affronte-preguntas-comerciales-des-republicains.png\",\"keywords\":[\"affronte\",\"comerciales\",\"des\",\"Greer\",\"Preguntas\",\"R\u00e9publicains\"],\"articleSection\":[\"Actualidad\"],\"inLanguage\":\"es\"},{\"@type\":\"WebPage\",\"@id\":\"https:\/\/arg-agro.com.ar\/actualidad\/greer-affronte-preguntas-comerciales-des-republicains\/\",\"url\":\"https:\/\/arg-agro.com.ar\/actualidad\/greer-affronte-preguntas-comerciales-des-republicains\/\",\"name\":\"Greer affronte preguntas comerciales des r\u00e9publicains - ARG-AGRO Semilleria Venta de Semillas e Insumos para el Agro\",\"isPartOf\":{\"@id\":\"https:\/\/arg-agro.com.ar\/actualidad\/#website\"},\"primaryImageOfPage\":{\"@id\":\"https:\/\/arg-agro.com.ar\/actualidad\/greer-affronte-preguntas-comerciales-des-republicains\/#primaryimage\"},\"image\":{\"@id\":\"https:\/\/arg-agro.com.ar\/actualidad\/greer-affronte-preguntas-comerciales-des-republicains\/#primaryimage\"},\"thumbnailUrl\":\"https:\/\/arg-agro.com.ar\/actualidad\/wp-content\/uploads\/2026\/09\/Greer-affronte-preguntas-comerciales-des-republicains.png\",\"datePublished\":\"2026-09-02T21:27:49+00:00\",\"dateModified\":\"2026-09-02T21:27:51+00:00\",\"breadcrumb\":{\"@id\":\"https:\/\/arg-agro.com.ar\/actualidad\/greer-affronte-preguntas-comerciales-des-republicains\/#breadcrumb\"},\"inLanguage\":\"es\",\"potentialAction\":[{\"@type\":\"ReadAction\",\"target\":[\"https:\/\/arg-agro.com.ar\/actualidad\/greer-affronte-preguntas-comerciales-des-republicains\/\"]}]},{\"@type\":\"ImageObject\",\"inLanguage\":\"es\",\"@id\":\"https:\/\/arg-agro.com.ar\/actualidad\/greer-affronte-preguntas-comerciales-des-republicains\/#primaryimage\",\"url\":\"https:\/\/arg-agro.com.ar\/actualidad\/wp-content\/uploads\/2026\/09\/Greer-affronte-preguntas-comerciales-des-republicains.png\",\"contentUrl\":\"https:\/\/arg-agro.com.ar\/actualidad\/wp-content\/uploads\/2026\/09\/Greer-affronte-preguntas-comerciales-des-republicains.png\",\"width\":960,\"height\":540},{\"@type\":\"BreadcrumbList\",\"@id\":\"https:\/\/arg-agro.com.ar\/actualidad\/greer-affronte-preguntas-comerciales-des-republicains\/#breadcrumb\",\"itemListElement\":[{\"@type\":\"ListItem\",\"position\":1,\"name\":\"Arg-Agro\",\"item\":\"https:\/\/arg-agro.com.ar\/actualidad\/\"},{\"@type\":\"ListItem\",\"position\":2,\"name\":\"Greer affronte preguntas comerciales des r\u00e9publicains\"}]},{\"@type\":\"WebSite\",\"@id\":\"https:\/\/arg-agro.com.ar\/actualidad\/#website\",\"url\":\"https:\/\/arg-agro.com.ar\/actualidad\/\",\"name\":\"ARG-AGRO Semilleria Venta de Semillas e Insumos para el Agro\",\"description\":\"\",\"publisher\":{\"@id\":\"https:\/\/arg-agro.com.ar\/actualidad\/#organization\"},\"potentialAction\":[{\"@type\":\"SearchAction\",\"target\":{\"@type\":\"EntryPoint\",\"urlTemplate\":\"https:\/\/arg-agro.com.ar\/actualidad\/?s={search_term_string}\"},\"query-input\":{\"@type\":\"PropertyValueSpecification\",\"valueRequired\":true,\"valueName\":\"search_term_string\"}}],\"inLanguage\":\"es\"},{\"@type\":\"Organization\",\"@id\":\"https:\/\/arg-agro.com.ar\/actualidad\/#organization\",\"name\":\"ARG-AGRO Semilleria Venta de Semillas e Insumos para el Agro\",\"url\":\"https:\/\/arg-agro.com.ar\/actualidad\/\",\"logo\":{\"@type\":\"ImageObject\",\"inLanguage\":\"es\",\"@id\":\"https:\/\/arg-agro.com.ar\/actualidad\/#\/schema\/logo\/image\/\",\"url\":\"https:\/\/arg-agro.com.ar\/actualidad\/wp-content\/uploads\/2026\/03\/store_logo.png\",\"contentUrl\":\"https:\/\/arg-agro.com.ar\/actualidad\/wp-content\/uploads\/2026\/03\/store_logo.png\",\"width\":270,\"height\":90,\"caption\":\"ARG-AGRO Semilleria Venta de Semillas e Insumos para el Agro\"},\"image\":{\"@id\":\"https:\/\/arg-agro.com.ar\/actualidad\/#\/schema\/logo\/image\/\"}},{\"@type\":\"Person\",\"@id\":\"https:\/\/arg-agro.com.ar\/actualidad\/#\/schema\/person\/6f778d1f6f2c0c1b373aeda7620b7ce3\",\"name\":\"Tom\u00e1s Echeverr\u00eda\",\"image\":{\"@type\":\"ImageObject\",\"inLanguage\":\"es\",\"@id\":\"https:\/\/arg-agro.com.ar\/actualidad\/#\/schema\/person\/image\/\",\"url\":\"https:\/\/arg-agro.com.ar\/actualidad\/wp-content\/uploads\/2026\/03\/Tomas-Echeverria-150x150.jpg\",\"contentUrl\":\"https:\/\/arg-agro.com.ar\/actualidad\/wp-content\/uploads\/2026\/03\/Tomas-Echeverria-150x150.jpg\",\"caption\":\"Tom\u00e1s Echeverr\u00eda\"},\"description\":\"Tom\u00e1s Echeverr\u00eda es especialista en agricultura y manejo sostenible de suelos, con experiencia en sistemas productivos de Argentina. Investiga la optimizaci\u00f3n del riego, la nutrici\u00f3n de cultivos y la adopci\u00f3n de tecnolog\u00edas de agricultura de precisi\u00f3n para mejorar rendimientos. En Arg-Agro, divulga pr\u00e1cticas basadas en evidencia para una producci\u00f3n eficiente y resiliente.\",\"sameAs\":[\"https:\/\/arg-agro.com.ar\/\"]}]}<\/script>\n<!-- \/ Yoast SEO plugin. -->","yoast_head_json":{"title":"Greer affronte preguntas comerciales des r\u00e9publicains - ARG-AGRO Semilleria Venta de Semillas e Insumos para el Agro","robots":{"index":"index","follow":"follow","max-snippet":"max-snippet:-1","max-image-preview":"max-image-preview:large","max-video-preview":"max-video-preview:-1"},"canonical":"https:\/\/arg-agro.com.ar\/actualidad\/greer-affronte-preguntas-comerciales-des-republicains\/","og_locale":"es_ES","og_type":"article","og_title":"Greer affronte preguntas comerciales des r\u00e9publicains - ARG-AGRO Semilleria Venta de Semillas e Insumos para el Agro","og_url":"https:\/\/arg-agro.com.ar\/actualidad\/greer-affronte-preguntas-comerciales-des-republicains\/","og_site_name":"ARG-AGRO Semilleria Venta de Semillas e Insumos para el Agro","article_published_time":"2026-09-02T21:27:49+00:00","article_modified_time":"2026-09-02T21:27:51+00:00","og_image":[{"width":960,"height":540,"url":"https:\/\/arg-agro.com.ar\/actualidad\/wp-content\/uploads\/2026\/09\/Greer-affronte-preguntas-comerciales-des-republicains.png","type":"image\/png"}],"author":"Tom\u00e1s Echeverr\u00eda","twitter_card":"summary_large_image","twitter_misc":{"Escrito por":"Tom\u00e1s Echeverr\u00eda","Tiempo de lectura":"4 minutos"},"schema":{"@context":"https:\/\/schema.org","@graph":[{"@type":"NewsArticle","@id":"https:\/\/arg-agro.com.ar\/actualidad\/greer-affronte-preguntas-comerciales-des-republicains\/#article","isPartOf":{"@id":"https:\/\/arg-agro.com.ar\/actualidad\/greer-affronte-preguntas-comerciales-des-republicains\/"},"author":{"name":"Tom\u00e1s Echeverr\u00eda","@id":"https:\/\/arg-agro.com.ar\/actualidad\/#\/schema\/person\/6f778d1f6f2c0c1b373aeda7620b7ce3"},"headline":"Greer affronte preguntas comerciales des r\u00e9publicains","datePublished":"2026-09-02T21:27:49+00:00","dateModified":"2026-09-02T21:27:51+00:00","mainEntityOfPage":{"@id":"https:\/\/arg-agro.com.ar\/actualidad\/greer-affronte-preguntas-comerciales-des-republicains\/"},"wordCount":844,"publisher":{"@id":"https:\/\/arg-agro.com.ar\/actualidad\/#organization"},"image":{"@id":"https:\/\/arg-agro.com.ar\/actualidad\/greer-affronte-preguntas-comerciales-des-republicains\/#primaryimage"},"thumbnailUrl":"https:\/\/arg-agro.com.ar\/actualidad\/wp-content\/uploads\/2026\/09\/Greer-affronte-preguntas-comerciales-des-republicains.png","keywords":["affronte","comerciales","des","Greer","Preguntas","R\u00e9publicains"],"articleSection":["Actualidad"],"inLanguage":"es"},{"@type":"WebPage","@id":"https:\/\/arg-agro.com.ar\/actualidad\/greer-affronte-preguntas-comerciales-des-republicains\/","url":"https:\/\/arg-agro.com.ar\/actualidad\/greer-affronte-preguntas-comerciales-des-republicains\/","name":"Greer affronte preguntas comerciales des r\u00e9publicains - ARG-AGRO Semilleria Venta de Semillas e Insumos para el Agro","isPartOf":{"@id":"https:\/\/arg-agro.com.ar\/actualidad\/#website"},"primaryImageOfPage":{"@id":"https:\/\/arg-agro.com.ar\/actualidad\/greer-affronte-preguntas-comerciales-des-republicains\/#primaryimage"},"image":{"@id":"https:\/\/arg-agro.com.ar\/actualidad\/greer-affronte-preguntas-comerciales-des-republicains\/#primaryimage"},"thumbnailUrl":"https:\/\/arg-agro.com.ar\/actualidad\/wp-content\/uploads\/2026\/09\/Greer-affronte-preguntas-comerciales-des-republicains.png","datePublished":"2026-09-02T21:27:49+00:00","dateModified":"2026-09-02T21:27:51+00:00","breadcrumb":{"@id":"https:\/\/arg-agro.com.ar\/actualidad\/greer-affronte-preguntas-comerciales-des-republicains\/#breadcrumb"},"inLanguage":"es","potentialAction":[{"@type":"ReadAction","target":["https:\/\/arg-agro.com.ar\/actualidad\/greer-affronte-preguntas-comerciales-des-republicains\/"]}]},{"@type":"ImageObject","inLanguage":"es","@id":"https:\/\/arg-agro.com.ar\/actualidad\/greer-affronte-preguntas-comerciales-des-republicains\/#primaryimage","url":"https:\/\/arg-agro.com.ar\/actualidad\/wp-content\/uploads\/2026\/09\/Greer-affronte-preguntas-comerciales-des-republicains.png","contentUrl":"https:\/\/arg-agro.com.ar\/actualidad\/wp-content\/uploads\/2026\/09\/Greer-affronte-preguntas-comerciales-des-republicains.png","width":960,"height":540},{"@type":"BreadcrumbList","@id":"https:\/\/arg-agro.com.ar\/actualidad\/greer-affronte-preguntas-comerciales-des-republicains\/#breadcrumb","itemListElement":[{"@type":"ListItem","position":1,"name":"Arg-Agro","item":"https:\/\/arg-agro.com.ar\/actualidad\/"},{"@type":"ListItem","position":2,"name":"Greer affronte preguntas comerciales des r\u00e9publicains"}]},{"@type":"WebSite","@id":"https:\/\/arg-agro.com.ar\/actualidad\/#website","url":"https:\/\/arg-agro.com.ar\/actualidad\/","name":"ARG-AGRO Semilleria Venta de Semillas e Insumos para el Agro","description":"","publisher":{"@id":"https:\/\/arg-agro.com.ar\/actualidad\/#organization"},"potentialAction":[{"@type":"SearchAction","target":{"@type":"EntryPoint","urlTemplate":"https:\/\/arg-agro.com.ar\/actualidad\/?s={search_term_string}"},"query-input":{"@type":"PropertyValueSpecification","valueRequired":true,"valueName":"search_term_string"}}],"inLanguage":"es"},{"@type":"Organization","@id":"https:\/\/arg-agro.com.ar\/actualidad\/#organization","name":"ARG-AGRO Semilleria Venta de Semillas e Insumos para el Agro","url":"https:\/\/arg-agro.com.ar\/actualidad\/","logo":{"@type":"ImageObject","inLanguage":"es","@id":"https:\/\/arg-agro.com.ar\/actualidad\/#\/schema\/logo\/image\/","url":"https:\/\/arg-agro.com.ar\/actualidad\/wp-content\/uploads\/2026\/03\/store_logo.png","contentUrl":"https:\/\/arg-agro.com.ar\/actualidad\/wp-content\/uploads\/2026\/03\/store_logo.png","width":270,"height":90,"caption":"ARG-AGRO Semilleria Venta de Semillas e Insumos para el Agro"},"image":{"@id":"https:\/\/arg-agro.com.ar\/actualidad\/#\/schema\/logo\/image\/"}},{"@type":"Person","@id":"https:\/\/arg-agro.com.ar\/actualidad\/#\/schema\/person\/6f778d1f6f2c0c1b373aeda7620b7ce3","name":"Tom\u00e1s Echeverr\u00eda","image":{"@type":"ImageObject","inLanguage":"es","@id":"https:\/\/arg-agro.com.ar\/actualidad\/#\/schema\/person\/image\/","url":"https:\/\/arg-agro.com.ar\/actualidad\/wp-content\/uploads\/2026\/03\/Tomas-Echeverria-150x150.jpg","contentUrl":"https:\/\/arg-agro.com.ar\/actualidad\/wp-content\/uploads\/2026\/03\/Tomas-Echeverria-150x150.jpg","caption":"Tom\u00e1s Echeverr\u00eda"},"description":"Tom\u00e1s Echeverr\u00eda es especialista en agricultura y manejo sostenible de suelos, con experiencia en sistemas productivos de Argentina. Investiga la optimizaci\u00f3n del riego, la nutrici\u00f3n de cultivos y la adopci\u00f3n de tecnolog\u00edas de agricultura de precisi\u00f3n para mejorar rendimientos. En Arg-Agro, divulga pr\u00e1cticas basadas en evidencia para una producci\u00f3n eficiente y resiliente.","sameAs":["https:\/\/arg-agro.com.ar\/"]}]}},"_links":{"self":[{"href":"https:\/\/arg-agro.com.ar\/actualidad\/wp-json\/wp\/v2\/posts\/1565","targetHints":{"allow":["GET"]}}],"collection":[{"href":"https:\/\/arg-agro.com.ar\/actualidad\/wp-json\/wp\/v2\/posts"}],"about":[{"href":"https:\/\/arg-agro.com.ar\/actualidad\/wp-json\/wp\/v2\/types\/post"}],"author":[{"embeddable":true,"href":"https:\/\/arg-agro.com.ar\/actualidad\/wp-json\/wp\/v2\/users\/1"}],"replies":[{"embeddable":true,"href":"https:\/\/arg-agro.com.ar\/actualidad\/wp-json\/wp\/v2\/comments?post=1565"}],"version-history":[{"count":1,"href":"https:\/\/arg-agro.com.ar\/actualidad\/wp-json\/wp\/v2\/posts\/1565\/revisions"}],"predecessor-version":[{"id":1567,"href":"https:\/\/arg-agro.com.ar\/actualidad\/wp-json\/wp\/v2\/posts\/1565\/revisions\/1567"}],"wp:featuredmedia":[{"embeddable":true,"href":"https:\/\/arg-agro.com.ar\/actualidad\/wp-json\/wp\/v2\/media\/1566"}],"wp:attachment":[{"href":"https:\/\/arg-agro.com.ar\/actualidad\/wp-json\/wp\/v2\/media?parent=1565"}],"wp:term":[{"taxonomy":"category","embeddable":true,"href":"https:\/\/arg-agro.com.ar\/actualidad\/wp-json\/wp\/v2\/categories?post=1565"}],"curies":[{"name":"wp","href":"https:\/\/api.w.org\/{rel}","templated":true}]}}