{"id":1562,"date":"2026-09-02T16:27:37","date_gmt":"2026-09-02T19:27:37","guid":{"rendered":"https:\/\/arg-agro.com.ar\/actualidad\/la-disolucion-del-centro-de-ciencias-atmosfericas-de-colorado-esta-siendo-impugnada\/"},"modified":"2026-09-02T16:27:39","modified_gmt":"2026-09-02T19:27:39","slug":"la-disolucion-del-centro-de-ciencias-atmosfericas-de-colorado-esta-siendo-impugnada","status":"publish","type":"post","link":"https:\/\/arg-agro.com.ar\/actualidad\/la-disolucion-del-centro-de-ciencias-atmosfericas-de-colorado-esta-siendo-impugnada\/","title":{"rendered":"La disoluci\u00f3n del centro de ciencias atmosf\u00e9ricas de Colorado est\u00e1 siendo impugnada"},"content":{"rendered":"<div>\n<table style=\"width: 100%;\">\n<tbody>\n<tr>\n<td style=\"width: 100%; background-color: rgb(239, 239, 239);\">\n<ul>\n<li style=\"font-weight: bold;\"><strong>La administraci\u00f3n de Trump anunci\u00f3 el a\u00f1o pasado planes para desmantelar el National Center for Atmospheric Research (NCAR) en Colorado.<\/strong><\/li>\n<li style=\"font-weight: bold;\"><strong>NCAR es considerado la principal instituci\u00f3n de investigaci\u00f3n clim\u00e1tica del pa\u00eds y una de las mejores de su tipo en el mundo.<\/strong><\/li>\n<li style=\"font-weight: bold;\"><strong>Los expertos en clima advierten sobre el impacto en la agricultura, entre otros sectores, del desmantelamiento del centro. Hay demandas pendientes para impugnar la medida.<\/strong><\/li>\n<\/ul>\n<\/td>\n<\/tr>\n<\/tbody>\n<\/table>\n<p>El plan de la administraci\u00f3n de Trump para desmantelar la principal instalaci\u00f3n de investigaci\u00f3n clim\u00e1tica del pa\u00eds est\u00e1 enfrentando la oposici\u00f3n de universidades, del estado de Colorado y, ahora, del Environmental Defense Fund, que present\u00f3 una demanda el mes pasado desafiando los esfuerzos para desmantelar el National Center for Atmospheric Research.<\/p>\n<p>La National Science Foundation anunci\u00f3 el 17 de diciembre de 2025 que planeaba \u201creestructurar infraestructuras cr\u00edticas de la ciencia atmosf\u00e9rica\u201d (o meteorol\u00f3gica). Ese anuncio se produjo un d\u00eda despu\u00e9s de que el director de la Oficina de Gesti\u00f3n y Presupuesto (OMB), Russell Vought, publicara en X que la NSF \u201cdesmantelar\u00e1 [NCAR]\u201d, a quien llam\u00f3 \u201cuna de las mayores fuentes de alarmismo clim\u00e1tico en el pa\u00eds. Se est\u00e1 llevando a cabo una revisi\u00f3n integral y cualquier actividad vital, como la investigaci\u00f3n meteorol\u00f3gica, ser\u00e1 trasladada a otra entidad o ubicaci\u00f3n.\u201d<\/p>\n<p>Pero los oponentes del plan dicen que la investigaci\u00f3n clim\u00e1tica y la modelizaci\u00f3n meteorol\u00f3gica sufrir\u00e1n sin la investigaci\u00f3n fundamental producida en NCAR, ubicado en Boulder, Colorado.<\/p>\n<p>NCAR, dice el ex Administrador Adjunto de Investigaci\u00f3n de la Administraci\u00f3n Nacional Oce\u00e1nica y Atmosf\u00e9rica (NOAA) Craig McLean, \u201ces una organizaci\u00f3n de descubrimiento cient\u00edfico guiado por hip\u00f3tesis. Muchos componentes de NCAR se han transferido de forma r\u00e1pida a NOAA para desarrollarlos y madurarlos hacia una comprensi\u00f3n operativa de la ciencia o un uso operativo de la ciencia.\u201d<\/p>\n<p>\u201cEs una relaci\u00f3n complementaria\u201d, dice. NOAA incluye al Servicio Meteorol\u00f3gico Nacional.<\/p>\n<p><strong>Transferencia del supercomputador bloqueada<\/strong><\/p>\n<p>La University Corporation for Atmospheric Research, un consorcio de m\u00e1s de 100 universidades, gestiona NCAR bajo un acuerdo de cooperaci\u00f3n con la NSF. UCAR demand\u00f3 en abril y se le concedi\u00f3 una orden judicial que impide la transferencia del NCAR-Wyoming Supercomputing Center (NWSC).<\/p>\n<p>\u201cLos cient\u00edficos de NCAR utilizan los sistemas NWSC para producir simulaciones del sistema terrestre y datos que tambi\u00e9n utilizan socios industriales en sectores privados, incluidos socios en la aviaci\u00f3n, la agricultura y el reaseguro\u201d, dijo el director del centro, Everette Joseph, en una declaraci\u00f3n jurada en el litigio de UCAR. \u201cEsos socios conf\u00edan en los modelos y en los datos realizados en NWSC para evaluar el riesgo clim\u00e1tico e informar los modelos y operaciones actuariales.\u201d<\/p>\n<p>El sitio web del centro dice que la investigaci\u00f3n de NCAR \u201cayuda a apoyar a los agricultores al mejorar la informaci\u00f3n disponible sobre el futuro, desde avisos de tormentas severas inmediatas hasta pron\u00f3sticos de sequ\u00eda estacional y perspectivas de disponibilidad de agua a largo plazo.\u201d<\/p>\n<p>Esa informaci\u00f3n, seg\u00fan NCAR, \u201cproporciona a los agricultores una inteligencia cr\u00edtica a la hora de tomar decisiones sobre riego, elecci\u00f3n de cultivos, fertilizaci\u00f3n y cosecha ante desaf\u00edos constantes.\u201d<\/p>\n<p>Por ejemplo, el centro, en cooperaci\u00f3n con investigadores universitarios, ha desarrollado una aplicaci\u00f3n llamada CropSmart que permite a los cultivadores determinar los mejores momentos para sembrar, regar, fertilizar y cosechar. La app est\u00e1 en su tercer a\u00f1o de pruebas de campo y ha mostrado buen rendimiento, dice la investigadora principal Liping Di, profesora y directora fundadora del Center for Spatial Information Science and Systems en la George Mason University.<\/p>\n<p>Entre los usuarios que actualmente prueban la app, aproximadamente el 15% son agricultores y otro 15% a 20% son agronegocios, dijo.<\/p>\n<p>Di dice que los investigadores est\u00e1n realizando un a\u00f1o m\u00e1s de pruebas y validaci\u00f3n. La portavoz de NCAR, Audrey Merket, dice que en ese momento, \u201ccomparar\u00e1n el rendimiento y la econom\u00eda al final de la temporada para las fincas que utilizaron CropSmart frente a las que no lo hicieron.\u201d<\/p>\n<p>El cient\u00edfico del proyecto de NCAR Zhe Zhang explica: \u201cLa parte de NCAR es el modelo basado en la f\u00edsica, la parte que nos permite simular la humedad del suelo, el crecimiento de los cultivos y c\u00f3mo la atm\u00f3sfera y la tierra intercambian agua y flujo de energ\u00eda. El resultado ser\u00e1 una orientaci\u00f3n individualizada a nivel de campo \u2014 por ejemplo, c\u00f3mo se aproxima la temporada de cultivo, cu\u00e1ndo regar y cu\u00e1nto agua se necesita, cu\u00e1ndo fertilizar y cu\u00e1ndo cosechar, y estos son los objetivos para entregar esto a un costo reducido, de modo que sea accesible para operaciones m\u00e1s peque\u00f1as, para peque\u00f1os agricultores, y no solo para aquellos con grandes extensiones de tierra y otras suscripciones.\u201d<\/p>\n<p>En un video sobre la app, Nolan Sampson, un agricultor del noroeste de Indiana, dice que una cosa que falta en el conjunto de tecnolog\u00edas disponibles para los agricultores hoy en d\u00eda \u201ces un sistema que lo integre todo. As\u00ed que cuando las plataformas de las apps no se comunican entre s\u00ed, o tienes dos servicios de registro distintos que no se conectan en un solo lugar, puede resultar complicado.\u201d<\/p>\n<p>\u201cTienes que acudir a 50 apps diferentes para obtener la historia completa de lo que ocurre en la granja\u201d, dice Rachael Whitehair, directora de innovaci\u00f3n y gesti\u00f3n de la Nebraska Corn Board, en el mismo video. \u201cDir\u00eda que lo \u00fanico que la gente busca es datos de proyecci\u00f3n. Creo que eso es crucial para un agricultor.\u201d<\/p>\n<div class=\"fr-img-space-wrap\"><span class=\"fr-img-caption\" style=\"width: 302px; margin: 0px 0px 0px 10px; display: inline-block; vertical-align: bottom; float: right; max-width: calc(100% - 5px); text-align: right;\"><span class=\"fr-img-wrap\" style=\"text-align: left;\"><span class=\"fr-inner\" style=\"text-align: left;\">Liping Di (George Mason photo)<\/span><\/span><\/span><\/div>\n<p>Di dice que la app ofrece informaci\u00f3n espec\u00edfica para cada usuario, lista para la toma de decisiones; una plataforma de \u201cqu\u00e9 pasar\u00eda si\u201d para que las personas \u201cprueben diferentes hip\u00f3tesis, diferentes escenarios y encuentren la mejor soluci\u00f3n\u201d, y una tercera opci\u00f3n de suscripci\u00f3n para proporcionar asesor\u00eda espec\u00edfica sobre riego, fertilizaci\u00f3n y cosecha.<\/p>\n<p>Por ejemplo, sobre el riego, \u201cle diremos al agricultor cu\u00e1ndo y cu\u00e1nta agua necesita aplicar en su huerto\/campo\u201d, dijo.<\/p>\n<p>Adem\u00e1s de trabajar en CropSmart, Zhang dijo que NCAR est\u00e1 trabajando en \u201cmuchos proyectos relacionados con la capa de nieve de las monta\u00f1as de Colorado, que es muy importante como recurso h\u00eddrico para el r\u00edo Colorado y los estados del oeste. Tambi\u00e9n trabajamos en el proyecto de predicci\u00f3n de caudales. Dado que gran parte del riego proviene del riego por superficie, acertar en la previsi\u00f3n de caudales y recursos h\u00eddricos es tambi\u00e9n donde podemos aportar valor a la comunidad agr\u00edcola.\u201d<\/p>\n<p>Una ex asesora cient\u00edfica de alto nivel en Geociencias de la NSF y presidenta de la American Meteorological Society en 2024, Anjuli Bamzai, dijo que desmantelar NCAR y no hacer que opere como un \u201ccentro integrado\u201d resultar\u00eda en un trabajo menos impactante en investigaci\u00f3n agr\u00edcola, aplicaciones y productos.<\/p>\n<p>\u201c\u00bfCu\u00e1nto del trabajo futuro en [el Laboratorio de Aplicaciones de Investigaci\u00f3n de NCAR] y en otros laboratorios de NCAR se sostendr\u00e1 y mejorar\u00e1? Es una gran inc\u00f3gnita, en mi opini\u00f3n, dada toda la incertidumbre y la conmoci\u00f3n actuales\u201d, dijo.<\/p>\n<p>RAL es donde tiene lugar la investigaci\u00f3n agr\u00edcola aplicada de NCAR, \u00abpero tambi\u00e9n contamos con otros laboratorios cuya investigaci\u00f3n se filtra en ese trabajo aplicado\u00bb, dijo la portavoz de NCAR Merket. \u00abPor ejemplo, uno de nuestros laboratorios trabaja en entender y predecir el tiempo severo y otro est\u00e1 trabajando para mejorar la previsi\u00f3n meteorol\u00f3gica estacional a subestacional.\u00bb <\/p>\n<p>NCAR ahora opera con unas 50 personas menos de las que ten\u00eda en octubre de 2025, agreg\u00f3.<\/p>\n<p><span style=\"background-color: transparent;\">En octubre, \u201cten\u00edamos 826 empleados de NCAR\u201d, dijo en un correo. \u201cActualmente hay 775 empleados de NCAR. Para contextualizar la ca\u00edda de aproximadamente el 6% en el \u00faltimo a\u00f1o: nuestros n\u00fameros de personal suelen fluctuar en aproximadamente un 4% debido al flujo normal de contrataciones y bajas. Sin embargo, estamos experimentando m\u00e1s salidas voluntarias, incluyendo un aumento en las jubilaciones. Tampoco estamos recontratando puestos debido a la incertidumbre presupuestaria. No hemos tenido despidos a gran escala, pero estamos siendo cautelosos debido al entorno presupuestario restringido alrededor de la financiaci\u00f3n federal.\u201d<\/span><\/p>\n<\/div>\n","protected":false},"excerpt":{"rendered":"","protected":false},"author":1,"featured_media":1563,"comment_status":"closed","ping_status":"closed","sticky":false,"template":"","format":"standard","meta":{"footnotes":""},"categories":[1],"class_list":["post-1562","post","type-post","status-publish","format-standard","has-post-thumbnail","hentry","category-actualidad","generate-columns","tablet-grid-50","mobile-grid-100","grid-parent","grid-50"],"yoast_head":"<!-- This site is optimized with the Yoast SEO plugin v27.0 - https:\/\/yoast.com\/product\/yoast-seo-wordpress\/ -->\n<title>La disoluci\u00f3n del centro de ciencias atmosf\u00e9ricas de Colorado est\u00e1 siendo impugnada - ARG-AGRO Semilleria Venta de Semillas e Insumos para el Agro<\/title>\n<meta name=\"robots\" content=\"index, follow, max-snippet:-1, max-image-preview:large, max-video-preview:-1\" \/>\n<link rel=\"canonical\" href=\"https:\/\/arg-agro.com.ar\/actualidad\/la-disolucion-del-centro-de-ciencias-atmosfericas-de-colorado-esta-siendo-impugnada\/\" \/>\n<meta property=\"og:locale\" content=\"es_ES\" \/>\n<meta property=\"og:type\" content=\"article\" \/>\n<meta property=\"og:title\" content=\"La disoluci\u00f3n del centro de ciencias atmosf\u00e9ricas de Colorado est\u00e1 siendo impugnada - ARG-AGRO Semilleria Venta de Semillas e Insumos para el Agro\" \/>\n<meta property=\"og:url\" content=\"https:\/\/arg-agro.com.ar\/actualidad\/la-disolucion-del-centro-de-ciencias-atmosfericas-de-colorado-esta-siendo-impugnada\/\" \/>\n<meta property=\"og:site_name\" content=\"ARG-AGRO Semilleria Venta de Semillas e Insumos para el Agro\" \/>\n<meta property=\"article:published_time\" content=\"2026-09-02T19:27:37+00:00\" \/>\n<meta property=\"article:modified_time\" content=\"2026-09-02T19:27:39+00:00\" \/>\n<meta property=\"og:image\" content=\"https:\/\/arg-agro.com.ar\/actualidad\/wp-content\/uploads\/2026\/09\/La-disolucion-del-centro-de-ciencias-atmosfericas-de-Colorado-esta.png\" \/>\n\t<meta property=\"og:image:width\" content=\"836\" \/>\n\t<meta property=\"og:image:height\" content=\"627\" \/>\n\t<meta property=\"og:image:type\" content=\"image\/png\" \/>\n<meta name=\"author\" content=\"Tom\u00e1s Echeverr\u00eda\" \/>\n<meta name=\"twitter:card\" content=\"summary_large_image\" \/>\n<meta name=\"twitter:label1\" content=\"Escrito por\" \/>\n\t<meta name=\"twitter:data1\" content=\"Tom\u00e1s Echeverr\u00eda\" \/>\n\t<meta name=\"twitter:label2\" content=\"Tiempo de lectura\" \/>\n\t<meta name=\"twitter:data2\" content=\"7 minutos\" \/>\n<script type=\"application\/ld+json\" class=\"yoast-schema-graph\">{\"@context\":\"https:\/\/schema.org\",\"@graph\":[{\"@type\":\"NewsArticle\",\"@id\":\"https:\/\/arg-agro.com.ar\/actualidad\/la-disolucion-del-centro-de-ciencias-atmosfericas-de-colorado-esta-siendo-impugnada\/#article\",\"isPartOf\":{\"@id\":\"https:\/\/arg-agro.com.ar\/actualidad\/la-disolucion-del-centro-de-ciencias-atmosfericas-de-colorado-esta-siendo-impugnada\/\"},\"author\":{\"name\":\"Tom\u00e1s Echeverr\u00eda\",\"@id\":\"https:\/\/arg-agro.com.ar\/actualidad\/#\/schema\/person\/6f778d1f6f2c0c1b373aeda7620b7ce3\"},\"headline\":\"La disoluci\u00f3n del centro de ciencias atmosf\u00e9ricas de Colorado est\u00e1 siendo impugnada\",\"datePublished\":\"2026-09-02T19:27:37+00:00\",\"dateModified\":\"2026-09-02T19:27:39+00:00\",\"mainEntityOfPage\":{\"@id\":\"https:\/\/arg-agro.com.ar\/actualidad\/la-disolucion-del-centro-de-ciencias-atmosfericas-de-colorado-esta-siendo-impugnada\/\"},\"wordCount\":1416,\"publisher\":{\"@id\":\"https:\/\/arg-agro.com.ar\/actualidad\/#organization\"},\"image\":{\"@id\":\"https:\/\/arg-agro.com.ar\/actualidad\/la-disolucion-del-centro-de-ciencias-atmosfericas-de-colorado-esta-siendo-impugnada\/#primaryimage\"},\"thumbnailUrl\":\"https:\/\/arg-agro.com.ar\/actualidad\/wp-content\/uploads\/2026\/09\/La-disolucion-del-centro-de-ciencias-atmosfericas-de-Colorado-esta.png\",\"keywords\":[\"atmosf\u00e9ricas\",\"Centro\",\"ciencias\",\"Colorado\",\"del\",\"disoluci\u00f3n\",\"est\u00e1\",\"impugnada\",\"siendo\"],\"articleSection\":[\"Actualidad\"],\"inLanguage\":\"es\"},{\"@type\":\"WebPage\",\"@id\":\"https:\/\/arg-agro.com.ar\/actualidad\/la-disolucion-del-centro-de-ciencias-atmosfericas-de-colorado-esta-siendo-impugnada\/\",\"url\":\"https:\/\/arg-agro.com.ar\/actualidad\/la-disolucion-del-centro-de-ciencias-atmosfericas-de-colorado-esta-siendo-impugnada\/\",\"name\":\"La disoluci\u00f3n del centro de ciencias atmosf\u00e9ricas de Colorado est\u00e1 siendo impugnada - ARG-AGRO Semilleria Venta de Semillas e Insumos para el Agro\",\"isPartOf\":{\"@id\":\"https:\/\/arg-agro.com.ar\/actualidad\/#website\"},\"primaryImageOfPage\":{\"@id\":\"https:\/\/arg-agro.com.ar\/actualidad\/la-disolucion-del-centro-de-ciencias-atmosfericas-de-colorado-esta-siendo-impugnada\/#primaryimage\"},\"image\":{\"@id\":\"https:\/\/arg-agro.com.ar\/actualidad\/la-disolucion-del-centro-de-ciencias-atmosfericas-de-colorado-esta-siendo-impugnada\/#primaryimage\"},\"thumbnailUrl\":\"https:\/\/arg-agro.com.ar\/actualidad\/wp-content\/uploads\/2026\/09\/La-disolucion-del-centro-de-ciencias-atmosfericas-de-Colorado-esta.png\",\"datePublished\":\"2026-09-02T19:27:37+00:00\",\"dateModified\":\"2026-09-02T19:27:39+00:00\",\"breadcrumb\":{\"@id\":\"https:\/\/arg-agro.com.ar\/actualidad\/la-disolucion-del-centro-de-ciencias-atmosfericas-de-colorado-esta-siendo-impugnada\/#breadcrumb\"},\"inLanguage\":\"es\",\"potentialAction\":[{\"@type\":\"ReadAction\",\"target\":[\"https:\/\/arg-agro.com.ar\/actualidad\/la-disolucion-del-centro-de-ciencias-atmosfericas-de-colorado-esta-siendo-impugnada\/\"]}]},{\"@type\":\"ImageObject\",\"inLanguage\":\"es\",\"@id\":\"https:\/\/arg-agro.com.ar\/actualidad\/la-disolucion-del-centro-de-ciencias-atmosfericas-de-colorado-esta-siendo-impugnada\/#primaryimage\",\"url\":\"https:\/\/arg-agro.com.ar\/actualidad\/wp-content\/uploads\/2026\/09\/La-disolucion-del-centro-de-ciencias-atmosfericas-de-Colorado-esta.png\",\"contentUrl\":\"https:\/\/arg-agro.com.ar\/actualidad\/wp-content\/uploads\/2026\/09\/La-disolucion-del-centro-de-ciencias-atmosfericas-de-Colorado-esta.png\",\"width\":836,\"height\":627},{\"@type\":\"BreadcrumbList\",\"@id\":\"https:\/\/arg-agro.com.ar\/actualidad\/la-disolucion-del-centro-de-ciencias-atmosfericas-de-colorado-esta-siendo-impugnada\/#breadcrumb\",\"itemListElement\":[{\"@type\":\"ListItem\",\"position\":1,\"name\":\"Arg-Agro\",\"item\":\"https:\/\/arg-agro.com.ar\/actualidad\/\"},{\"@type\":\"ListItem\",\"position\":2,\"name\":\"La disoluci\u00f3n del centro de ciencias atmosf\u00e9ricas de Colorado est\u00e1 siendo impugnada\"}]},{\"@type\":\"WebSite\",\"@id\":\"https:\/\/arg-agro.com.ar\/actualidad\/#website\",\"url\":\"https:\/\/arg-agro.com.ar\/actualidad\/\",\"name\":\"ARG-AGRO Semilleria Venta de Semillas e Insumos para el Agro\",\"description\":\"\",\"publisher\":{\"@id\":\"https:\/\/arg-agro.com.ar\/actualidad\/#organization\"},\"potentialAction\":[{\"@type\":\"SearchAction\",\"target\":{\"@type\":\"EntryPoint\",\"urlTemplate\":\"https:\/\/arg-agro.com.ar\/actualidad\/?s={search_term_string}\"},\"query-input\":{\"@type\":\"PropertyValueSpecification\",\"valueRequired\":true,\"valueName\":\"search_term_string\"}}],\"inLanguage\":\"es\"},{\"@type\":\"Organization\",\"@id\":\"https:\/\/arg-agro.com.ar\/actualidad\/#organization\",\"name\":\"ARG-AGRO Semilleria Venta de Semillas e Insumos para el Agro\",\"url\":\"https:\/\/arg-agro.com.ar\/actualidad\/\",\"logo\":{\"@type\":\"ImageObject\",\"inLanguage\":\"es\",\"@id\":\"https:\/\/arg-agro.com.ar\/actualidad\/#\/schema\/logo\/image\/\",\"url\":\"https:\/\/arg-agro.com.ar\/actualidad\/wp-content\/uploads\/2026\/03\/store_logo.png\",\"contentUrl\":\"https:\/\/arg-agro.com.ar\/actualidad\/wp-content\/uploads\/2026\/03\/store_logo.png\",\"width\":270,\"height\":90,\"caption\":\"ARG-AGRO Semilleria Venta de Semillas e Insumos para el Agro\"},\"image\":{\"@id\":\"https:\/\/arg-agro.com.ar\/actualidad\/#\/schema\/logo\/image\/\"}},{\"@type\":\"Person\",\"@id\":\"https:\/\/arg-agro.com.ar\/actualidad\/#\/schema\/person\/6f778d1f6f2c0c1b373aeda7620b7ce3\",\"name\":\"Tom\u00e1s Echeverr\u00eda\",\"image\":{\"@type\":\"ImageObject\",\"inLanguage\":\"es\",\"@id\":\"https:\/\/arg-agro.com.ar\/actualidad\/#\/schema\/person\/image\/\",\"url\":\"https:\/\/arg-agro.com.ar\/actualidad\/wp-content\/uploads\/2026\/03\/Tomas-Echeverria-150x150.jpg\",\"contentUrl\":\"https:\/\/arg-agro.com.ar\/actualidad\/wp-content\/uploads\/2026\/03\/Tomas-Echeverria-150x150.jpg\",\"caption\":\"Tom\u00e1s Echeverr\u00eda\"},\"description\":\"Tom\u00e1s Echeverr\u00eda es especialista en agricultura y manejo sostenible de suelos, con experiencia en sistemas productivos de Argentina. Investiga la optimizaci\u00f3n del riego, la nutrici\u00f3n de cultivos y la adopci\u00f3n de tecnolog\u00edas de agricultura de precisi\u00f3n para mejorar rendimientos. En Arg-Agro, divulga pr\u00e1cticas basadas en evidencia para una producci\u00f3n eficiente y resiliente.\",\"sameAs\":[\"https:\/\/arg-agro.com.ar\/\"]}]}<\/script>\n<!-- \/ Yoast SEO plugin. -->","yoast_head_json":{"title":"La disoluci\u00f3n del centro de ciencias atmosf\u00e9ricas de Colorado est\u00e1 siendo impugnada - ARG-AGRO Semilleria Venta de Semillas e Insumos para el Agro","robots":{"index":"index","follow":"follow","max-snippet":"max-snippet:-1","max-image-preview":"max-image-preview:large","max-video-preview":"max-video-preview:-1"},"canonical":"https:\/\/arg-agro.com.ar\/actualidad\/la-disolucion-del-centro-de-ciencias-atmosfericas-de-colorado-esta-siendo-impugnada\/","og_locale":"es_ES","og_type":"article","og_title":"La disoluci\u00f3n del centro de ciencias atmosf\u00e9ricas de Colorado est\u00e1 siendo impugnada - ARG-AGRO Semilleria Venta de Semillas e Insumos para el Agro","og_url":"https:\/\/arg-agro.com.ar\/actualidad\/la-disolucion-del-centro-de-ciencias-atmosfericas-de-colorado-esta-siendo-impugnada\/","og_site_name":"ARG-AGRO Semilleria Venta de Semillas e Insumos para el Agro","article_published_time":"2026-09-02T19:27:37+00:00","article_modified_time":"2026-09-02T19:27:39+00:00","og_image":[{"width":836,"height":627,"url":"https:\/\/arg-agro.com.ar\/actualidad\/wp-content\/uploads\/2026\/09\/La-disolucion-del-centro-de-ciencias-atmosfericas-de-Colorado-esta.png","type":"image\/png"}],"author":"Tom\u00e1s Echeverr\u00eda","twitter_card":"summary_large_image","twitter_misc":{"Escrito por":"Tom\u00e1s Echeverr\u00eda","Tiempo de lectura":"7 minutos"},"schema":{"@context":"https:\/\/schema.org","@graph":[{"@type":"NewsArticle","@id":"https:\/\/arg-agro.com.ar\/actualidad\/la-disolucion-del-centro-de-ciencias-atmosfericas-de-colorado-esta-siendo-impugnada\/#article","isPartOf":{"@id":"https:\/\/arg-agro.com.ar\/actualidad\/la-disolucion-del-centro-de-ciencias-atmosfericas-de-colorado-esta-siendo-impugnada\/"},"author":{"name":"Tom\u00e1s Echeverr\u00eda","@id":"https:\/\/arg-agro.com.ar\/actualidad\/#\/schema\/person\/6f778d1f6f2c0c1b373aeda7620b7ce3"},"headline":"La disoluci\u00f3n del centro de ciencias atmosf\u00e9ricas de Colorado est\u00e1 siendo impugnada","datePublished":"2026-09-02T19:27:37+00:00","dateModified":"2026-09-02T19:27:39+00:00","mainEntityOfPage":{"@id":"https:\/\/arg-agro.com.ar\/actualidad\/la-disolucion-del-centro-de-ciencias-atmosfericas-de-colorado-esta-siendo-impugnada\/"},"wordCount":1416,"publisher":{"@id":"https:\/\/arg-agro.com.ar\/actualidad\/#organization"},"image":{"@id":"https:\/\/arg-agro.com.ar\/actualidad\/la-disolucion-del-centro-de-ciencias-atmosfericas-de-colorado-esta-siendo-impugnada\/#primaryimage"},"thumbnailUrl":"https:\/\/arg-agro.com.ar\/actualidad\/wp-content\/uploads\/2026\/09\/La-disolucion-del-centro-de-ciencias-atmosfericas-de-Colorado-esta.png","keywords":["atmosf\u00e9ricas","Centro","ciencias","Colorado","del","disoluci\u00f3n","est\u00e1","impugnada","siendo"],"articleSection":["Actualidad"],"inLanguage":"es"},{"@type":"WebPage","@id":"https:\/\/arg-agro.com.ar\/actualidad\/la-disolucion-del-centro-de-ciencias-atmosfericas-de-colorado-esta-siendo-impugnada\/","url":"https:\/\/arg-agro.com.ar\/actualidad\/la-disolucion-del-centro-de-ciencias-atmosfericas-de-colorado-esta-siendo-impugnada\/","name":"La disoluci\u00f3n del centro de ciencias atmosf\u00e9ricas de Colorado est\u00e1 siendo impugnada - ARG-AGRO Semilleria Venta de Semillas e Insumos para el Agro","isPartOf":{"@id":"https:\/\/arg-agro.com.ar\/actualidad\/#website"},"primaryImageOfPage":{"@id":"https:\/\/arg-agro.com.ar\/actualidad\/la-disolucion-del-centro-de-ciencias-atmosfericas-de-colorado-esta-siendo-impugnada\/#primaryimage"},"image":{"@id":"https:\/\/arg-agro.com.ar\/actualidad\/la-disolucion-del-centro-de-ciencias-atmosfericas-de-colorado-esta-siendo-impugnada\/#primaryimage"},"thumbnailUrl":"https:\/\/arg-agro.com.ar\/actualidad\/wp-content\/uploads\/2026\/09\/La-disolucion-del-centro-de-ciencias-atmosfericas-de-Colorado-esta.png","datePublished":"2026-09-02T19:27:37+00:00","dateModified":"2026-09-02T19:27:39+00:00","breadcrumb":{"@id":"https:\/\/arg-agro.com.ar\/actualidad\/la-disolucion-del-centro-de-ciencias-atmosfericas-de-colorado-esta-siendo-impugnada\/#breadcrumb"},"inLanguage":"es","potentialAction":[{"@type":"ReadAction","target":["https:\/\/arg-agro.com.ar\/actualidad\/la-disolucion-del-centro-de-ciencias-atmosfericas-de-colorado-esta-siendo-impugnada\/"]}]},{"@type":"ImageObject","inLanguage":"es","@id":"https:\/\/arg-agro.com.ar\/actualidad\/la-disolucion-del-centro-de-ciencias-atmosfericas-de-colorado-esta-siendo-impugnada\/#primaryimage","url":"https:\/\/arg-agro.com.ar\/actualidad\/wp-content\/uploads\/2026\/09\/La-disolucion-del-centro-de-ciencias-atmosfericas-de-Colorado-esta.png","contentUrl":"https:\/\/arg-agro.com.ar\/actualidad\/wp-content\/uploads\/2026\/09\/La-disolucion-del-centro-de-ciencias-atmosfericas-de-Colorado-esta.png","width":836,"height":627},{"@type":"BreadcrumbList","@id":"https:\/\/arg-agro.com.ar\/actualidad\/la-disolucion-del-centro-de-ciencias-atmosfericas-de-colorado-esta-siendo-impugnada\/#breadcrumb","itemListElement":[{"@type":"ListItem","position":1,"name":"Arg-Agro","item":"https:\/\/arg-agro.com.ar\/actualidad\/"},{"@type":"ListItem","position":2,"name":"La disoluci\u00f3n del centro de ciencias atmosf\u00e9ricas de Colorado est\u00e1 siendo impugnada"}]},{"@type":"WebSite","@id":"https:\/\/arg-agro.com.ar\/actualidad\/#website","url":"https:\/\/arg-agro.com.ar\/actualidad\/","name":"ARG-AGRO Semilleria Venta de Semillas e Insumos para el Agro","description":"","publisher":{"@id":"https:\/\/arg-agro.com.ar\/actualidad\/#organization"},"potentialAction":[{"@type":"SearchAction","target":{"@type":"EntryPoint","urlTemplate":"https:\/\/arg-agro.com.ar\/actualidad\/?s={search_term_string}"},"query-input":{"@type":"PropertyValueSpecification","valueRequired":true,"valueName":"search_term_string"}}],"inLanguage":"es"},{"@type":"Organization","@id":"https:\/\/arg-agro.com.ar\/actualidad\/#organization","name":"ARG-AGRO Semilleria Venta de Semillas e Insumos para el Agro","url":"https:\/\/arg-agro.com.ar\/actualidad\/","logo":{"@type":"ImageObject","inLanguage":"es","@id":"https:\/\/arg-agro.com.ar\/actualidad\/#\/schema\/logo\/image\/","url":"https:\/\/arg-agro.com.ar\/actualidad\/wp-content\/uploads\/2026\/03\/store_logo.png","contentUrl":"https:\/\/arg-agro.com.ar\/actualidad\/wp-content\/uploads\/2026\/03\/store_logo.png","width":270,"height":90,"caption":"ARG-AGRO Semilleria Venta de Semillas e Insumos para el Agro"},"image":{"@id":"https:\/\/arg-agro.com.ar\/actualidad\/#\/schema\/logo\/image\/"}},{"@type":"Person","@id":"https:\/\/arg-agro.com.ar\/actualidad\/#\/schema\/person\/6f778d1f6f2c0c1b373aeda7620b7ce3","name":"Tom\u00e1s Echeverr\u00eda","image":{"@type":"ImageObject","inLanguage":"es","@id":"https:\/\/arg-agro.com.ar\/actualidad\/#\/schema\/person\/image\/","url":"https:\/\/arg-agro.com.ar\/actualidad\/wp-content\/uploads\/2026\/03\/Tomas-Echeverria-150x150.jpg","contentUrl":"https:\/\/arg-agro.com.ar\/actualidad\/wp-content\/uploads\/2026\/03\/Tomas-Echeverria-150x150.jpg","caption":"Tom\u00e1s Echeverr\u00eda"},"description":"Tom\u00e1s Echeverr\u00eda es especialista en agricultura y manejo sostenible de suelos, con experiencia en sistemas productivos de Argentina. Investiga la optimizaci\u00f3n del riego, la nutrici\u00f3n de cultivos y la adopci\u00f3n de tecnolog\u00edas de agricultura de precisi\u00f3n para mejorar rendimientos. En Arg-Agro, divulga pr\u00e1cticas basadas en evidencia para una producci\u00f3n eficiente y resiliente.","sameAs":["https:\/\/arg-agro.com.ar\/"]}]}},"_links":{"self":[{"href":"https:\/\/arg-agro.com.ar\/actualidad\/wp-json\/wp\/v2\/posts\/1562","targetHints":{"allow":["GET"]}}],"collection":[{"href":"https:\/\/arg-agro.com.ar\/actualidad\/wp-json\/wp\/v2\/posts"}],"about":[{"href":"https:\/\/arg-agro.com.ar\/actualidad\/wp-json\/wp\/v2\/types\/post"}],"author":[{"embeddable":true,"href":"https:\/\/arg-agro.com.ar\/actualidad\/wp-json\/wp\/v2\/users\/1"}],"replies":[{"embeddable":true,"href":"https:\/\/arg-agro.com.ar\/actualidad\/wp-json\/wp\/v2\/comments?post=1562"}],"version-history":[{"count":1,"href":"https:\/\/arg-agro.com.ar\/actualidad\/wp-json\/wp\/v2\/posts\/1562\/revisions"}],"predecessor-version":[{"id":1564,"href":"https:\/\/arg-agro.com.ar\/actualidad\/wp-json\/wp\/v2\/posts\/1562\/revisions\/1564"}],"wp:featuredmedia":[{"embeddable":true,"href":"https:\/\/arg-agro.com.ar\/actualidad\/wp-json\/wp\/v2\/media\/1563"}],"wp:attachment":[{"href":"https:\/\/arg-agro.com.ar\/actualidad\/wp-json\/wp\/v2\/media?parent=1562"}],"wp:term":[{"taxonomy":"category","embeddable":true,"href":"https:\/\/arg-agro.com.ar\/actualidad\/wp-json\/wp\/v2\/categories?post=1562"}],"curies":[{"name":"wp","href":"https:\/\/api.w.org\/{rel}","templated":true}]}}