{"id":1559,"date":"2026-09-02T14:26:19","date_gmt":"2026-09-02T17:26:19","guid":{"rendered":"https:\/\/arg-agro.com.ar\/actualidad\/escrutinio-al-sistema-federal-de-grados-de-rendimiento-ante-carcasas-de-res\/"},"modified":"2026-09-02T14:26:20","modified_gmt":"2026-09-02T17:26:20","slug":"escrutinio-al-sistema-federal-de-grados-de-rendimiento-ante-carcasas-de-res","status":"publish","type":"post","link":"https:\/\/arg-agro.com.ar\/actualidad\/escrutinio-al-sistema-federal-de-grados-de-rendimiento-ante-carcasas-de-res\/","title":{"rendered":"Escrutinio al sistema federal de grados de rendimiento ante carcasas de res"},"content":{"rendered":"<p><\/p>\n<div>\n<p>Mientras los alimentadores env\u00edan al matadero ganado cada vez m\u00e1s gordo, cient\u00edficos de la carne y l\u00edderes de la industria se preguntan si la f\u00f3rmula de la USDA, de sesenta a\u00f1os, para estimar la carne apta para la venta sigue distinguiendo de forma fiable la grasa de la carne utilizable.<\/p>\n<p>Impulsados por la b\u00fasqueda de capturar m\u00e1s libras en un mercado de alto valor, los operadores de corrales de engorde han prolongado cada vez m\u00e1s los d\u00edas en grano desde al menos 2020 \u2014 en algunos casos manteniendo el ganado m\u00e1s de 200 d\u00edas, seg\u00fan las encuestas mensuales de corrales de engorde de la Universidad Estatal de Kansas. Los novillos que promediaban aproximadamente 565 kg al salir del corral de engorde en 1996 ahora promedian alrededor de 690 kg, seg\u00fan el mismo conjunto de datos.<\/p>\n<p>M\u00e1s de la mitad del peso adquirido por el ganado a partir de d\u00edas prolongados en el corral de engorde es grasa, seg\u00fan Dale Woerner, profesor de ciencia de la carne en la Texas Tech University, quien sostiene que el sistema de grado de rendimiento de la USDA subestima cu\u00e1nta grasa porta cada carcasa. \u00c9l dice que es un sistema que se construy\u00f3 para el ganado de una era diferente, y cree que debe ser reemplazado.<\/p>\n<p>Un informe de Woerner, Blake Foraker de Texas Tech y Ty Lawrence del Beef Carcass Research Center de West Texas A&#038;M concluye que la ecuaci\u00f3n actual de rendimiento de la canal explica menos del 35% de la variaci\u00f3n en el rendimiento real de la carne roja en el ganado actual.<\/p>\n<p>Argumentan que el \u00e1rea del ojo de lomo explica menos del 5% de la variaci\u00f3n en el m\u00fasculo apto para la venta, mientras que el espesor de grasa de la 12.\u00aa costilla explica menos del 40% de la grasa total de la carcasa. La estimaci\u00f3n de grasa de ri\u00f1\u00f3n, pelvis y coraz\u00f3n de la f\u00f3rmula tambi\u00e9n est\u00e1 subestimada en 1,5 a 2 puntos porcentuales, escribieron los autores.<\/p>\n<p>\u201c\u00bfPor qu\u00e9 demonios pagar\u00edamos la misma cantidad por cada libra cuando no todas las libras est\u00e1n compuestas de la misma manera?\u201d pregunt\u00f3 Woerner, a\u00f1adiendo que cree que la industria necesita entender mejor la carne comestible de una carcasa frente a su grasa y pagar a los productores en funci\u00f3n de ese valor de composici\u00f3n.<\/p>\n<p>En una notificaci\u00f3n reciente del Federal Register, la Administradora Asociada del Agricultural Marketing Service, Melissa Bailey, reconoci\u00f3 las \u201cdiscusiones en curso\u201d dentro de la industria de la carne sobre la efectividad de la clasificaci\u00f3n de rendimiento y dijo que la agencia aceptar\u00eda comentarios sobre el tema junto con otros cambios de clasificaci\u00f3n que est\u00e1 considerando.<\/p>\n<p>En Texas Tech, Woerner est\u00e1 tratando de forma decidida de encontrar una soluci\u00f3n para reemplazar el rendimiento mediante el uso de otras tecnolog\u00edas como la imagen 3D y sistemas de rayos X, que espera puedan proporcionar una imagen m\u00e1s precisa de la composici\u00f3n de una carcasa. Tambi\u00e9n forma parte de Red Meat Yield Round Table, una mesa redonda coordinada por la National Cattlemen&#8217;s Beef Association que se centra de manera similar en mejorar las mediciones de las carcasas. Y no es el \u00fanico que cree que el sistema tiene fallas.<\/p>\n<p>\u201cEl sistema de rendimiento que tenemos hoy \u2014 es antiguo,\u201d afirm\u00f3 Bruce Cobb, vicepresidente ejecutivo de producci\u00f3n en Certified Angus Beef. \u201cNo es una buena medici\u00f3n del rendimiento de la carne roja, y para enviar las se\u00f1ales correctas a lo largo de la cadena de suministro, necesitamos hacer un ajuste en la determinaci\u00f3n del rendimiento de una carcasa y en c\u00f3mo se pagan las carcasas por ese rendimiento.\u201d<\/p>\n<p>Sin embargo, Warren Rusche, especialista de Extensi\u00f3n de Feedlot en la South Dakota State University, advirti\u00f3 que cualquier cambio al sistema actual debe comunicarse de manera efectiva con los productores para que no se sorprendan por descuentos impuestos por los empacadores. Aunque est\u00e1 de acuerdo en que el sistema de rendimiento tiene margen de refinamiento, tambi\u00e9n quiere asegurarse de que los cambios en las medidas de composibilidad no hagan que los productores pierdan el progreso que han logrado en otras \u00e1reas importantes para la satisfacci\u00f3n del consumidor, como un aumento en el porcentaje de carne que alcanza las calidades Choice y Prime.<\/p>\n<p>\u201cEstamos experimentando una demanda de los consumidores excepcionalmente fuerte, a pesar de que estamos obteniendo ganado m\u00e1s gordo,\u201d afirm\u00f3. \u201cAs\u00ed que creo que debemos tener cuidado de no estropear el primer objetivo tratando de resolver el segundo.\u201d<\/p>\n<\/div>\n","protected":false},"excerpt":{"rendered":"","protected":false},"author":1,"featured_media":1560,"comment_status":"closed","ping_status":"closed","sticky":false,"template":"","format":"standard","meta":{"footnotes":""},"categories":[1],"class_list":["post-1559","post","type-post","status-publish","format-standard","has-post-thumbnail","hentry","category-actualidad","generate-columns","tablet-grid-50","mobile-grid-100","grid-parent","grid-50"],"yoast_head":"<!-- This site is optimized with the Yoast SEO plugin v27.0 - https:\/\/yoast.com\/product\/yoast-seo-wordpress\/ -->\n<title>Escrutinio al sistema federal de grados de rendimiento ante carcasas de res - ARG-AGRO Semilleria Venta de Semillas e Insumos para el Agro<\/title>\n<meta name=\"robots\" content=\"index, follow, max-snippet:-1, max-image-preview:large, max-video-preview:-1\" \/>\n<link rel=\"canonical\" href=\"https:\/\/arg-agro.com.ar\/actualidad\/escrutinio-al-sistema-federal-de-grados-de-rendimiento-ante-carcasas-de-res\/\" \/>\n<meta property=\"og:locale\" content=\"es_ES\" \/>\n<meta property=\"og:type\" content=\"article\" \/>\n<meta property=\"og:title\" content=\"Escrutinio al sistema federal de grados de rendimiento ante carcasas de res - ARG-AGRO Semilleria Venta de Semillas e Insumos para el Agro\" \/>\n<meta property=\"og:url\" content=\"https:\/\/arg-agro.com.ar\/actualidad\/escrutinio-al-sistema-federal-de-grados-de-rendimiento-ante-carcasas-de-res\/\" \/>\n<meta property=\"og:site_name\" content=\"ARG-AGRO Semilleria Venta de Semillas e Insumos para el Agro\" \/>\n<meta property=\"article:published_time\" content=\"2026-09-02T17:26:19+00:00\" \/>\n<meta property=\"article:modified_time\" content=\"2026-09-02T17:26:20+00:00\" \/>\n<meta property=\"og:image\" content=\"https:\/\/arg-agro.com.ar\/actualidad\/wp-content\/uploads\/2026\/09\/Escrutinio-al-sistema-federal-de-grados-de-rendimiento-ante-carcasas.JPG\" \/>\n\t<meta property=\"og:image:width\" content=\"952\" \/>\n\t<meta property=\"og:image:height\" content=\"635\" \/>\n\t<meta property=\"og:image:type\" content=\"image\/jpeg\" \/>\n<meta name=\"author\" content=\"Tom\u00e1s Echeverr\u00eda\" \/>\n<meta name=\"twitter:card\" content=\"summary_large_image\" \/>\n<meta name=\"twitter:label1\" content=\"Escrito por\" \/>\n\t<meta name=\"twitter:data1\" content=\"Tom\u00e1s Echeverr\u00eda\" \/>\n\t<meta name=\"twitter:label2\" content=\"Tiempo de lectura\" \/>\n\t<meta name=\"twitter:data2\" content=\"4 minutos\" \/>\n<script type=\"application\/ld+json\" class=\"yoast-schema-graph\">{\"@context\":\"https:\/\/schema.org\",\"@graph\":[{\"@type\":\"NewsArticle\",\"@id\":\"https:\/\/arg-agro.com.ar\/actualidad\/escrutinio-al-sistema-federal-de-grados-de-rendimiento-ante-carcasas-de-res\/#article\",\"isPartOf\":{\"@id\":\"https:\/\/arg-agro.com.ar\/actualidad\/escrutinio-al-sistema-federal-de-grados-de-rendimiento-ante-carcasas-de-res\/\"},\"author\":{\"name\":\"Tom\u00e1s Echeverr\u00eda\",\"@id\":\"https:\/\/arg-agro.com.ar\/actualidad\/#\/schema\/person\/6f778d1f6f2c0c1b373aeda7620b7ce3\"},\"headline\":\"Escrutinio al sistema federal de grados de rendimiento ante carcasas de res\",\"datePublished\":\"2026-09-02T17:26:19+00:00\",\"dateModified\":\"2026-09-02T17:26:20+00:00\",\"mainEntityOfPage\":{\"@id\":\"https:\/\/arg-agro.com.ar\/actualidad\/escrutinio-al-sistema-federal-de-grados-de-rendimiento-ante-carcasas-de-res\/\"},\"wordCount\":785,\"publisher\":{\"@id\":\"https:\/\/arg-agro.com.ar\/actualidad\/#organization\"},\"image\":{\"@id\":\"https:\/\/arg-agro.com.ar\/actualidad\/escrutinio-al-sistema-federal-de-grados-de-rendimiento-ante-carcasas-de-res\/#primaryimage\"},\"thumbnailUrl\":\"https:\/\/arg-agro.com.ar\/actualidad\/wp-content\/uploads\/2026\/09\/Escrutinio-al-sistema-federal-de-grados-de-rendimiento-ante-carcasas.JPG\",\"keywords\":[\"ante\",\"carcasas\",\"escrutinio\",\"f\u00e9d\u00e9ral\",\"grados\",\"rendimiento\",\"res\",\"sistema\"],\"articleSection\":[\"Actualidad\"],\"inLanguage\":\"es\"},{\"@type\":\"WebPage\",\"@id\":\"https:\/\/arg-agro.com.ar\/actualidad\/escrutinio-al-sistema-federal-de-grados-de-rendimiento-ante-carcasas-de-res\/\",\"url\":\"https:\/\/arg-agro.com.ar\/actualidad\/escrutinio-al-sistema-federal-de-grados-de-rendimiento-ante-carcasas-de-res\/\",\"name\":\"Escrutinio al sistema federal de grados de rendimiento ante carcasas de res - ARG-AGRO Semilleria Venta de Semillas e Insumos para el Agro\",\"isPartOf\":{\"@id\":\"https:\/\/arg-agro.com.ar\/actualidad\/#website\"},\"primaryImageOfPage\":{\"@id\":\"https:\/\/arg-agro.com.ar\/actualidad\/escrutinio-al-sistema-federal-de-grados-de-rendimiento-ante-carcasas-de-res\/#primaryimage\"},\"image\":{\"@id\":\"https:\/\/arg-agro.com.ar\/actualidad\/escrutinio-al-sistema-federal-de-grados-de-rendimiento-ante-carcasas-de-res\/#primaryimage\"},\"thumbnailUrl\":\"https:\/\/arg-agro.com.ar\/actualidad\/wp-content\/uploads\/2026\/09\/Escrutinio-al-sistema-federal-de-grados-de-rendimiento-ante-carcasas.JPG\",\"datePublished\":\"2026-09-02T17:26:19+00:00\",\"dateModified\":\"2026-09-02T17:26:20+00:00\",\"breadcrumb\":{\"@id\":\"https:\/\/arg-agro.com.ar\/actualidad\/escrutinio-al-sistema-federal-de-grados-de-rendimiento-ante-carcasas-de-res\/#breadcrumb\"},\"inLanguage\":\"es\",\"potentialAction\":[{\"@type\":\"ReadAction\",\"target\":[\"https:\/\/arg-agro.com.ar\/actualidad\/escrutinio-al-sistema-federal-de-grados-de-rendimiento-ante-carcasas-de-res\/\"]}]},{\"@type\":\"ImageObject\",\"inLanguage\":\"es\",\"@id\":\"https:\/\/arg-agro.com.ar\/actualidad\/escrutinio-al-sistema-federal-de-grados-de-rendimiento-ante-carcasas-de-res\/#primaryimage\",\"url\":\"https:\/\/arg-agro.com.ar\/actualidad\/wp-content\/uploads\/2026\/09\/Escrutinio-al-sistema-federal-de-grados-de-rendimiento-ante-carcasas.JPG\",\"contentUrl\":\"https:\/\/arg-agro.com.ar\/actualidad\/wp-content\/uploads\/2026\/09\/Escrutinio-al-sistema-federal-de-grados-de-rendimiento-ante-carcasas.JPG\",\"width\":952,\"height\":635},{\"@type\":\"BreadcrumbList\",\"@id\":\"https:\/\/arg-agro.com.ar\/actualidad\/escrutinio-al-sistema-federal-de-grados-de-rendimiento-ante-carcasas-de-res\/#breadcrumb\",\"itemListElement\":[{\"@type\":\"ListItem\",\"position\":1,\"name\":\"Arg-Agro\",\"item\":\"https:\/\/arg-agro.com.ar\/actualidad\/\"},{\"@type\":\"ListItem\",\"position\":2,\"name\":\"Escrutinio al sistema federal de grados de rendimiento ante carcasas de res\"}]},{\"@type\":\"WebSite\",\"@id\":\"https:\/\/arg-agro.com.ar\/actualidad\/#website\",\"url\":\"https:\/\/arg-agro.com.ar\/actualidad\/\",\"name\":\"ARG-AGRO Semilleria Venta de Semillas e Insumos para el Agro\",\"description\":\"\",\"publisher\":{\"@id\":\"https:\/\/arg-agro.com.ar\/actualidad\/#organization\"},\"potentialAction\":[{\"@type\":\"SearchAction\",\"target\":{\"@type\":\"EntryPoint\",\"urlTemplate\":\"https:\/\/arg-agro.com.ar\/actualidad\/?s={search_term_string}\"},\"query-input\":{\"@type\":\"PropertyValueSpecification\",\"valueRequired\":true,\"valueName\":\"search_term_string\"}}],\"inLanguage\":\"es\"},{\"@type\":\"Organization\",\"@id\":\"https:\/\/arg-agro.com.ar\/actualidad\/#organization\",\"name\":\"ARG-AGRO Semilleria Venta de Semillas e Insumos para el Agro\",\"url\":\"https:\/\/arg-agro.com.ar\/actualidad\/\",\"logo\":{\"@type\":\"ImageObject\",\"inLanguage\":\"es\",\"@id\":\"https:\/\/arg-agro.com.ar\/actualidad\/#\/schema\/logo\/image\/\",\"url\":\"https:\/\/arg-agro.com.ar\/actualidad\/wp-content\/uploads\/2026\/03\/store_logo.png\",\"contentUrl\":\"https:\/\/arg-agro.com.ar\/actualidad\/wp-content\/uploads\/2026\/03\/store_logo.png\",\"width\":270,\"height\":90,\"caption\":\"ARG-AGRO Semilleria Venta de Semillas e Insumos para el Agro\"},\"image\":{\"@id\":\"https:\/\/arg-agro.com.ar\/actualidad\/#\/schema\/logo\/image\/\"}},{\"@type\":\"Person\",\"@id\":\"https:\/\/arg-agro.com.ar\/actualidad\/#\/schema\/person\/6f778d1f6f2c0c1b373aeda7620b7ce3\",\"name\":\"Tom\u00e1s Echeverr\u00eda\",\"image\":{\"@type\":\"ImageObject\",\"inLanguage\":\"es\",\"@id\":\"https:\/\/arg-agro.com.ar\/actualidad\/#\/schema\/person\/image\/\",\"url\":\"https:\/\/arg-agro.com.ar\/actualidad\/wp-content\/uploads\/2026\/03\/Tomas-Echeverria-150x150.jpg\",\"contentUrl\":\"https:\/\/arg-agro.com.ar\/actualidad\/wp-content\/uploads\/2026\/03\/Tomas-Echeverria-150x150.jpg\",\"caption\":\"Tom\u00e1s Echeverr\u00eda\"},\"description\":\"Tom\u00e1s Echeverr\u00eda es especialista en agricultura y manejo sostenible de suelos, con experiencia en sistemas productivos de Argentina. Investiga la optimizaci\u00f3n del riego, la nutrici\u00f3n de cultivos y la adopci\u00f3n de tecnolog\u00edas de agricultura de precisi\u00f3n para mejorar rendimientos. En Arg-Agro, divulga pr\u00e1cticas basadas en evidencia para una producci\u00f3n eficiente y resiliente.\",\"sameAs\":[\"https:\/\/arg-agro.com.ar\/\"]}]}<\/script>\n<!-- \/ Yoast SEO plugin. -->","yoast_head_json":{"title":"Escrutinio al sistema federal de grados de rendimiento ante carcasas de res - ARG-AGRO Semilleria Venta de Semillas e Insumos para el Agro","robots":{"index":"index","follow":"follow","max-snippet":"max-snippet:-1","max-image-preview":"max-image-preview:large","max-video-preview":"max-video-preview:-1"},"canonical":"https:\/\/arg-agro.com.ar\/actualidad\/escrutinio-al-sistema-federal-de-grados-de-rendimiento-ante-carcasas-de-res\/","og_locale":"es_ES","og_type":"article","og_title":"Escrutinio al sistema federal de grados de rendimiento ante carcasas de res - ARG-AGRO Semilleria Venta de Semillas e Insumos para el Agro","og_url":"https:\/\/arg-agro.com.ar\/actualidad\/escrutinio-al-sistema-federal-de-grados-de-rendimiento-ante-carcasas-de-res\/","og_site_name":"ARG-AGRO Semilleria Venta de Semillas e Insumos para el Agro","article_published_time":"2026-09-02T17:26:19+00:00","article_modified_time":"2026-09-02T17:26:20+00:00","og_image":[{"width":952,"height":635,"url":"https:\/\/arg-agro.com.ar\/actualidad\/wp-content\/uploads\/2026\/09\/Escrutinio-al-sistema-federal-de-grados-de-rendimiento-ante-carcasas.JPG","type":"image\/jpeg"}],"author":"Tom\u00e1s Echeverr\u00eda","twitter_card":"summary_large_image","twitter_misc":{"Escrito por":"Tom\u00e1s Echeverr\u00eda","Tiempo de lectura":"4 minutos"},"schema":{"@context":"https:\/\/schema.org","@graph":[{"@type":"NewsArticle","@id":"https:\/\/arg-agro.com.ar\/actualidad\/escrutinio-al-sistema-federal-de-grados-de-rendimiento-ante-carcasas-de-res\/#article","isPartOf":{"@id":"https:\/\/arg-agro.com.ar\/actualidad\/escrutinio-al-sistema-federal-de-grados-de-rendimiento-ante-carcasas-de-res\/"},"author":{"name":"Tom\u00e1s Echeverr\u00eda","@id":"https:\/\/arg-agro.com.ar\/actualidad\/#\/schema\/person\/6f778d1f6f2c0c1b373aeda7620b7ce3"},"headline":"Escrutinio al sistema federal de grados de rendimiento ante carcasas de res","datePublished":"2026-09-02T17:26:19+00:00","dateModified":"2026-09-02T17:26:20+00:00","mainEntityOfPage":{"@id":"https:\/\/arg-agro.com.ar\/actualidad\/escrutinio-al-sistema-federal-de-grados-de-rendimiento-ante-carcasas-de-res\/"},"wordCount":785,"publisher":{"@id":"https:\/\/arg-agro.com.ar\/actualidad\/#organization"},"image":{"@id":"https:\/\/arg-agro.com.ar\/actualidad\/escrutinio-al-sistema-federal-de-grados-de-rendimiento-ante-carcasas-de-res\/#primaryimage"},"thumbnailUrl":"https:\/\/arg-agro.com.ar\/actualidad\/wp-content\/uploads\/2026\/09\/Escrutinio-al-sistema-federal-de-grados-de-rendimiento-ante-carcasas.JPG","keywords":["ante","carcasas","escrutinio","f\u00e9d\u00e9ral","grados","rendimiento","res","sistema"],"articleSection":["Actualidad"],"inLanguage":"es"},{"@type":"WebPage","@id":"https:\/\/arg-agro.com.ar\/actualidad\/escrutinio-al-sistema-federal-de-grados-de-rendimiento-ante-carcasas-de-res\/","url":"https:\/\/arg-agro.com.ar\/actualidad\/escrutinio-al-sistema-federal-de-grados-de-rendimiento-ante-carcasas-de-res\/","name":"Escrutinio al sistema federal de grados de rendimiento ante carcasas de res - ARG-AGRO Semilleria Venta de Semillas e Insumos para el Agro","isPartOf":{"@id":"https:\/\/arg-agro.com.ar\/actualidad\/#website"},"primaryImageOfPage":{"@id":"https:\/\/arg-agro.com.ar\/actualidad\/escrutinio-al-sistema-federal-de-grados-de-rendimiento-ante-carcasas-de-res\/#primaryimage"},"image":{"@id":"https:\/\/arg-agro.com.ar\/actualidad\/escrutinio-al-sistema-federal-de-grados-de-rendimiento-ante-carcasas-de-res\/#primaryimage"},"thumbnailUrl":"https:\/\/arg-agro.com.ar\/actualidad\/wp-content\/uploads\/2026\/09\/Escrutinio-al-sistema-federal-de-grados-de-rendimiento-ante-carcasas.JPG","datePublished":"2026-09-02T17:26:19+00:00","dateModified":"2026-09-02T17:26:20+00:00","breadcrumb":{"@id":"https:\/\/arg-agro.com.ar\/actualidad\/escrutinio-al-sistema-federal-de-grados-de-rendimiento-ante-carcasas-de-res\/#breadcrumb"},"inLanguage":"es","potentialAction":[{"@type":"ReadAction","target":["https:\/\/arg-agro.com.ar\/actualidad\/escrutinio-al-sistema-federal-de-grados-de-rendimiento-ante-carcasas-de-res\/"]}]},{"@type":"ImageObject","inLanguage":"es","@id":"https:\/\/arg-agro.com.ar\/actualidad\/escrutinio-al-sistema-federal-de-grados-de-rendimiento-ante-carcasas-de-res\/#primaryimage","url":"https:\/\/arg-agro.com.ar\/actualidad\/wp-content\/uploads\/2026\/09\/Escrutinio-al-sistema-federal-de-grados-de-rendimiento-ante-carcasas.JPG","contentUrl":"https:\/\/arg-agro.com.ar\/actualidad\/wp-content\/uploads\/2026\/09\/Escrutinio-al-sistema-federal-de-grados-de-rendimiento-ante-carcasas.JPG","width":952,"height":635},{"@type":"BreadcrumbList","@id":"https:\/\/arg-agro.com.ar\/actualidad\/escrutinio-al-sistema-federal-de-grados-de-rendimiento-ante-carcasas-de-res\/#breadcrumb","itemListElement":[{"@type":"ListItem","position":1,"name":"Arg-Agro","item":"https:\/\/arg-agro.com.ar\/actualidad\/"},{"@type":"ListItem","position":2,"name":"Escrutinio al sistema federal de grados de rendimiento ante carcasas de res"}]},{"@type":"WebSite","@id":"https:\/\/arg-agro.com.ar\/actualidad\/#website","url":"https:\/\/arg-agro.com.ar\/actualidad\/","name":"ARG-AGRO Semilleria Venta de Semillas e Insumos para el Agro","description":"","publisher":{"@id":"https:\/\/arg-agro.com.ar\/actualidad\/#organization"},"potentialAction":[{"@type":"SearchAction","target":{"@type":"EntryPoint","urlTemplate":"https:\/\/arg-agro.com.ar\/actualidad\/?s={search_term_string}"},"query-input":{"@type":"PropertyValueSpecification","valueRequired":true,"valueName":"search_term_string"}}],"inLanguage":"es"},{"@type":"Organization","@id":"https:\/\/arg-agro.com.ar\/actualidad\/#organization","name":"ARG-AGRO Semilleria Venta de Semillas e Insumos para el Agro","url":"https:\/\/arg-agro.com.ar\/actualidad\/","logo":{"@type":"ImageObject","inLanguage":"es","@id":"https:\/\/arg-agro.com.ar\/actualidad\/#\/schema\/logo\/image\/","url":"https:\/\/arg-agro.com.ar\/actualidad\/wp-content\/uploads\/2026\/03\/store_logo.png","contentUrl":"https:\/\/arg-agro.com.ar\/actualidad\/wp-content\/uploads\/2026\/03\/store_logo.png","width":270,"height":90,"caption":"ARG-AGRO Semilleria Venta de Semillas e Insumos para el Agro"},"image":{"@id":"https:\/\/arg-agro.com.ar\/actualidad\/#\/schema\/logo\/image\/"}},{"@type":"Person","@id":"https:\/\/arg-agro.com.ar\/actualidad\/#\/schema\/person\/6f778d1f6f2c0c1b373aeda7620b7ce3","name":"Tom\u00e1s Echeverr\u00eda","image":{"@type":"ImageObject","inLanguage":"es","@id":"https:\/\/arg-agro.com.ar\/actualidad\/#\/schema\/person\/image\/","url":"https:\/\/arg-agro.com.ar\/actualidad\/wp-content\/uploads\/2026\/03\/Tomas-Echeverria-150x150.jpg","contentUrl":"https:\/\/arg-agro.com.ar\/actualidad\/wp-content\/uploads\/2026\/03\/Tomas-Echeverria-150x150.jpg","caption":"Tom\u00e1s Echeverr\u00eda"},"description":"Tom\u00e1s Echeverr\u00eda es especialista en agricultura y manejo sostenible de suelos, con experiencia en sistemas productivos de Argentina. Investiga la optimizaci\u00f3n del riego, la nutrici\u00f3n de cultivos y la adopci\u00f3n de tecnolog\u00edas de agricultura de precisi\u00f3n para mejorar rendimientos. En Arg-Agro, divulga pr\u00e1cticas basadas en evidencia para una producci\u00f3n eficiente y resiliente.","sameAs":["https:\/\/arg-agro.com.ar\/"]}]}},"_links":{"self":[{"href":"https:\/\/arg-agro.com.ar\/actualidad\/wp-json\/wp\/v2\/posts\/1559","targetHints":{"allow":["GET"]}}],"collection":[{"href":"https:\/\/arg-agro.com.ar\/actualidad\/wp-json\/wp\/v2\/posts"}],"about":[{"href":"https:\/\/arg-agro.com.ar\/actualidad\/wp-json\/wp\/v2\/types\/post"}],"author":[{"embeddable":true,"href":"https:\/\/arg-agro.com.ar\/actualidad\/wp-json\/wp\/v2\/users\/1"}],"replies":[{"embeddable":true,"href":"https:\/\/arg-agro.com.ar\/actualidad\/wp-json\/wp\/v2\/comments?post=1559"}],"version-history":[{"count":1,"href":"https:\/\/arg-agro.com.ar\/actualidad\/wp-json\/wp\/v2\/posts\/1559\/revisions"}],"predecessor-version":[{"id":1561,"href":"https:\/\/arg-agro.com.ar\/actualidad\/wp-json\/wp\/v2\/posts\/1559\/revisions\/1561"}],"wp:featuredmedia":[{"embeddable":true,"href":"https:\/\/arg-agro.com.ar\/actualidad\/wp-json\/wp\/v2\/media\/1560"}],"wp:attachment":[{"href":"https:\/\/arg-agro.com.ar\/actualidad\/wp-json\/wp\/v2\/media?parent=1559"}],"wp:term":[{"taxonomy":"category","embeddable":true,"href":"https:\/\/arg-agro.com.ar\/actualidad\/wp-json\/wp\/v2\/categories?post=1559"}],"curies":[{"name":"wp","href":"https:\/\/api.w.org\/{rel}","templated":true}]}}