{"id":1556,"date":"2026-09-02T13:23:40","date_gmt":"2026-09-02T16:23:40","guid":{"rendered":"https:\/\/arg-agro.com.ar\/actualidad\/mito-del-deficit-comercial-agricola-entre-estados-unidos-y-mexico\/"},"modified":"2026-09-02T13:23:41","modified_gmt":"2026-09-02T16:23:41","slug":"mito-del-deficit-comercial-agricola-entre-estados-unidos-y-mexico","status":"publish","type":"post","link":"https:\/\/arg-agro.com.ar\/actualidad\/mito-del-deficit-comercial-agricola-entre-estados-unidos-y-mexico\/","title":{"rendered":"Mito del d\u00e9ficit comercial agr\u00edcola entre Estados Unidos y M\u00e9xico"},"content":{"rendered":"<p><\/p>\n<div>\n<p>Existen narrativas que, mediante la repetici\u00f3n constante, llegan a percibirse como verdades. Una de ellas sostiene que el d\u00e9ficit comercial agropecuario de Estados Unidos con M\u00e9xico es prueba de una relaci\u00f3n comercial desequilibrada. Nada podr\u00eda estar m\u00e1s lejos de la realidad.<\/p>\n<p>En econom\u00eda, los n\u00fameros cuentan solo una parte de la historia. El resto se explica por la demograf\u00eda, el poder adquisitivo y la estructura del mercado. Estados Unidos tiene una poblaci\u00f3n de 350 millones de habitantes y uno de los niveles de ingreso per c\u00e1pita m\u00e1s altos del mundo. M\u00e9xico, por el contrario, tiene poco m\u00e1s de 130 millones de habitantes y un ingreso medio considerablemente menor.<\/p>\n<p>Dados estos realidades, es natural que los consumidores estadounidenses compren grandes vol\u00famenes de frutas, hortalizas y alimentos frescos en M\u00e9xico. El tama\u00f1o del mercado estadounidense y su poder de compra hacen que no sorprenda que flujos comerciales agropecuarios resulten en un d\u00e9ficit para Estados Unidos.<\/p>\n<p>Pero reducir esta relaci\u00f3n al saldo comercial por s\u00ed solo es un error. La pregunta relevante no es qui\u00e9n vende m\u00e1s, sino qui\u00e9n depende de qui\u00e9n para sostener una de las cadenas de suministro m\u00e1s integradas del continente.<\/p>\n<p>Los datos oficiales son reveladores. M\u00e9xico compra el 17% de todas las exportaciones agropecuarias de Estados Unidos y se ha convertido en el primer mercado para 159 categor\u00edas de productos agr\u00edcolas. Ning\u00fan otro pa\u00eds representa una plataforma de negocio tan amplia para los agricultores estadounidenses. Adem\u00e1s, mientras el consumidor mexicano promedio gasta aproximadamente 241 d\u00f3lares al a\u00f1o en productos agropecuarios estadounidenses, el consumidor estadounidense promedio gasta 132 d\u00f3lares en importaciones agropecuarias mexicanas. En t\u00e9rminos de gasto a lo largo del periodo, M\u00e9xico compra casi el doble.<\/p>\n<p>Esta din\u00e1mica ayuda a explicar por qu\u00e9, entre 2020 y 2025, las exportaciones agropecuarias de EE. UU. a M\u00e9xico han crecido a una tasa casi el doble que las exportaciones agropecuarias mexicanas a Estados Unidos. Como resultado, el d\u00e9ficit comercial agropecuario de EE. UU. con M\u00e9xico se redujo un 28%, pasando de 18,4 mil millones de d\u00f3lares a 13,3 mil millones.<\/p>\n<p>Lo verdaderamente significativo es d\u00f3nde se generan esos beneficios. Treinta y nueve estados de EE. UU. sit\u00faan a M\u00e9xico entre sus tres principales mercados de exportaci\u00f3n agropecuaria. Texas exporta m\u00e1s de 5,372 mil millones de d\u00f3lares anualmente a M\u00e9xico; California, 3,675 mil millones; Kansas, 2,513 mil millones; Louisiana, 2,435 mil millones; e Iowa, 2,428 mil millones. Para Nuevo M\u00e9xico, Misuri, Arkansas y Kansas, entre el 51% y el 61% de las exportaciones agropecuarias dependen del mercado mexicano. Hablar de M\u00e9xico es hablar de ingresos para los agricultores, de empleos rurales y de estabilidad econ\u00f3mica en gran parte del Medio Oeste estadounidense.<\/p>\n<p>La integraci\u00f3n tambi\u00e9n funciona en ambas direcciones. Estados Unidos vende aproximadamente 1,15 mil millones de d\u00f3lares en maquinaria agr\u00edcola, fertilizantes y dem\u00e1s insumos a M\u00e9xico. Estos insumos se utilizan para producir frutas y hortalizas que luego se exportan de nuevo a Estados Unidos, donde generan actividad econ\u00f3mica en transporte, log\u00edstica, procesamiento, distribuci\u00f3n, venta minorista y empleo. Cada d\u00f3lar gastado en aguacates mexicanos genera 2,10 d\u00f3lares de actividad econ\u00f3mica en Estados Unidos, mientras que las importaciones de tomates frescos sostienen 46.936 empleos y generan 8,33 mil millones de d\u00f3lares en actividad econ\u00f3mica.<\/p>\n<p>Por esta raz\u00f3n, cuando se imponen restricciones comerciales, los efectos suelen ser los opuestos de los previstos. La aplicaci\u00f3n de un arancel antidumping del 17% sobre los tomates mexicanos elev\u00f3 el precio medio de Estados Unidos en un 42%, hasta 2,69 d\u00f3lares por libra, sin fortalecer significativamente la producci\u00f3n nacional. En cambio, lo que ocurri\u00f3 fue una sustituci\u00f3n de proveedores: Canad\u00e1 captur\u00f3 gran parte de la cuota de mercado que M\u00e9xico ocupaba anteriormente.<\/p>\n<p>La lecci\u00f3n es clara. M\u00e9xico no es el problema al que se enfrentan las agriculturas estadounidenses; es uno de sus consumidores m\u00e1s importantes, un socio estrat\u00e9gico y un componente indispensable de su competitividad internacional. Quienes reducen esta relaci\u00f3n al tama\u00f1o del d\u00e9ficit comercial pasan por alto el hecho de que la prosperidad agr\u00edcola de Norteam\u00e9rica descansa en una cadena de valor integrada, donde romper un eslab\u00f3n debilita todo el sistema.<\/p>\n<p>En el siglo XXI, la fortaleza de la agricultura de Norteam\u00e9rica no depender\u00e1 de crear m\u00e1s barreras comerciales, sino de preservar una alianza que ha probado ser una de las m\u00e1s exitosas del comercio regional. Porque cuando M\u00e9xico compra, la agricultura estadounidense tambi\u00e9n prospera.<\/p>\n<p><em>Luis Fernando Haro Encinas<\/em> <em>es el director general del Consejo Nacional Agropecuario (CNA).<\/em><\/p>\n<table style=\"width: 100%;\">\n<tbody>\n<tr>\n<td style=\"width: 100%; background-color: rgb(239, 239, 239);\">Para enviar un art\u00edculo de opini\u00f3n, p\u00f3ngase en contacto con la Editora en Jefe de Agri\u2011Pulse, Sarah Gonzalez. Las propuestas de opini\u00f3n deben tener 750 palabras o menos, abordar un tema de pol\u00edtica agr\u00edcola e incluir una foto del autor.<\/td>\n<\/tr>\n<\/tbody>\n<\/table>\n<\/div>\n","protected":false},"excerpt":{"rendered":"","protected":false},"author":1,"featured_media":1557,"comment_status":"closed","ping_status":"closed","sticky":false,"template":"","format":"standard","meta":{"footnotes":""},"categories":[1],"class_list":["post-1556","post","type-post","status-publish","format-standard","has-post-thumbnail","hentry","category-actualidad","generate-columns","tablet-grid-50","mobile-grid-100","grid-parent","grid-50"],"yoast_head":"<!-- This site is optimized with the Yoast SEO plugin v27.0 - https:\/\/yoast.com\/product\/yoast-seo-wordpress\/ -->\n<title>Mito del d\u00e9ficit comercial agr\u00edcola entre Estados Unidos y M\u00e9xico - ARG-AGRO Semilleria Venta de Semillas e Insumos para el Agro<\/title>\n<meta name=\"robots\" content=\"index, follow, max-snippet:-1, max-image-preview:large, max-video-preview:-1\" \/>\n<link rel=\"canonical\" href=\"https:\/\/arg-agro.com.ar\/actualidad\/mito-del-deficit-comercial-agricola-entre-estados-unidos-y-mexico\/\" \/>\n<meta property=\"og:locale\" content=\"es_ES\" \/>\n<meta property=\"og:type\" content=\"article\" \/>\n<meta property=\"og:title\" content=\"Mito del d\u00e9ficit comercial agr\u00edcola entre Estados Unidos y M\u00e9xico - ARG-AGRO Semilleria Venta de Semillas e Insumos para el Agro\" \/>\n<meta property=\"og:url\" content=\"https:\/\/arg-agro.com.ar\/actualidad\/mito-del-deficit-comercial-agricola-entre-estados-unidos-y-mexico\/\" \/>\n<meta property=\"og:site_name\" content=\"ARG-AGRO Semilleria Venta de Semillas e Insumos para el Agro\" \/>\n<meta property=\"article:published_time\" content=\"2026-09-02T16:23:40+00:00\" \/>\n<meta property=\"article:modified_time\" content=\"2026-09-02T16:23:41+00:00\" \/>\n<meta property=\"og:image\" content=\"https:\/\/arg-agro.com.ar\/actualidad\/wp-content\/uploads\/2026\/09\/Mito-del-deficit-comercial-agricola-entre-Estados-Unidos-y-Mexico.jpeg\" \/>\n\t<meta property=\"og:image:width\" content=\"854\" \/>\n\t<meta property=\"og:image:height\" content=\"635\" \/>\n\t<meta property=\"og:image:type\" content=\"image\/jpeg\" \/>\n<meta name=\"author\" content=\"Tom\u00e1s Echeverr\u00eda\" \/>\n<meta name=\"twitter:card\" content=\"summary_large_image\" \/>\n<meta name=\"twitter:label1\" content=\"Escrito por\" \/>\n\t<meta name=\"twitter:data1\" content=\"Tom\u00e1s Echeverr\u00eda\" \/>\n\t<meta name=\"twitter:label2\" content=\"Tiempo de lectura\" \/>\n\t<meta name=\"twitter:data2\" content=\"4 minutos\" \/>\n<script type=\"application\/ld+json\" class=\"yoast-schema-graph\">{\"@context\":\"https:\/\/schema.org\",\"@graph\":[{\"@type\":\"NewsArticle\",\"@id\":\"https:\/\/arg-agro.com.ar\/actualidad\/mito-del-deficit-comercial-agricola-entre-estados-unidos-y-mexico\/#article\",\"isPartOf\":{\"@id\":\"https:\/\/arg-agro.com.ar\/actualidad\/mito-del-deficit-comercial-agricola-entre-estados-unidos-y-mexico\/\"},\"author\":{\"name\":\"Tom\u00e1s Echeverr\u00eda\",\"@id\":\"https:\/\/arg-agro.com.ar\/actualidad\/#\/schema\/person\/6f778d1f6f2c0c1b373aeda7620b7ce3\"},\"headline\":\"Mito del d\u00e9ficit comercial agr\u00edcola entre Estados Unidos y M\u00e9xico\",\"datePublished\":\"2026-09-02T16:23:40+00:00\",\"dateModified\":\"2026-09-02T16:23:41+00:00\",\"mainEntityOfPage\":{\"@id\":\"https:\/\/arg-agro.com.ar\/actualidad\/mito-del-deficit-comercial-agricola-entre-estados-unidos-y-mexico\/\"},\"wordCount\":849,\"publisher\":{\"@id\":\"https:\/\/arg-agro.com.ar\/actualidad\/#organization\"},\"image\":{\"@id\":\"https:\/\/arg-agro.com.ar\/actualidad\/mito-del-deficit-comercial-agricola-entre-estados-unidos-y-mexico\/#primaryimage\"},\"thumbnailUrl\":\"https:\/\/arg-agro.com.ar\/actualidad\/wp-content\/uploads\/2026\/09\/Mito-del-deficit-comercial-agricola-entre-Estados-Unidos-y-Mexico.jpeg\",\"keywords\":[\"agr\u00edcola\",\"comercial\",\"d\u00e9ficit\",\"del\",\"entre\",\"estados\",\"M\u00e9xico\",\"Mito\",\"Unidos\"],\"articleSection\":[\"Actualidad\"],\"inLanguage\":\"es\"},{\"@type\":\"WebPage\",\"@id\":\"https:\/\/arg-agro.com.ar\/actualidad\/mito-del-deficit-comercial-agricola-entre-estados-unidos-y-mexico\/\",\"url\":\"https:\/\/arg-agro.com.ar\/actualidad\/mito-del-deficit-comercial-agricola-entre-estados-unidos-y-mexico\/\",\"name\":\"Mito del d\u00e9ficit comercial agr\u00edcola entre Estados Unidos y M\u00e9xico - ARG-AGRO Semilleria Venta de Semillas e Insumos para el Agro\",\"isPartOf\":{\"@id\":\"https:\/\/arg-agro.com.ar\/actualidad\/#website\"},\"primaryImageOfPage\":{\"@id\":\"https:\/\/arg-agro.com.ar\/actualidad\/mito-del-deficit-comercial-agricola-entre-estados-unidos-y-mexico\/#primaryimage\"},\"image\":{\"@id\":\"https:\/\/arg-agro.com.ar\/actualidad\/mito-del-deficit-comercial-agricola-entre-estados-unidos-y-mexico\/#primaryimage\"},\"thumbnailUrl\":\"https:\/\/arg-agro.com.ar\/actualidad\/wp-content\/uploads\/2026\/09\/Mito-del-deficit-comercial-agricola-entre-Estados-Unidos-y-Mexico.jpeg\",\"datePublished\":\"2026-09-02T16:23:40+00:00\",\"dateModified\":\"2026-09-02T16:23:41+00:00\",\"breadcrumb\":{\"@id\":\"https:\/\/arg-agro.com.ar\/actualidad\/mito-del-deficit-comercial-agricola-entre-estados-unidos-y-mexico\/#breadcrumb\"},\"inLanguage\":\"es\",\"potentialAction\":[{\"@type\":\"ReadAction\",\"target\":[\"https:\/\/arg-agro.com.ar\/actualidad\/mito-del-deficit-comercial-agricola-entre-estados-unidos-y-mexico\/\"]}]},{\"@type\":\"ImageObject\",\"inLanguage\":\"es\",\"@id\":\"https:\/\/arg-agro.com.ar\/actualidad\/mito-del-deficit-comercial-agricola-entre-estados-unidos-y-mexico\/#primaryimage\",\"url\":\"https:\/\/arg-agro.com.ar\/actualidad\/wp-content\/uploads\/2026\/09\/Mito-del-deficit-comercial-agricola-entre-Estados-Unidos-y-Mexico.jpeg\",\"contentUrl\":\"https:\/\/arg-agro.com.ar\/actualidad\/wp-content\/uploads\/2026\/09\/Mito-del-deficit-comercial-agricola-entre-Estados-Unidos-y-Mexico.jpeg\",\"width\":854,\"height\":635},{\"@type\":\"BreadcrumbList\",\"@id\":\"https:\/\/arg-agro.com.ar\/actualidad\/mito-del-deficit-comercial-agricola-entre-estados-unidos-y-mexico\/#breadcrumb\",\"itemListElement\":[{\"@type\":\"ListItem\",\"position\":1,\"name\":\"Arg-Agro\",\"item\":\"https:\/\/arg-agro.com.ar\/actualidad\/\"},{\"@type\":\"ListItem\",\"position\":2,\"name\":\"Mito del d\u00e9ficit comercial agr\u00edcola entre Estados Unidos y M\u00e9xico\"}]},{\"@type\":\"WebSite\",\"@id\":\"https:\/\/arg-agro.com.ar\/actualidad\/#website\",\"url\":\"https:\/\/arg-agro.com.ar\/actualidad\/\",\"name\":\"ARG-AGRO Semilleria Venta de Semillas e Insumos para el Agro\",\"description\":\"\",\"publisher\":{\"@id\":\"https:\/\/arg-agro.com.ar\/actualidad\/#organization\"},\"potentialAction\":[{\"@type\":\"SearchAction\",\"target\":{\"@type\":\"EntryPoint\",\"urlTemplate\":\"https:\/\/arg-agro.com.ar\/actualidad\/?s={search_term_string}\"},\"query-input\":{\"@type\":\"PropertyValueSpecification\",\"valueRequired\":true,\"valueName\":\"search_term_string\"}}],\"inLanguage\":\"es\"},{\"@type\":\"Organization\",\"@id\":\"https:\/\/arg-agro.com.ar\/actualidad\/#organization\",\"name\":\"ARG-AGRO Semilleria Venta de Semillas e Insumos para el Agro\",\"url\":\"https:\/\/arg-agro.com.ar\/actualidad\/\",\"logo\":{\"@type\":\"ImageObject\",\"inLanguage\":\"es\",\"@id\":\"https:\/\/arg-agro.com.ar\/actualidad\/#\/schema\/logo\/image\/\",\"url\":\"https:\/\/arg-agro.com.ar\/actualidad\/wp-content\/uploads\/2026\/03\/store_logo.png\",\"contentUrl\":\"https:\/\/arg-agro.com.ar\/actualidad\/wp-content\/uploads\/2026\/03\/store_logo.png\",\"width\":270,\"height\":90,\"caption\":\"ARG-AGRO Semilleria Venta de Semillas e Insumos para el Agro\"},\"image\":{\"@id\":\"https:\/\/arg-agro.com.ar\/actualidad\/#\/schema\/logo\/image\/\"}},{\"@type\":\"Person\",\"@id\":\"https:\/\/arg-agro.com.ar\/actualidad\/#\/schema\/person\/6f778d1f6f2c0c1b373aeda7620b7ce3\",\"name\":\"Tom\u00e1s Echeverr\u00eda\",\"image\":{\"@type\":\"ImageObject\",\"inLanguage\":\"es\",\"@id\":\"https:\/\/arg-agro.com.ar\/actualidad\/#\/schema\/person\/image\/\",\"url\":\"https:\/\/arg-agro.com.ar\/actualidad\/wp-content\/uploads\/2026\/03\/Tomas-Echeverria-150x150.jpg\",\"contentUrl\":\"https:\/\/arg-agro.com.ar\/actualidad\/wp-content\/uploads\/2026\/03\/Tomas-Echeverria-150x150.jpg\",\"caption\":\"Tom\u00e1s Echeverr\u00eda\"},\"description\":\"Tom\u00e1s Echeverr\u00eda es especialista en agricultura y manejo sostenible de suelos, con experiencia en sistemas productivos de Argentina. Investiga la optimizaci\u00f3n del riego, la nutrici\u00f3n de cultivos y la adopci\u00f3n de tecnolog\u00edas de agricultura de precisi\u00f3n para mejorar rendimientos. En Arg-Agro, divulga pr\u00e1cticas basadas en evidencia para una producci\u00f3n eficiente y resiliente.\",\"sameAs\":[\"https:\/\/arg-agro.com.ar\/\"]}]}<\/script>\n<!-- \/ Yoast SEO plugin. -->","yoast_head_json":{"title":"Mito del d\u00e9ficit comercial agr\u00edcola entre Estados Unidos y M\u00e9xico - ARG-AGRO Semilleria Venta de Semillas e Insumos para el Agro","robots":{"index":"index","follow":"follow","max-snippet":"max-snippet:-1","max-image-preview":"max-image-preview:large","max-video-preview":"max-video-preview:-1"},"canonical":"https:\/\/arg-agro.com.ar\/actualidad\/mito-del-deficit-comercial-agricola-entre-estados-unidos-y-mexico\/","og_locale":"es_ES","og_type":"article","og_title":"Mito del d\u00e9ficit comercial agr\u00edcola entre Estados Unidos y M\u00e9xico - ARG-AGRO Semilleria Venta de Semillas e Insumos para el Agro","og_url":"https:\/\/arg-agro.com.ar\/actualidad\/mito-del-deficit-comercial-agricola-entre-estados-unidos-y-mexico\/","og_site_name":"ARG-AGRO Semilleria Venta de Semillas e Insumos para el Agro","article_published_time":"2026-09-02T16:23:40+00:00","article_modified_time":"2026-09-02T16:23:41+00:00","og_image":[{"width":854,"height":635,"url":"https:\/\/arg-agro.com.ar\/actualidad\/wp-content\/uploads\/2026\/09\/Mito-del-deficit-comercial-agricola-entre-Estados-Unidos-y-Mexico.jpeg","type":"image\/jpeg"}],"author":"Tom\u00e1s Echeverr\u00eda","twitter_card":"summary_large_image","twitter_misc":{"Escrito por":"Tom\u00e1s Echeverr\u00eda","Tiempo de lectura":"4 minutos"},"schema":{"@context":"https:\/\/schema.org","@graph":[{"@type":"NewsArticle","@id":"https:\/\/arg-agro.com.ar\/actualidad\/mito-del-deficit-comercial-agricola-entre-estados-unidos-y-mexico\/#article","isPartOf":{"@id":"https:\/\/arg-agro.com.ar\/actualidad\/mito-del-deficit-comercial-agricola-entre-estados-unidos-y-mexico\/"},"author":{"name":"Tom\u00e1s Echeverr\u00eda","@id":"https:\/\/arg-agro.com.ar\/actualidad\/#\/schema\/person\/6f778d1f6f2c0c1b373aeda7620b7ce3"},"headline":"Mito del d\u00e9ficit comercial agr\u00edcola entre Estados Unidos y M\u00e9xico","datePublished":"2026-09-02T16:23:40+00:00","dateModified":"2026-09-02T16:23:41+00:00","mainEntityOfPage":{"@id":"https:\/\/arg-agro.com.ar\/actualidad\/mito-del-deficit-comercial-agricola-entre-estados-unidos-y-mexico\/"},"wordCount":849,"publisher":{"@id":"https:\/\/arg-agro.com.ar\/actualidad\/#organization"},"image":{"@id":"https:\/\/arg-agro.com.ar\/actualidad\/mito-del-deficit-comercial-agricola-entre-estados-unidos-y-mexico\/#primaryimage"},"thumbnailUrl":"https:\/\/arg-agro.com.ar\/actualidad\/wp-content\/uploads\/2026\/09\/Mito-del-deficit-comercial-agricola-entre-Estados-Unidos-y-Mexico.jpeg","keywords":["agr\u00edcola","comercial","d\u00e9ficit","del","entre","estados","M\u00e9xico","Mito","Unidos"],"articleSection":["Actualidad"],"inLanguage":"es"},{"@type":"WebPage","@id":"https:\/\/arg-agro.com.ar\/actualidad\/mito-del-deficit-comercial-agricola-entre-estados-unidos-y-mexico\/","url":"https:\/\/arg-agro.com.ar\/actualidad\/mito-del-deficit-comercial-agricola-entre-estados-unidos-y-mexico\/","name":"Mito del d\u00e9ficit comercial agr\u00edcola entre Estados Unidos y M\u00e9xico - ARG-AGRO Semilleria Venta de Semillas e Insumos para el Agro","isPartOf":{"@id":"https:\/\/arg-agro.com.ar\/actualidad\/#website"},"primaryImageOfPage":{"@id":"https:\/\/arg-agro.com.ar\/actualidad\/mito-del-deficit-comercial-agricola-entre-estados-unidos-y-mexico\/#primaryimage"},"image":{"@id":"https:\/\/arg-agro.com.ar\/actualidad\/mito-del-deficit-comercial-agricola-entre-estados-unidos-y-mexico\/#primaryimage"},"thumbnailUrl":"https:\/\/arg-agro.com.ar\/actualidad\/wp-content\/uploads\/2026\/09\/Mito-del-deficit-comercial-agricola-entre-Estados-Unidos-y-Mexico.jpeg","datePublished":"2026-09-02T16:23:40+00:00","dateModified":"2026-09-02T16:23:41+00:00","breadcrumb":{"@id":"https:\/\/arg-agro.com.ar\/actualidad\/mito-del-deficit-comercial-agricola-entre-estados-unidos-y-mexico\/#breadcrumb"},"inLanguage":"es","potentialAction":[{"@type":"ReadAction","target":["https:\/\/arg-agro.com.ar\/actualidad\/mito-del-deficit-comercial-agricola-entre-estados-unidos-y-mexico\/"]}]},{"@type":"ImageObject","inLanguage":"es","@id":"https:\/\/arg-agro.com.ar\/actualidad\/mito-del-deficit-comercial-agricola-entre-estados-unidos-y-mexico\/#primaryimage","url":"https:\/\/arg-agro.com.ar\/actualidad\/wp-content\/uploads\/2026\/09\/Mito-del-deficit-comercial-agricola-entre-Estados-Unidos-y-Mexico.jpeg","contentUrl":"https:\/\/arg-agro.com.ar\/actualidad\/wp-content\/uploads\/2026\/09\/Mito-del-deficit-comercial-agricola-entre-Estados-Unidos-y-Mexico.jpeg","width":854,"height":635},{"@type":"BreadcrumbList","@id":"https:\/\/arg-agro.com.ar\/actualidad\/mito-del-deficit-comercial-agricola-entre-estados-unidos-y-mexico\/#breadcrumb","itemListElement":[{"@type":"ListItem","position":1,"name":"Arg-Agro","item":"https:\/\/arg-agro.com.ar\/actualidad\/"},{"@type":"ListItem","position":2,"name":"Mito del d\u00e9ficit comercial agr\u00edcola entre Estados Unidos y M\u00e9xico"}]},{"@type":"WebSite","@id":"https:\/\/arg-agro.com.ar\/actualidad\/#website","url":"https:\/\/arg-agro.com.ar\/actualidad\/","name":"ARG-AGRO Semilleria Venta de Semillas e Insumos para el Agro","description":"","publisher":{"@id":"https:\/\/arg-agro.com.ar\/actualidad\/#organization"},"potentialAction":[{"@type":"SearchAction","target":{"@type":"EntryPoint","urlTemplate":"https:\/\/arg-agro.com.ar\/actualidad\/?s={search_term_string}"},"query-input":{"@type":"PropertyValueSpecification","valueRequired":true,"valueName":"search_term_string"}}],"inLanguage":"es"},{"@type":"Organization","@id":"https:\/\/arg-agro.com.ar\/actualidad\/#organization","name":"ARG-AGRO Semilleria Venta de Semillas e Insumos para el Agro","url":"https:\/\/arg-agro.com.ar\/actualidad\/","logo":{"@type":"ImageObject","inLanguage":"es","@id":"https:\/\/arg-agro.com.ar\/actualidad\/#\/schema\/logo\/image\/","url":"https:\/\/arg-agro.com.ar\/actualidad\/wp-content\/uploads\/2026\/03\/store_logo.png","contentUrl":"https:\/\/arg-agro.com.ar\/actualidad\/wp-content\/uploads\/2026\/03\/store_logo.png","width":270,"height":90,"caption":"ARG-AGRO Semilleria Venta de Semillas e Insumos para el Agro"},"image":{"@id":"https:\/\/arg-agro.com.ar\/actualidad\/#\/schema\/logo\/image\/"}},{"@type":"Person","@id":"https:\/\/arg-agro.com.ar\/actualidad\/#\/schema\/person\/6f778d1f6f2c0c1b373aeda7620b7ce3","name":"Tom\u00e1s Echeverr\u00eda","image":{"@type":"ImageObject","inLanguage":"es","@id":"https:\/\/arg-agro.com.ar\/actualidad\/#\/schema\/person\/image\/","url":"https:\/\/arg-agro.com.ar\/actualidad\/wp-content\/uploads\/2026\/03\/Tomas-Echeverria-150x150.jpg","contentUrl":"https:\/\/arg-agro.com.ar\/actualidad\/wp-content\/uploads\/2026\/03\/Tomas-Echeverria-150x150.jpg","caption":"Tom\u00e1s Echeverr\u00eda"},"description":"Tom\u00e1s Echeverr\u00eda es especialista en agricultura y manejo sostenible de suelos, con experiencia en sistemas productivos de Argentina. Investiga la optimizaci\u00f3n del riego, la nutrici\u00f3n de cultivos y la adopci\u00f3n de tecnolog\u00edas de agricultura de precisi\u00f3n para mejorar rendimientos. En Arg-Agro, divulga pr\u00e1cticas basadas en evidencia para una producci\u00f3n eficiente y resiliente.","sameAs":["https:\/\/arg-agro.com.ar\/"]}]}},"_links":{"self":[{"href":"https:\/\/arg-agro.com.ar\/actualidad\/wp-json\/wp\/v2\/posts\/1556","targetHints":{"allow":["GET"]}}],"collection":[{"href":"https:\/\/arg-agro.com.ar\/actualidad\/wp-json\/wp\/v2\/posts"}],"about":[{"href":"https:\/\/arg-agro.com.ar\/actualidad\/wp-json\/wp\/v2\/types\/post"}],"author":[{"embeddable":true,"href":"https:\/\/arg-agro.com.ar\/actualidad\/wp-json\/wp\/v2\/users\/1"}],"replies":[{"embeddable":true,"href":"https:\/\/arg-agro.com.ar\/actualidad\/wp-json\/wp\/v2\/comments?post=1556"}],"version-history":[{"count":1,"href":"https:\/\/arg-agro.com.ar\/actualidad\/wp-json\/wp\/v2\/posts\/1556\/revisions"}],"predecessor-version":[{"id":1558,"href":"https:\/\/arg-agro.com.ar\/actualidad\/wp-json\/wp\/v2\/posts\/1556\/revisions\/1558"}],"wp:featuredmedia":[{"embeddable":true,"href":"https:\/\/arg-agro.com.ar\/actualidad\/wp-json\/wp\/v2\/media\/1557"}],"wp:attachment":[{"href":"https:\/\/arg-agro.com.ar\/actualidad\/wp-json\/wp\/v2\/media?parent=1556"}],"wp:term":[{"taxonomy":"category","embeddable":true,"href":"https:\/\/arg-agro.com.ar\/actualidad\/wp-json\/wp\/v2\/categories?post=1556"}],"curies":[{"name":"wp","href":"https:\/\/api.w.org\/{rel}","templated":true}]}}