{"id":1547,"date":"2026-09-02T08:24:11","date_gmt":"2026-09-02T11:24:11","guid":{"rendered":"https:\/\/arg-agro.com.ar\/actualidad\/los-democratas-buscan-vias-para-frenar-la-autoridad-comercial-de-trump\/"},"modified":"2026-09-02T08:24:13","modified_gmt":"2026-09-02T11:24:13","slug":"los-democratas-buscan-vias-para-frenar-la-autoridad-comercial-de-trump","status":"publish","type":"post","link":"https:\/\/arg-agro.com.ar\/actualidad\/los-democratas-buscan-vias-para-frenar-la-autoridad-comercial-de-trump\/","title":{"rendered":"Los dem\u00f3cratas buscan v\u00edas para frenar la autoridad comercial de Trump"},"content":{"rendered":"<p><\/p>\n<div>\n<table style=\"width: 100%;\">\n<tbody>\n<tr>\n<td style=\"width: 100%; background-color: rgb(239, 239, 239);\">\n<ul>\n<li style=\"font-weight: bold;\"><strong>La guerra comercial con Canad\u00e1 se intensificar\u00e1 el 8 de septiembre cuando entren en vigor los grav\u00e1menes equivalentes por un total de 20 mil millones de d\u00f3lares en bienes estadounidenses, incluyendo l\u00e1cteos y equipo agr\u00edcola.<\/strong><\/li>\n<p><strong><br \/>\n<\/strong><\/p>\n<li style=\"font-weight: bold;\"><strong>Dem\u00f3cratas en ambas c\u00e1maras han propuesto legislaci\u00f3n para frenar la autoridad comercial del presidente Donald Trump.<\/strong><\/li>\n<p><strong><br \/>\n<\/strong><\/p>\n<li style=\"font-weight: bold;\"><strong>Un pu\u00f1ado de miembros del GOP podr\u00eda estar dispuesto a desviarse de la l\u00ednea del partido para revertir estos grav\u00e1menes.<\/strong><\/li>\n<\/ul>\n<\/td>\n<\/tr>\n<\/tbody>\n<\/table>\n<p>Los dem\u00f3cratas buscan formas de detener la guerra comercial del presidente Donald Trump con Canad\u00e1.<\/p>\n<p>La inminente elecci\u00f3n de mitad de mandato es una oportunidad para que el ahora partido minoritario vuelva a afirmar la autoridad del Congreso sobre el comercio si obtiene la mayor\u00eda en cualquiera de las dos c\u00e1maras, con muchos legisladores ya proponiendo legislaci\u00f3n.<\/p>\n<p>La administraci\u00f3n de Trump impuso el 22 de agosto un gravamen del 50% sobre muchos bienes canadienses, incluyendo palos de hockey \u2014un producto emblem\u00e1tico\u2014 tras que las conversaciones con Canad\u00e1 se estancaran. Trump utiliz\u00f3 una autoridad comercial de la era de la Gran Depresi\u00f3n, conocida como la Secci\u00f3n 338, para imponer los aranceles.\u00a0<\/p>\n<p>Los dem\u00f3cratas buscan revertir esa autoridad.<\/p>\n<p>El representante Brad Schneider, Dem\u00f3crata de Illinois, junto con el representante Jimmy Panetta, Dem\u00f3crata de California, presentaron un proyecto de ley el 27 de agosto, d\u00edas despu\u00e9s de que entraran en vigor los grav\u00e1menes sobre Canad\u00e1, para eliminar la Secci\u00f3n 338. Le dieron al proyecto el nombre de Banning Antiquated Duties and Delivering Equitable American Levies Act, o BAD DEAL.<\/p>\n<p>\u00abLa audaz y contraproducente guerra comercial del presidente Trump solo da\u00f1a la relaci\u00f3n de larga data y mutuamente beneficiosa con nuestro vecino, y segundo socio comercial, Canad\u00e1. \u00a1Este es un mal trato! Es un mal trato para las familias estadounidenses, y es un mal trato para las peque\u00f1as empresas estadounidenses\u00bb, declar\u00f3 Schneider en un comunicado de prensa.<\/p>\n<p>El borrador de discusi\u00f3n del proyecto de ley derrogar\u00eda la Secci\u00f3n 338, junto con cualquier acci\u00f3n presidencial que use esa autoridad comercial, anulando de facto los aranceles a Canad\u00e1. Tambi\u00e9n exigir\u00eda que el presidente reembolse cada arancel o gravamen recaudado con esa autoridad.<\/p>\n<p>\u00abLas pol\u00edticas arancelarias sin sentido de esta administraci\u00f3n y sus guerras comerciales autodestructivas ya han perjudicado a las empresas estadounidenses y elevado los costes para las familias trabajadoras\u00bb, declar\u00f3 Panetta en un comunicado de prensa del 28 de agosto. \u00abYa es hora de que el Congreso recupere su autoridad constitucional sobre el comercio y ponga fin a este r\u00e9gimen arancelario destructivo de la administraci\u00f3n\u00bb.<\/p>\n<p>Cualquier acci\u00f3n sobre el proyecto es improbable mientras los republicanos controlen a\u00fan ambas c\u00e1maras. No hay un gran apetito entre los republicanos por restituir la autoridad comercial del Congreso.<\/p>\n<p>La mayor\u00eda de los miembros del GOP se han mantenido en silencio respecto a los aranceles. Solo un pu\u00f1ado de republicanos ha votado para frenar la autoridad comercial de la administraci\u00f3n. La C\u00e1mara, en febrero, aprob\u00f3 por 219-211 una resoluci\u00f3n conjunta para terminar la emergencia nacional bajo la Ley de Poderes Econ\u00f3micos de Emergencia Internacional, o IEEPA, que Trump utiliz\u00f3 para imponer grav\u00e1menes a Canad\u00e1.<\/p>\n<p>Seis republicanos se unieron a los dem\u00f3cratas para revertir los grav\u00e1menes sobre Canad\u00e1: los representantes Don Bacon de Nebraska; Brian Fitzpatrick de Pensilvania; Jeff Hurd de Colorado; Kevin Kiley de California; Thomas Massie de Kentucky y Dan Newhouse de Washington.<\/p>\n<p>\u00abCreo que querr\u00eda revisar cu\u00e1les son los usos leg\u00edtimos de esa herramienta y asegurarnos de no quitar un instrumento que podr\u00eda ser necesario\u00bb, dijo el republicano de California.<\/p>\n<p>Kiley dijo que la guerra comercial con Canad\u00e1 tiene \u00abramificaciones obvias para el costo de vida\u00bb, y a\u00f1adi\u00f3 que cree que el Congreso debe estar m\u00e1s involucrado en el comercio.<\/p>\n<p>\u00abCreo que estas cosas suelen funcionar mucho mejor cuando el Congreso est\u00e1 involucrado. Podemos obtener m\u00e1s perspectivas. Podemos escuchar a m\u00e1s gente. Podemos equilibrar los intereses en competencia, y eso brinda mayor certeza a nuestros socios comerciales\u00bb, dijo Kiley.<\/p>\n<p>Los aranceles estadounidenses a Canad\u00e1 llegaron con cierto nivel de incertidumbre. Los grav\u00e1menes estaban programados para entrar en vigor el 19 de agosto, pero luego Trump anunci\u00f3 en su sitio de redes sociales, Truth Social, menos de dos horas antes de que entraran en vigor, que retrasar\u00eda la implementaci\u00f3n por tres d\u00edas.<\/p>\n<p>Parece haber habido un acuerdo en el horizonte, pero Canad\u00e1 suspendi\u00f3 las conversaciones.<\/p>\n<p>\u00abCreo que cuando hay giro de tim\u00f3n, donde se proponen aranceles y luego se retiran&#8230; no se permite la estabilidad que el comercio exige y que los mercados que funcionan bien requieren\u00bb, afirm\u00f3 Kiley.<\/p>\n<p>Se espera que Jamieson Greer, Representante de Comercio de EE. UU., asista al almuerzo de la Republican Study Committee el mi\u00e9rcoles.<\/p>\n<p>El presidente de la Subcomisi\u00f3n de Comercio de Ways and Means de la C\u00e1mara, Adrian Smith, republicano de Nebraska, dijo a reporteros el martes que aprecia la accesibilidad y diligencia de Greer, y a\u00f1adi\u00f3 que Greer ha mostrado que puede manejar temas comerciales. Smith tambi\u00e9n dijo que ser\u00eda en inter\u00e9s de Canad\u00e1 aceptar el acuerdo que ofreci\u00f3 la administraci\u00f3n.<\/p>\n<p>Greer probablemente enfrentar\u00e1 preguntas sobre la ruptura de las negociaciones comerciales entre ambos pa\u00edses.<\/p>\n<p>Newhouse tambi\u00e9n afirm\u00f3 que no puede decir si apoyar\u00eda esfuerzos para derogar la Secci\u00f3n 338.<\/p>\n<p><strong>Proyectos de ley comerciales del Senado<\/strong><\/p>\n<p>Los dem\u00f3cratas en el Senado tambi\u00e9n est\u00e1n buscando formas de restringir el poder de Trump sobre el comercio.<\/p>\n<p>Las senadoras Kirsten Gillibrand, de Nueva York, y Peter Welch, de Vermont, presentaron la versi\u00f3n para el Senado del proyecto BAD DEAL.<\/p>\n<p>\u00abImponer aranceles intermitentes es lo contrario de c\u00f3mo deber\u00edamos tratar a nuestros amigos cercanos y aliados de larga data, pero es end\u00e9mico de c\u00f3mo opera la Administraci\u00f3n Trump\u00bb, dijo Welch en un comunicado conjunto con Gillibrand.<\/p>\n<p>\u00abVamos a dejarlo claro: los \u00faltimos aranceles contra Canad\u00e1 son un mal trato para las familias de Nueva York. Me enorgullece presentar esta legislaci\u00f3n para terminar con estos costosos aranceles y devolver el dinero a los estadounidenses. Ya es hora de que el presidente Trump deje de jugar a la pol\u00edtica, vuelva a la mesa de negociaci\u00f3n y cierre un acuerdo que reduzca costos y fortalezca nuestra econom\u00eda\u00bb, dijo Gillibrand.<\/p>\n<p>El l\u00edder de la Minor\u00eda del Senado, Chuck Schumer, present\u00f3 el lunes la Ley para Terminar la Tasa Arancelaria de Trump.<\/p>\n<p>\u00abEn solo un a\u00f1o, la tasa arancelaria de Trump hacostado a la familia promedio casi 2.000 d\u00f3lares. Por eso presento la Ley para Terminar la Tasa Arancelaria de Trump, que pondr\u00eda fin al dolor de los aranceles costosos de Trump, incluidos sus \u00faltimos aranceles sobre Canad\u00e1\u00bb, dijo Schumer en X.<\/p>\n<p>La ley revocar\u00eda y derogar\u00eda los aranceles canadienses del 50%, as\u00ed como los grav\u00e1menes del 10% al 12,5% bajo la Secci\u00f3n 301 en 60 econom\u00edas. Tambi\u00e9n derogar\u00eda las \u00abautoridades arcaicas\u00bb utilizadas para llevar a cabo la guerra comercial, seg\u00fan un comunicado de prensa de la senadora Maria Cantwell, dem\u00f3crata de Washington, copatrocinadora de la legislaci\u00f3n.<\/p>\n<p>\u00abEs hora de dejar de gravar a los estadounidenses en la frontera y de brindar alivio a las familias trabajadoras de los aranceles destructivos de Trump\u00bb, dijo Cantwell en el comunicado. \u00abDerogar las leyes comerciales anticuadas que esta administraci\u00f3n est\u00e1 abusando es la mejor forma de terminar con estas guerras comerciales sin sentido antes de que causen da\u00f1os irreparables a nuestra econom\u00eda y a nuestras alianzas\u00bb.<\/p>\n<p>Cantwell es tambi\u00e9n la patrocinadora principal de la Ley de Revisi\u00f3n Comercial de 2025, que exigir\u00eda que el Congreso apruebe o desapruebe cualquier arancel presidencial. La medida cuenta con siete co-patrocinadores republicanos.<\/p>\n<\/div>\n","protected":false},"excerpt":{"rendered":"","protected":false},"author":1,"featured_media":1548,"comment_status":"closed","ping_status":"closed","sticky":false,"template":"","format":"standard","meta":{"footnotes":""},"categories":[1],"class_list":["post-1547","post","type-post","status-publish","format-standard","has-post-thumbnail","hentry","category-actualidad","generate-columns","tablet-grid-50","mobile-grid-100","grid-parent","grid-50"],"yoast_head":"<!-- This site is optimized with the Yoast SEO plugin v27.0 - https:\/\/yoast.com\/product\/yoast-seo-wordpress\/ -->\n<title>Los dem\u00f3cratas buscan v\u00edas para frenar la autoridad comercial de Trump - ARG-AGRO Semilleria Venta de Semillas e Insumos para el Agro<\/title>\n<meta name=\"robots\" content=\"index, follow, max-snippet:-1, max-image-preview:large, max-video-preview:-1\" \/>\n<link rel=\"canonical\" href=\"https:\/\/arg-agro.com.ar\/actualidad\/los-democratas-buscan-vias-para-frenar-la-autoridad-comercial-de-trump\/\" \/>\n<meta property=\"og:locale\" content=\"es_ES\" \/>\n<meta property=\"og:type\" content=\"article\" \/>\n<meta property=\"og:title\" content=\"Los dem\u00f3cratas buscan v\u00edas para frenar la autoridad comercial de Trump - ARG-AGRO Semilleria Venta de Semillas e Insumos para el Agro\" \/>\n<meta property=\"og:url\" content=\"https:\/\/arg-agro.com.ar\/actualidad\/los-democratas-buscan-vias-para-frenar-la-autoridad-comercial-de-trump\/\" \/>\n<meta property=\"og:site_name\" content=\"ARG-AGRO Semilleria Venta de Semillas e Insumos para el Agro\" \/>\n<meta property=\"article:published_time\" content=\"2026-09-02T11:24:11+00:00\" \/>\n<meta property=\"article:modified_time\" content=\"2026-09-02T11:24:13+00:00\" \/>\n<meta property=\"og:image\" content=\"https:\/\/arg-agro.com.ar\/actualidad\/wp-content\/uploads\/2026\/09\/Los-democratas-buscan-vias-para-frenar-la-autoridad-comercial-de.jpg\" \/>\n\t<meta property=\"og:image:width\" content=\"836\" \/>\n\t<meta property=\"og:image:height\" content=\"627\" \/>\n\t<meta property=\"og:image:type\" content=\"image\/jpeg\" \/>\n<meta name=\"author\" content=\"Tom\u00e1s Echeverr\u00eda\" \/>\n<meta name=\"twitter:card\" content=\"summary_large_image\" \/>\n<meta name=\"twitter:label1\" content=\"Escrito por\" \/>\n\t<meta name=\"twitter:data1\" content=\"Tom\u00e1s Echeverr\u00eda\" \/>\n\t<meta name=\"twitter:label2\" content=\"Tiempo de lectura\" \/>\n\t<meta name=\"twitter:data2\" content=\"7 minutos\" \/>\n<script type=\"application\/ld+json\" class=\"yoast-schema-graph\">{\"@context\":\"https:\/\/schema.org\",\"@graph\":[{\"@type\":\"NewsArticle\",\"@id\":\"https:\/\/arg-agro.com.ar\/actualidad\/los-democratas-buscan-vias-para-frenar-la-autoridad-comercial-de-trump\/#article\",\"isPartOf\":{\"@id\":\"https:\/\/arg-agro.com.ar\/actualidad\/los-democratas-buscan-vias-para-frenar-la-autoridad-comercial-de-trump\/\"},\"author\":{\"name\":\"Tom\u00e1s Echeverr\u00eda\",\"@id\":\"https:\/\/arg-agro.com.ar\/actualidad\/#\/schema\/person\/6f778d1f6f2c0c1b373aeda7620b7ce3\"},\"headline\":\"Los dem\u00f3cratas buscan v\u00edas para frenar la autoridad comercial de Trump\",\"datePublished\":\"2026-09-02T11:24:11+00:00\",\"dateModified\":\"2026-09-02T11:24:13+00:00\",\"mainEntityOfPage\":{\"@id\":\"https:\/\/arg-agro.com.ar\/actualidad\/los-democratas-buscan-vias-para-frenar-la-autoridad-comercial-de-trump\/\"},\"wordCount\":1332,\"publisher\":{\"@id\":\"https:\/\/arg-agro.com.ar\/actualidad\/#organization\"},\"image\":{\"@id\":\"https:\/\/arg-agro.com.ar\/actualidad\/los-democratas-buscan-vias-para-frenar-la-autoridad-comercial-de-trump\/#primaryimage\"},\"thumbnailUrl\":\"https:\/\/arg-agro.com.ar\/actualidad\/wp-content\/uploads\/2026\/09\/Los-democratas-buscan-vias-para-frenar-la-autoridad-comercial-de.jpg\",\"keywords\":[\"autoridad\",\"buscan\",\"comercial\",\"dem\u00f3cratas\",\"frenar\",\"los\",\"para\",\"Trump\",\"v\u00edas\"],\"articleSection\":[\"Actualidad\"],\"inLanguage\":\"es\"},{\"@type\":\"WebPage\",\"@id\":\"https:\/\/arg-agro.com.ar\/actualidad\/los-democratas-buscan-vias-para-frenar-la-autoridad-comercial-de-trump\/\",\"url\":\"https:\/\/arg-agro.com.ar\/actualidad\/los-democratas-buscan-vias-para-frenar-la-autoridad-comercial-de-trump\/\",\"name\":\"Los dem\u00f3cratas buscan v\u00edas para frenar la autoridad comercial de Trump - ARG-AGRO Semilleria Venta de Semillas e Insumos para el Agro\",\"isPartOf\":{\"@id\":\"https:\/\/arg-agro.com.ar\/actualidad\/#website\"},\"primaryImageOfPage\":{\"@id\":\"https:\/\/arg-agro.com.ar\/actualidad\/los-democratas-buscan-vias-para-frenar-la-autoridad-comercial-de-trump\/#primaryimage\"},\"image\":{\"@id\":\"https:\/\/arg-agro.com.ar\/actualidad\/los-democratas-buscan-vias-para-frenar-la-autoridad-comercial-de-trump\/#primaryimage\"},\"thumbnailUrl\":\"https:\/\/arg-agro.com.ar\/actualidad\/wp-content\/uploads\/2026\/09\/Los-democratas-buscan-vias-para-frenar-la-autoridad-comercial-de.jpg\",\"datePublished\":\"2026-09-02T11:24:11+00:00\",\"dateModified\":\"2026-09-02T11:24:13+00:00\",\"breadcrumb\":{\"@id\":\"https:\/\/arg-agro.com.ar\/actualidad\/los-democratas-buscan-vias-para-frenar-la-autoridad-comercial-de-trump\/#breadcrumb\"},\"inLanguage\":\"es\",\"potentialAction\":[{\"@type\":\"ReadAction\",\"target\":[\"https:\/\/arg-agro.com.ar\/actualidad\/los-democratas-buscan-vias-para-frenar-la-autoridad-comercial-de-trump\/\"]}]},{\"@type\":\"ImageObject\",\"inLanguage\":\"es\",\"@id\":\"https:\/\/arg-agro.com.ar\/actualidad\/los-democratas-buscan-vias-para-frenar-la-autoridad-comercial-de-trump\/#primaryimage\",\"url\":\"https:\/\/arg-agro.com.ar\/actualidad\/wp-content\/uploads\/2026\/09\/Los-democratas-buscan-vias-para-frenar-la-autoridad-comercial-de.jpg\",\"contentUrl\":\"https:\/\/arg-agro.com.ar\/actualidad\/wp-content\/uploads\/2026\/09\/Los-democratas-buscan-vias-para-frenar-la-autoridad-comercial-de.jpg\",\"width\":836,\"height\":627},{\"@type\":\"BreadcrumbList\",\"@id\":\"https:\/\/arg-agro.com.ar\/actualidad\/los-democratas-buscan-vias-para-frenar-la-autoridad-comercial-de-trump\/#breadcrumb\",\"itemListElement\":[{\"@type\":\"ListItem\",\"position\":1,\"name\":\"Arg-Agro\",\"item\":\"https:\/\/arg-agro.com.ar\/actualidad\/\"},{\"@type\":\"ListItem\",\"position\":2,\"name\":\"Los dem\u00f3cratas buscan v\u00edas para frenar la autoridad comercial de Trump\"}]},{\"@type\":\"WebSite\",\"@id\":\"https:\/\/arg-agro.com.ar\/actualidad\/#website\",\"url\":\"https:\/\/arg-agro.com.ar\/actualidad\/\",\"name\":\"ARG-AGRO Semilleria Venta de Semillas e Insumos para el Agro\",\"description\":\"\",\"publisher\":{\"@id\":\"https:\/\/arg-agro.com.ar\/actualidad\/#organization\"},\"potentialAction\":[{\"@type\":\"SearchAction\",\"target\":{\"@type\":\"EntryPoint\",\"urlTemplate\":\"https:\/\/arg-agro.com.ar\/actualidad\/?s={search_term_string}\"},\"query-input\":{\"@type\":\"PropertyValueSpecification\",\"valueRequired\":true,\"valueName\":\"search_term_string\"}}],\"inLanguage\":\"es\"},{\"@type\":\"Organization\",\"@id\":\"https:\/\/arg-agro.com.ar\/actualidad\/#organization\",\"name\":\"ARG-AGRO Semilleria Venta de Semillas e Insumos para el Agro\",\"url\":\"https:\/\/arg-agro.com.ar\/actualidad\/\",\"logo\":{\"@type\":\"ImageObject\",\"inLanguage\":\"es\",\"@id\":\"https:\/\/arg-agro.com.ar\/actualidad\/#\/schema\/logo\/image\/\",\"url\":\"https:\/\/arg-agro.com.ar\/actualidad\/wp-content\/uploads\/2026\/03\/store_logo.png\",\"contentUrl\":\"https:\/\/arg-agro.com.ar\/actualidad\/wp-content\/uploads\/2026\/03\/store_logo.png\",\"width\":270,\"height\":90,\"caption\":\"ARG-AGRO Semilleria Venta de Semillas e Insumos para el Agro\"},\"image\":{\"@id\":\"https:\/\/arg-agro.com.ar\/actualidad\/#\/schema\/logo\/image\/\"}},{\"@type\":\"Person\",\"@id\":\"https:\/\/arg-agro.com.ar\/actualidad\/#\/schema\/person\/6f778d1f6f2c0c1b373aeda7620b7ce3\",\"name\":\"Tom\u00e1s Echeverr\u00eda\",\"image\":{\"@type\":\"ImageObject\",\"inLanguage\":\"es\",\"@id\":\"https:\/\/arg-agro.com.ar\/actualidad\/#\/schema\/person\/image\/\",\"url\":\"https:\/\/arg-agro.com.ar\/actualidad\/wp-content\/uploads\/2026\/03\/Tomas-Echeverria-150x150.jpg\",\"contentUrl\":\"https:\/\/arg-agro.com.ar\/actualidad\/wp-content\/uploads\/2026\/03\/Tomas-Echeverria-150x150.jpg\",\"caption\":\"Tom\u00e1s Echeverr\u00eda\"},\"description\":\"Tom\u00e1s Echeverr\u00eda es especialista en agricultura y manejo sostenible de suelos, con experiencia en sistemas productivos de Argentina. Investiga la optimizaci\u00f3n del riego, la nutrici\u00f3n de cultivos y la adopci\u00f3n de tecnolog\u00edas de agricultura de precisi\u00f3n para mejorar rendimientos. En Arg-Agro, divulga pr\u00e1cticas basadas en evidencia para una producci\u00f3n eficiente y resiliente.\",\"sameAs\":[\"https:\/\/arg-agro.com.ar\/\"]}]}<\/script>\n<!-- \/ Yoast SEO plugin. -->","yoast_head_json":{"title":"Los dem\u00f3cratas buscan v\u00edas para frenar la autoridad comercial de Trump - ARG-AGRO Semilleria Venta de Semillas e Insumos para el Agro","robots":{"index":"index","follow":"follow","max-snippet":"max-snippet:-1","max-image-preview":"max-image-preview:large","max-video-preview":"max-video-preview:-1"},"canonical":"https:\/\/arg-agro.com.ar\/actualidad\/los-democratas-buscan-vias-para-frenar-la-autoridad-comercial-de-trump\/","og_locale":"es_ES","og_type":"article","og_title":"Los dem\u00f3cratas buscan v\u00edas para frenar la autoridad comercial de Trump - ARG-AGRO Semilleria Venta de Semillas e Insumos para el Agro","og_url":"https:\/\/arg-agro.com.ar\/actualidad\/los-democratas-buscan-vias-para-frenar-la-autoridad-comercial-de-trump\/","og_site_name":"ARG-AGRO Semilleria Venta de Semillas e Insumos para el Agro","article_published_time":"2026-09-02T11:24:11+00:00","article_modified_time":"2026-09-02T11:24:13+00:00","og_image":[{"width":836,"height":627,"url":"https:\/\/arg-agro.com.ar\/actualidad\/wp-content\/uploads\/2026\/09\/Los-democratas-buscan-vias-para-frenar-la-autoridad-comercial-de.jpg","type":"image\/jpeg"}],"author":"Tom\u00e1s Echeverr\u00eda","twitter_card":"summary_large_image","twitter_misc":{"Escrito por":"Tom\u00e1s Echeverr\u00eda","Tiempo de lectura":"7 minutos"},"schema":{"@context":"https:\/\/schema.org","@graph":[{"@type":"NewsArticle","@id":"https:\/\/arg-agro.com.ar\/actualidad\/los-democratas-buscan-vias-para-frenar-la-autoridad-comercial-de-trump\/#article","isPartOf":{"@id":"https:\/\/arg-agro.com.ar\/actualidad\/los-democratas-buscan-vias-para-frenar-la-autoridad-comercial-de-trump\/"},"author":{"name":"Tom\u00e1s Echeverr\u00eda","@id":"https:\/\/arg-agro.com.ar\/actualidad\/#\/schema\/person\/6f778d1f6f2c0c1b373aeda7620b7ce3"},"headline":"Los dem\u00f3cratas buscan v\u00edas para frenar la autoridad comercial de Trump","datePublished":"2026-09-02T11:24:11+00:00","dateModified":"2026-09-02T11:24:13+00:00","mainEntityOfPage":{"@id":"https:\/\/arg-agro.com.ar\/actualidad\/los-democratas-buscan-vias-para-frenar-la-autoridad-comercial-de-trump\/"},"wordCount":1332,"publisher":{"@id":"https:\/\/arg-agro.com.ar\/actualidad\/#organization"},"image":{"@id":"https:\/\/arg-agro.com.ar\/actualidad\/los-democratas-buscan-vias-para-frenar-la-autoridad-comercial-de-trump\/#primaryimage"},"thumbnailUrl":"https:\/\/arg-agro.com.ar\/actualidad\/wp-content\/uploads\/2026\/09\/Los-democratas-buscan-vias-para-frenar-la-autoridad-comercial-de.jpg","keywords":["autoridad","buscan","comercial","dem\u00f3cratas","frenar","los","para","Trump","v\u00edas"],"articleSection":["Actualidad"],"inLanguage":"es"},{"@type":"WebPage","@id":"https:\/\/arg-agro.com.ar\/actualidad\/los-democratas-buscan-vias-para-frenar-la-autoridad-comercial-de-trump\/","url":"https:\/\/arg-agro.com.ar\/actualidad\/los-democratas-buscan-vias-para-frenar-la-autoridad-comercial-de-trump\/","name":"Los dem\u00f3cratas buscan v\u00edas para frenar la autoridad comercial de Trump - ARG-AGRO Semilleria Venta de Semillas e Insumos para el Agro","isPartOf":{"@id":"https:\/\/arg-agro.com.ar\/actualidad\/#website"},"primaryImageOfPage":{"@id":"https:\/\/arg-agro.com.ar\/actualidad\/los-democratas-buscan-vias-para-frenar-la-autoridad-comercial-de-trump\/#primaryimage"},"image":{"@id":"https:\/\/arg-agro.com.ar\/actualidad\/los-democratas-buscan-vias-para-frenar-la-autoridad-comercial-de-trump\/#primaryimage"},"thumbnailUrl":"https:\/\/arg-agro.com.ar\/actualidad\/wp-content\/uploads\/2026\/09\/Los-democratas-buscan-vias-para-frenar-la-autoridad-comercial-de.jpg","datePublished":"2026-09-02T11:24:11+00:00","dateModified":"2026-09-02T11:24:13+00:00","breadcrumb":{"@id":"https:\/\/arg-agro.com.ar\/actualidad\/los-democratas-buscan-vias-para-frenar-la-autoridad-comercial-de-trump\/#breadcrumb"},"inLanguage":"es","potentialAction":[{"@type":"ReadAction","target":["https:\/\/arg-agro.com.ar\/actualidad\/los-democratas-buscan-vias-para-frenar-la-autoridad-comercial-de-trump\/"]}]},{"@type":"ImageObject","inLanguage":"es","@id":"https:\/\/arg-agro.com.ar\/actualidad\/los-democratas-buscan-vias-para-frenar-la-autoridad-comercial-de-trump\/#primaryimage","url":"https:\/\/arg-agro.com.ar\/actualidad\/wp-content\/uploads\/2026\/09\/Los-democratas-buscan-vias-para-frenar-la-autoridad-comercial-de.jpg","contentUrl":"https:\/\/arg-agro.com.ar\/actualidad\/wp-content\/uploads\/2026\/09\/Los-democratas-buscan-vias-para-frenar-la-autoridad-comercial-de.jpg","width":836,"height":627},{"@type":"BreadcrumbList","@id":"https:\/\/arg-agro.com.ar\/actualidad\/los-democratas-buscan-vias-para-frenar-la-autoridad-comercial-de-trump\/#breadcrumb","itemListElement":[{"@type":"ListItem","position":1,"name":"Arg-Agro","item":"https:\/\/arg-agro.com.ar\/actualidad\/"},{"@type":"ListItem","position":2,"name":"Los dem\u00f3cratas buscan v\u00edas para frenar la autoridad comercial de Trump"}]},{"@type":"WebSite","@id":"https:\/\/arg-agro.com.ar\/actualidad\/#website","url":"https:\/\/arg-agro.com.ar\/actualidad\/","name":"ARG-AGRO Semilleria Venta de Semillas e Insumos para el Agro","description":"","publisher":{"@id":"https:\/\/arg-agro.com.ar\/actualidad\/#organization"},"potentialAction":[{"@type":"SearchAction","target":{"@type":"EntryPoint","urlTemplate":"https:\/\/arg-agro.com.ar\/actualidad\/?s={search_term_string}"},"query-input":{"@type":"PropertyValueSpecification","valueRequired":true,"valueName":"search_term_string"}}],"inLanguage":"es"},{"@type":"Organization","@id":"https:\/\/arg-agro.com.ar\/actualidad\/#organization","name":"ARG-AGRO Semilleria Venta de Semillas e Insumos para el Agro","url":"https:\/\/arg-agro.com.ar\/actualidad\/","logo":{"@type":"ImageObject","inLanguage":"es","@id":"https:\/\/arg-agro.com.ar\/actualidad\/#\/schema\/logo\/image\/","url":"https:\/\/arg-agro.com.ar\/actualidad\/wp-content\/uploads\/2026\/03\/store_logo.png","contentUrl":"https:\/\/arg-agro.com.ar\/actualidad\/wp-content\/uploads\/2026\/03\/store_logo.png","width":270,"height":90,"caption":"ARG-AGRO Semilleria Venta de Semillas e Insumos para el Agro"},"image":{"@id":"https:\/\/arg-agro.com.ar\/actualidad\/#\/schema\/logo\/image\/"}},{"@type":"Person","@id":"https:\/\/arg-agro.com.ar\/actualidad\/#\/schema\/person\/6f778d1f6f2c0c1b373aeda7620b7ce3","name":"Tom\u00e1s Echeverr\u00eda","image":{"@type":"ImageObject","inLanguage":"es","@id":"https:\/\/arg-agro.com.ar\/actualidad\/#\/schema\/person\/image\/","url":"https:\/\/arg-agro.com.ar\/actualidad\/wp-content\/uploads\/2026\/03\/Tomas-Echeverria-150x150.jpg","contentUrl":"https:\/\/arg-agro.com.ar\/actualidad\/wp-content\/uploads\/2026\/03\/Tomas-Echeverria-150x150.jpg","caption":"Tom\u00e1s Echeverr\u00eda"},"description":"Tom\u00e1s Echeverr\u00eda es especialista en agricultura y manejo sostenible de suelos, con experiencia en sistemas productivos de Argentina. Investiga la optimizaci\u00f3n del riego, la nutrici\u00f3n de cultivos y la adopci\u00f3n de tecnolog\u00edas de agricultura de precisi\u00f3n para mejorar rendimientos. En Arg-Agro, divulga pr\u00e1cticas basadas en evidencia para una producci\u00f3n eficiente y resiliente.","sameAs":["https:\/\/arg-agro.com.ar\/"]}]}},"_links":{"self":[{"href":"https:\/\/arg-agro.com.ar\/actualidad\/wp-json\/wp\/v2\/posts\/1547","targetHints":{"allow":["GET"]}}],"collection":[{"href":"https:\/\/arg-agro.com.ar\/actualidad\/wp-json\/wp\/v2\/posts"}],"about":[{"href":"https:\/\/arg-agro.com.ar\/actualidad\/wp-json\/wp\/v2\/types\/post"}],"author":[{"embeddable":true,"href":"https:\/\/arg-agro.com.ar\/actualidad\/wp-json\/wp\/v2\/users\/1"}],"replies":[{"embeddable":true,"href":"https:\/\/arg-agro.com.ar\/actualidad\/wp-json\/wp\/v2\/comments?post=1547"}],"version-history":[{"count":1,"href":"https:\/\/arg-agro.com.ar\/actualidad\/wp-json\/wp\/v2\/posts\/1547\/revisions"}],"predecessor-version":[{"id":1549,"href":"https:\/\/arg-agro.com.ar\/actualidad\/wp-json\/wp\/v2\/posts\/1547\/revisions\/1549"}],"wp:featuredmedia":[{"embeddable":true,"href":"https:\/\/arg-agro.com.ar\/actualidad\/wp-json\/wp\/v2\/media\/1548"}],"wp:attachment":[{"href":"https:\/\/arg-agro.com.ar\/actualidad\/wp-json\/wp\/v2\/media?parent=1547"}],"wp:term":[{"taxonomy":"category","embeddable":true,"href":"https:\/\/arg-agro.com.ar\/actualidad\/wp-json\/wp\/v2\/categories?post=1547"}],"curies":[{"name":"wp","href":"https:\/\/api.w.org\/{rel}","templated":true}]}}