{"id":1539,"date":"2026-09-01T18:27:09","date_gmt":"2026-09-01T21:27:09","guid":{"rendered":"https:\/\/arg-agro.com.ar\/actualidad\/opinion-la-agricultura-de-ee-uu-no-aguanta-el-vaiven-de-washington\/"},"modified":"2026-09-01T18:27:10","modified_gmt":"2026-09-01T21:27:10","slug":"opinion-la-agricultura-de-ee-uu-no-aguanta-el-vaiven-de-washington","status":"publish","type":"post","link":"https:\/\/arg-agro.com.ar\/actualidad\/opinion-la-agricultura-de-ee-uu-no-aguanta-el-vaiven-de-washington\/","title":{"rendered":"Opini\u00f3n: la agricultura de EE. UU. no aguanta el vaiv\u00e9n de Washington"},"content":{"rendered":"<p><\/p>\n<div>\n<p>Los agricultores y ganaderos estadounidenses est\u00e1n acostumbrados a gestionar riesgos.<\/p>\n<p>Se enfrentan al clima, a precios de las materias primas vol\u00e1tiles, a enfermedades, a la escasez de mano de obra, a los costos de combustible y a los mercados globales. Lo que no deber\u00edan tener que gestionar es un gobierno federal que cambia las reglas con poco aviso y espera que los productores absorban las consecuencias.<\/p>\n<p>La \u00faltima decisi\u00f3n de la Administraci\u00f3n sobre la importaci\u00f3n de carne de res es un buen ejemplo.<\/p>\n<p>El presidente Trump anunci\u00f3 recientemente planes para eximir de aranceles dentro de cupos por 90 d\u00edas para hasta 300,000 toneladas m\u00e9tricas de recortes magros de carne importada, con la expectativa de que los exportadores extranjeros vendan ese producto por debajo de los precios actuales del mercado.<\/p>\n<p>Para los consumidores frustrados por los precios de la canasta b\u00e1sica, una carne de res m\u00e1s barata puede parecer atractiva. Pero la pol\u00edtica agr\u00edcola no puede juzgarse solo por el anuncio. Debemos preguntarnos qu\u00e9 hace a las personas que producen nuestra comida y si realmente aborda el problema que dice resolver.<\/p>\n<p>Para los productores de ganado, el tiempo es un factor enormemente importante.<\/p>\n<p>Muchas operaciones de vaca y ternero gastan casi todo un a\u00f1o pagando por la alimentaci\u00f3n, el combustible, las cercas, la atenci\u00f3n veterinaria y el equipo antes de vender su cosecha anual de terneros. En Missouri, octubre y noviembre son una parte cr\u00edtica de la llegada de terneros de oto\u00f1o para muchas manadas que dan a luz en primavera.<\/p>\n<p>No hay oportunidad de rehacerlo si Washington interrumpe ese mercado en el momento exacto equivocado. Y esto no es un cambio aislado de pol\u00edtica.<\/p>\n<p>En febrero, la administraci\u00f3n expandi\u00f3 el acceso libre de aranceles para la carne magra argentina en 80.000 toneladas m\u00e9tricas anuales. En mayo, la Casa Blanca propuso suspender los l\u00edmites cuantitativos en el sistema de cupos de aranceles para la carne durante 200 d\u00edas, lo que podr\u00eda haber permitido a socios comerciales elegibles enviar vol\u00famenes ilimitados a tarifas m\u00e1s bajas. Esa acci\u00f3n fue pospuesta posteriormente.<\/p>\n<p>Ahora se presenta otra intervenci\u00f3n propuesta.<\/p>\n<p>Mientras tanto, las importaciones de carne de res a Estados Unidos ya estaban en niveles r\u00e9cord. Durante el primer trimestre de 2026, Estados Unidos import\u00f3 562.000 toneladas m\u00e9tricas de carne y productos c\u00e1rnicos, un 18 por ciento m\u00e1s que el a\u00f1o anterior y un 122 por ciento m\u00e1s respecto a cinco a\u00f1os atr\u00e1s.<\/p>\n<p>El argumento a favor de estas decisiones es que una mayor carne importada reducir\u00e1 los precios para los consumidores. Pero tras la expansi\u00f3n de las importaciones de carne argentina en febrero, los precios minoristas de la carne molida aumentaron en lugar de caer.<\/p>\n<p>Eso deber\u00eda al menos hacer que los responsables de formular pol\u00edticas se pregunten si cambiar la pol\u00edtica de importaci\u00f3n una y otra vez est\u00e1 resolviendo el problema subyacente o simplemente trasladando m\u00e1s riesgos a los productores estadounidenses.<\/p>\n<p>La pregunta llega mucho m\u00e1s all\u00e1 del ganado.<\/p>\n<p>La agricultura funciona con plazos muy largos. Los productores toman decisiones sobre cr\u00eda, siembra, equipamiento, financiaci\u00f3n y tierras mucho antes de saber con certeza c\u00f3mo se ver\u00e1 el mercado cuando su producto est\u00e9 listo para vender.<\/p>\n<p>La pol\u00edtica federal deber\u00eda proporcionar cierta estabilidad alrededor de esas decisiones.<\/p>\n<div class=\"related-content\">\n<section class=\"related-content__articles\">\n<h3 class=\"related-content__articles-title\">Art\u00edculos Relacionados<\/h3>\n<\/section>\n<section class=\"related-content__events\">\n<h3 class=\"related-content__events-title\">Eventos Relacionados<\/h3>\n<\/section>\n<\/div>\n<p>En cambio, cada vez se pide m\u00e1s a los agricultores y ganaderos que planifiquen a\u00f1os por adelantado, mientras Washington gobierna anuncio tras anuncio.<\/p>\n<p>Eso no es una pol\u00edtica agr\u00edcola sostenible.<\/p>\n<p>El Congreso tiene un papel importante aqu\u00ed, y demasiados miembros lo han dejado de lado.<\/p>\n<p>El Congreso no debe servir de coro de aliento para el presidente, independientemente de qu\u00e9 partido controle la Casa Blanca. Los miembros deben ejercer supervisi\u00f3n, examinar decisiones comerciales y defender los intereses econ\u00f3micos de las comunidades que representan.<\/p>\n<p>Algunos republicanos de las zonas ganaderas han hablado en contra de la \u00faltima acci\u00f3n sobre la carne. El congresista de Missouri, Sam Graves, se ha opuesto a ella. Organizaciones agr\u00edcolas como la Missouri Farm Bureau y la Missouri Cattlemen\u2019s Association han manifestado objeciones p\u00fablicamente.<\/p>\n<p>Otros, en cambio, han permanecido notablemente en silencio.<\/p>\n<p>Mi oponente, la congresista Ann Wagner, representa a miles de productores de ganado en el Segundo Distrito de Missouri. Sin embargo, mientras los grupos agr\u00edcolas y miembros de su propio partido han expresado preocupaciones, ella ha permanecido en silencio.<\/p>\n<p>Ese silencio importa, pero el problema es m\u00e1s grande que un solo miembro del Congreso.<\/p>\n<p>Demasiados legisladores han decidido que cuestionar las pol\u00edticas de un presidente de su propio partido es un riesgo pol\u00edtico mayor que permitir que esas pol\u00edticas caigan sobre las personas a las que representan.<\/p>\n<p>La agricultura no puede funcionar as\u00ed. Los agricultores y ganaderos no necesitan que Washington garantice una ganancia. Entienden los mercados y el riesgo mejor de lo que la mayor\u00eda de las personas en el gobierno lo har\u00e1 alguna vez.<\/p>\n<p>Necesitan responsables pol\u00edticos que entiendan que la previsibilidad tiene valor econ\u00f3mico. Necesitan una pol\u00edtica comercial basada en la fortaleza agr\u00edcola estadounidense a largo plazo, no en anuncios pol\u00edticos de corto plazo.<\/p>\n<p>Y necesitan un Congreso dispuesto a ejercer sus responsabilidades constitucionales cuando una Administraci\u00f3n toma decisiones que podr\u00edan perjudicar a los productores nacionales.<\/p>\n<p>La agricultura estadounidense ya es lo suficientemente compleja. Washington deber\u00eda dejar de hacerla m\u00e1s dif\u00edcil.<\/p>\n<p><em>Fred Wellman es el candidato dem\u00f3crata al Congreso en el Segundo Distrito de Missouri.<\/em><\/p>\n<table style=\"width: 100%;\">\n<tbody>\n<tr>\n<td style=\"width: 100%; background-color: rgb(239, 239, 239);\">Para enviar un art\u00edculo de opini\u00f3n, p\u00f3ngase en contacto con la editora en jefe de Agri\u2011Pulse, Sarah Gonzalez. Las colaboraciones de opini\u00f3n deben tener 750 palabras o menos, abordar un tema de pol\u00edtica agr\u00edcola e incluir una foto del autor.<\/td>\n<\/tr>\n<\/tbody>\n<\/table>\n<\/div>\n","protected":false},"excerpt":{"rendered":"","protected":false},"author":1,"featured_media":1540,"comment_status":"closed","ping_status":"closed","sticky":false,"template":"","format":"standard","meta":{"footnotes":""},"categories":[1],"class_list":["post-1539","post","type-post","status-publish","format-standard","has-post-thumbnail","hentry","category-actualidad","generate-columns","tablet-grid-50","mobile-grid-100","grid-parent","grid-50"],"yoast_head":"<!-- This site is optimized with the Yoast SEO plugin v27.0 - https:\/\/yoast.com\/product\/yoast-seo-wordpress\/ -->\n<title>Opini\u00f3n: la agricultura de EE. UU. no aguanta el vaiv\u00e9n de Washington - ARG-AGRO Semilleria Venta de Semillas e Insumos para el Agro<\/title>\n<meta name=\"robots\" content=\"index, follow, max-snippet:-1, max-image-preview:large, max-video-preview:-1\" \/>\n<link rel=\"canonical\" href=\"https:\/\/arg-agro.com.ar\/actualidad\/opinion-la-agricultura-de-ee-uu-no-aguanta-el-vaiven-de-washington\/\" \/>\n<meta property=\"og:locale\" content=\"es_ES\" \/>\n<meta property=\"og:type\" content=\"article\" \/>\n<meta property=\"og:title\" content=\"Opini\u00f3n: la agricultura de EE. UU. no aguanta el vaiv\u00e9n de Washington - ARG-AGRO Semilleria Venta de Semillas e Insumos para el Agro\" \/>\n<meta property=\"og:url\" content=\"https:\/\/arg-agro.com.ar\/actualidad\/opinion-la-agricultura-de-ee-uu-no-aguanta-el-vaiven-de-washington\/\" \/>\n<meta property=\"og:site_name\" content=\"ARG-AGRO Semilleria Venta de Semillas e Insumos para el Agro\" \/>\n<meta property=\"article:published_time\" content=\"2026-09-01T21:27:09+00:00\" \/>\n<meta property=\"article:modified_time\" content=\"2026-09-01T21:27:10+00:00\" \/>\n<meta property=\"og:image\" content=\"https:\/\/arg-agro.com.ar\/actualidad\/wp-content\/uploads\/2026\/09\/Opinion-la-agricultura-de-EE-UU-no-aguanta-el-vaiven.jpeg\" \/>\n\t<meta property=\"og:image:width\" content=\"784\" \/>\n\t<meta property=\"og:image:height\" content=\"635\" \/>\n\t<meta property=\"og:image:type\" content=\"image\/jpeg\" \/>\n<meta name=\"author\" content=\"Tom\u00e1s Echeverr\u00eda\" \/>\n<meta name=\"twitter:card\" content=\"summary_large_image\" \/>\n<meta name=\"twitter:label1\" content=\"Escrito por\" \/>\n\t<meta name=\"twitter:data1\" content=\"Tom\u00e1s Echeverr\u00eda\" \/>\n\t<meta name=\"twitter:label2\" content=\"Tiempo de lectura\" \/>\n\t<meta name=\"twitter:data2\" content=\"5 minutos\" \/>\n<script type=\"application\/ld+json\" class=\"yoast-schema-graph\">{\"@context\":\"https:\/\/schema.org\",\"@graph\":[{\"@type\":\"NewsArticle\",\"@id\":\"https:\/\/arg-agro.com.ar\/actualidad\/opinion-la-agricultura-de-ee-uu-no-aguanta-el-vaiven-de-washington\/#article\",\"isPartOf\":{\"@id\":\"https:\/\/arg-agro.com.ar\/actualidad\/opinion-la-agricultura-de-ee-uu-no-aguanta-el-vaiven-de-washington\/\"},\"author\":{\"name\":\"Tom\u00e1s Echeverr\u00eda\",\"@id\":\"https:\/\/arg-agro.com.ar\/actualidad\/#\/schema\/person\/6f778d1f6f2c0c1b373aeda7620b7ce3\"},\"headline\":\"Opini\u00f3n: la agricultura de EE. UU. no aguanta el vaiv\u00e9n de Washington\",\"datePublished\":\"2026-09-01T21:27:09+00:00\",\"dateModified\":\"2026-09-01T21:27:10+00:00\",\"mainEntityOfPage\":{\"@id\":\"https:\/\/arg-agro.com.ar\/actualidad\/opinion-la-agricultura-de-ee-uu-no-aguanta-el-vaiven-de-washington\/\"},\"wordCount\":1006,\"publisher\":{\"@id\":\"https:\/\/arg-agro.com.ar\/actualidad\/#organization\"},\"image\":{\"@id\":\"https:\/\/arg-agro.com.ar\/actualidad\/opinion-la-agricultura-de-ee-uu-no-aguanta-el-vaiven-de-washington\/#primaryimage\"},\"thumbnailUrl\":\"https:\/\/arg-agro.com.ar\/actualidad\/wp-content\/uploads\/2026\/09\/Opinion-la-agricultura-de-EE-UU-no-aguanta-el-vaiven.jpeg\",\"keywords\":[\"agricultura\",\"aguanta\",\"Opinion\",\"vaiv\u00e9n\",\"Washington\"],\"articleSection\":[\"Actualidad\"],\"inLanguage\":\"es\"},{\"@type\":\"WebPage\",\"@id\":\"https:\/\/arg-agro.com.ar\/actualidad\/opinion-la-agricultura-de-ee-uu-no-aguanta-el-vaiven-de-washington\/\",\"url\":\"https:\/\/arg-agro.com.ar\/actualidad\/opinion-la-agricultura-de-ee-uu-no-aguanta-el-vaiven-de-washington\/\",\"name\":\"Opini\u00f3n: la agricultura de EE. UU. no aguanta el vaiv\u00e9n de Washington - ARG-AGRO Semilleria Venta de Semillas e Insumos para el Agro\",\"isPartOf\":{\"@id\":\"https:\/\/arg-agro.com.ar\/actualidad\/#website\"},\"primaryImageOfPage\":{\"@id\":\"https:\/\/arg-agro.com.ar\/actualidad\/opinion-la-agricultura-de-ee-uu-no-aguanta-el-vaiven-de-washington\/#primaryimage\"},\"image\":{\"@id\":\"https:\/\/arg-agro.com.ar\/actualidad\/opinion-la-agricultura-de-ee-uu-no-aguanta-el-vaiven-de-washington\/#primaryimage\"},\"thumbnailUrl\":\"https:\/\/arg-agro.com.ar\/actualidad\/wp-content\/uploads\/2026\/09\/Opinion-la-agricultura-de-EE-UU-no-aguanta-el-vaiven.jpeg\",\"datePublished\":\"2026-09-01T21:27:09+00:00\",\"dateModified\":\"2026-09-01T21:27:10+00:00\",\"breadcrumb\":{\"@id\":\"https:\/\/arg-agro.com.ar\/actualidad\/opinion-la-agricultura-de-ee-uu-no-aguanta-el-vaiven-de-washington\/#breadcrumb\"},\"inLanguage\":\"es\",\"potentialAction\":[{\"@type\":\"ReadAction\",\"target\":[\"https:\/\/arg-agro.com.ar\/actualidad\/opinion-la-agricultura-de-ee-uu-no-aguanta-el-vaiven-de-washington\/\"]}]},{\"@type\":\"ImageObject\",\"inLanguage\":\"es\",\"@id\":\"https:\/\/arg-agro.com.ar\/actualidad\/opinion-la-agricultura-de-ee-uu-no-aguanta-el-vaiven-de-washington\/#primaryimage\",\"url\":\"https:\/\/arg-agro.com.ar\/actualidad\/wp-content\/uploads\/2026\/09\/Opinion-la-agricultura-de-EE-UU-no-aguanta-el-vaiven.jpeg\",\"contentUrl\":\"https:\/\/arg-agro.com.ar\/actualidad\/wp-content\/uploads\/2026\/09\/Opinion-la-agricultura-de-EE-UU-no-aguanta-el-vaiven.jpeg\",\"width\":784,\"height\":635},{\"@type\":\"BreadcrumbList\",\"@id\":\"https:\/\/arg-agro.com.ar\/actualidad\/opinion-la-agricultura-de-ee-uu-no-aguanta-el-vaiven-de-washington\/#breadcrumb\",\"itemListElement\":[{\"@type\":\"ListItem\",\"position\":1,\"name\":\"Arg-Agro\",\"item\":\"https:\/\/arg-agro.com.ar\/actualidad\/\"},{\"@type\":\"ListItem\",\"position\":2,\"name\":\"Opini\u00f3n: la agricultura de EE. UU. no aguanta el vaiv\u00e9n de Washington\"}]},{\"@type\":\"WebSite\",\"@id\":\"https:\/\/arg-agro.com.ar\/actualidad\/#website\",\"url\":\"https:\/\/arg-agro.com.ar\/actualidad\/\",\"name\":\"ARG-AGRO Semilleria Venta de Semillas e Insumos para el Agro\",\"description\":\"\",\"publisher\":{\"@id\":\"https:\/\/arg-agro.com.ar\/actualidad\/#organization\"},\"potentialAction\":[{\"@type\":\"SearchAction\",\"target\":{\"@type\":\"EntryPoint\",\"urlTemplate\":\"https:\/\/arg-agro.com.ar\/actualidad\/?s={search_term_string}\"},\"query-input\":{\"@type\":\"PropertyValueSpecification\",\"valueRequired\":true,\"valueName\":\"search_term_string\"}}],\"inLanguage\":\"es\"},{\"@type\":\"Organization\",\"@id\":\"https:\/\/arg-agro.com.ar\/actualidad\/#organization\",\"name\":\"ARG-AGRO Semilleria Venta de Semillas e Insumos para el Agro\",\"url\":\"https:\/\/arg-agro.com.ar\/actualidad\/\",\"logo\":{\"@type\":\"ImageObject\",\"inLanguage\":\"es\",\"@id\":\"https:\/\/arg-agro.com.ar\/actualidad\/#\/schema\/logo\/image\/\",\"url\":\"https:\/\/arg-agro.com.ar\/actualidad\/wp-content\/uploads\/2026\/03\/store_logo.png\",\"contentUrl\":\"https:\/\/arg-agro.com.ar\/actualidad\/wp-content\/uploads\/2026\/03\/store_logo.png\",\"width\":270,\"height\":90,\"caption\":\"ARG-AGRO Semilleria Venta de Semillas e Insumos para el Agro\"},\"image\":{\"@id\":\"https:\/\/arg-agro.com.ar\/actualidad\/#\/schema\/logo\/image\/\"}},{\"@type\":\"Person\",\"@id\":\"https:\/\/arg-agro.com.ar\/actualidad\/#\/schema\/person\/6f778d1f6f2c0c1b373aeda7620b7ce3\",\"name\":\"Tom\u00e1s Echeverr\u00eda\",\"image\":{\"@type\":\"ImageObject\",\"inLanguage\":\"es\",\"@id\":\"https:\/\/arg-agro.com.ar\/actualidad\/#\/schema\/person\/image\/\",\"url\":\"https:\/\/arg-agro.com.ar\/actualidad\/wp-content\/uploads\/2026\/03\/Tomas-Echeverria-150x150.jpg\",\"contentUrl\":\"https:\/\/arg-agro.com.ar\/actualidad\/wp-content\/uploads\/2026\/03\/Tomas-Echeverria-150x150.jpg\",\"caption\":\"Tom\u00e1s Echeverr\u00eda\"},\"description\":\"Tom\u00e1s Echeverr\u00eda es especialista en agricultura y manejo sostenible de suelos, con experiencia en sistemas productivos de Argentina. Investiga la optimizaci\u00f3n del riego, la nutrici\u00f3n de cultivos y la adopci\u00f3n de tecnolog\u00edas de agricultura de precisi\u00f3n para mejorar rendimientos. En Arg-Agro, divulga pr\u00e1cticas basadas en evidencia para una producci\u00f3n eficiente y resiliente.\",\"sameAs\":[\"https:\/\/arg-agro.com.ar\/\"]}]}<\/script>\n<!-- \/ Yoast SEO plugin. -->","yoast_head_json":{"title":"Opini\u00f3n: la agricultura de EE. UU. no aguanta el vaiv\u00e9n de Washington - ARG-AGRO Semilleria Venta de Semillas e Insumos para el Agro","robots":{"index":"index","follow":"follow","max-snippet":"max-snippet:-1","max-image-preview":"max-image-preview:large","max-video-preview":"max-video-preview:-1"},"canonical":"https:\/\/arg-agro.com.ar\/actualidad\/opinion-la-agricultura-de-ee-uu-no-aguanta-el-vaiven-de-washington\/","og_locale":"es_ES","og_type":"article","og_title":"Opini\u00f3n: la agricultura de EE. UU. no aguanta el vaiv\u00e9n de Washington - ARG-AGRO Semilleria Venta de Semillas e Insumos para el Agro","og_url":"https:\/\/arg-agro.com.ar\/actualidad\/opinion-la-agricultura-de-ee-uu-no-aguanta-el-vaiven-de-washington\/","og_site_name":"ARG-AGRO Semilleria Venta de Semillas e Insumos para el Agro","article_published_time":"2026-09-01T21:27:09+00:00","article_modified_time":"2026-09-01T21:27:10+00:00","og_image":[{"width":784,"height":635,"url":"https:\/\/arg-agro.com.ar\/actualidad\/wp-content\/uploads\/2026\/09\/Opinion-la-agricultura-de-EE-UU-no-aguanta-el-vaiven.jpeg","type":"image\/jpeg"}],"author":"Tom\u00e1s Echeverr\u00eda","twitter_card":"summary_large_image","twitter_misc":{"Escrito por":"Tom\u00e1s Echeverr\u00eda","Tiempo de lectura":"5 minutos"},"schema":{"@context":"https:\/\/schema.org","@graph":[{"@type":"NewsArticle","@id":"https:\/\/arg-agro.com.ar\/actualidad\/opinion-la-agricultura-de-ee-uu-no-aguanta-el-vaiven-de-washington\/#article","isPartOf":{"@id":"https:\/\/arg-agro.com.ar\/actualidad\/opinion-la-agricultura-de-ee-uu-no-aguanta-el-vaiven-de-washington\/"},"author":{"name":"Tom\u00e1s Echeverr\u00eda","@id":"https:\/\/arg-agro.com.ar\/actualidad\/#\/schema\/person\/6f778d1f6f2c0c1b373aeda7620b7ce3"},"headline":"Opini\u00f3n: la agricultura de EE. UU. no aguanta el vaiv\u00e9n de Washington","datePublished":"2026-09-01T21:27:09+00:00","dateModified":"2026-09-01T21:27:10+00:00","mainEntityOfPage":{"@id":"https:\/\/arg-agro.com.ar\/actualidad\/opinion-la-agricultura-de-ee-uu-no-aguanta-el-vaiven-de-washington\/"},"wordCount":1006,"publisher":{"@id":"https:\/\/arg-agro.com.ar\/actualidad\/#organization"},"image":{"@id":"https:\/\/arg-agro.com.ar\/actualidad\/opinion-la-agricultura-de-ee-uu-no-aguanta-el-vaiven-de-washington\/#primaryimage"},"thumbnailUrl":"https:\/\/arg-agro.com.ar\/actualidad\/wp-content\/uploads\/2026\/09\/Opinion-la-agricultura-de-EE-UU-no-aguanta-el-vaiven.jpeg","keywords":["agricultura","aguanta","Opinion","vaiv\u00e9n","Washington"],"articleSection":["Actualidad"],"inLanguage":"es"},{"@type":"WebPage","@id":"https:\/\/arg-agro.com.ar\/actualidad\/opinion-la-agricultura-de-ee-uu-no-aguanta-el-vaiven-de-washington\/","url":"https:\/\/arg-agro.com.ar\/actualidad\/opinion-la-agricultura-de-ee-uu-no-aguanta-el-vaiven-de-washington\/","name":"Opini\u00f3n: la agricultura de EE. UU. no aguanta el vaiv\u00e9n de Washington - ARG-AGRO Semilleria Venta de Semillas e Insumos para el Agro","isPartOf":{"@id":"https:\/\/arg-agro.com.ar\/actualidad\/#website"},"primaryImageOfPage":{"@id":"https:\/\/arg-agro.com.ar\/actualidad\/opinion-la-agricultura-de-ee-uu-no-aguanta-el-vaiven-de-washington\/#primaryimage"},"image":{"@id":"https:\/\/arg-agro.com.ar\/actualidad\/opinion-la-agricultura-de-ee-uu-no-aguanta-el-vaiven-de-washington\/#primaryimage"},"thumbnailUrl":"https:\/\/arg-agro.com.ar\/actualidad\/wp-content\/uploads\/2026\/09\/Opinion-la-agricultura-de-EE-UU-no-aguanta-el-vaiven.jpeg","datePublished":"2026-09-01T21:27:09+00:00","dateModified":"2026-09-01T21:27:10+00:00","breadcrumb":{"@id":"https:\/\/arg-agro.com.ar\/actualidad\/opinion-la-agricultura-de-ee-uu-no-aguanta-el-vaiven-de-washington\/#breadcrumb"},"inLanguage":"es","potentialAction":[{"@type":"ReadAction","target":["https:\/\/arg-agro.com.ar\/actualidad\/opinion-la-agricultura-de-ee-uu-no-aguanta-el-vaiven-de-washington\/"]}]},{"@type":"ImageObject","inLanguage":"es","@id":"https:\/\/arg-agro.com.ar\/actualidad\/opinion-la-agricultura-de-ee-uu-no-aguanta-el-vaiven-de-washington\/#primaryimage","url":"https:\/\/arg-agro.com.ar\/actualidad\/wp-content\/uploads\/2026\/09\/Opinion-la-agricultura-de-EE-UU-no-aguanta-el-vaiven.jpeg","contentUrl":"https:\/\/arg-agro.com.ar\/actualidad\/wp-content\/uploads\/2026\/09\/Opinion-la-agricultura-de-EE-UU-no-aguanta-el-vaiven.jpeg","width":784,"height":635},{"@type":"BreadcrumbList","@id":"https:\/\/arg-agro.com.ar\/actualidad\/opinion-la-agricultura-de-ee-uu-no-aguanta-el-vaiven-de-washington\/#breadcrumb","itemListElement":[{"@type":"ListItem","position":1,"name":"Arg-Agro","item":"https:\/\/arg-agro.com.ar\/actualidad\/"},{"@type":"ListItem","position":2,"name":"Opini\u00f3n: la agricultura de EE. UU. no aguanta el vaiv\u00e9n de Washington"}]},{"@type":"WebSite","@id":"https:\/\/arg-agro.com.ar\/actualidad\/#website","url":"https:\/\/arg-agro.com.ar\/actualidad\/","name":"ARG-AGRO Semilleria Venta de Semillas e Insumos para el Agro","description":"","publisher":{"@id":"https:\/\/arg-agro.com.ar\/actualidad\/#organization"},"potentialAction":[{"@type":"SearchAction","target":{"@type":"EntryPoint","urlTemplate":"https:\/\/arg-agro.com.ar\/actualidad\/?s={search_term_string}"},"query-input":{"@type":"PropertyValueSpecification","valueRequired":true,"valueName":"search_term_string"}}],"inLanguage":"es"},{"@type":"Organization","@id":"https:\/\/arg-agro.com.ar\/actualidad\/#organization","name":"ARG-AGRO Semilleria Venta de Semillas e Insumos para el Agro","url":"https:\/\/arg-agro.com.ar\/actualidad\/","logo":{"@type":"ImageObject","inLanguage":"es","@id":"https:\/\/arg-agro.com.ar\/actualidad\/#\/schema\/logo\/image\/","url":"https:\/\/arg-agro.com.ar\/actualidad\/wp-content\/uploads\/2026\/03\/store_logo.png","contentUrl":"https:\/\/arg-agro.com.ar\/actualidad\/wp-content\/uploads\/2026\/03\/store_logo.png","width":270,"height":90,"caption":"ARG-AGRO Semilleria Venta de Semillas e Insumos para el Agro"},"image":{"@id":"https:\/\/arg-agro.com.ar\/actualidad\/#\/schema\/logo\/image\/"}},{"@type":"Person","@id":"https:\/\/arg-agro.com.ar\/actualidad\/#\/schema\/person\/6f778d1f6f2c0c1b373aeda7620b7ce3","name":"Tom\u00e1s Echeverr\u00eda","image":{"@type":"ImageObject","inLanguage":"es","@id":"https:\/\/arg-agro.com.ar\/actualidad\/#\/schema\/person\/image\/","url":"https:\/\/arg-agro.com.ar\/actualidad\/wp-content\/uploads\/2026\/03\/Tomas-Echeverria-150x150.jpg","contentUrl":"https:\/\/arg-agro.com.ar\/actualidad\/wp-content\/uploads\/2026\/03\/Tomas-Echeverria-150x150.jpg","caption":"Tom\u00e1s Echeverr\u00eda"},"description":"Tom\u00e1s Echeverr\u00eda es especialista en agricultura y manejo sostenible de suelos, con experiencia en sistemas productivos de Argentina. Investiga la optimizaci\u00f3n del riego, la nutrici\u00f3n de cultivos y la adopci\u00f3n de tecnolog\u00edas de agricultura de precisi\u00f3n para mejorar rendimientos. En Arg-Agro, divulga pr\u00e1cticas basadas en evidencia para una producci\u00f3n eficiente y resiliente.","sameAs":["https:\/\/arg-agro.com.ar\/"]}]}},"_links":{"self":[{"href":"https:\/\/arg-agro.com.ar\/actualidad\/wp-json\/wp\/v2\/posts\/1539","targetHints":{"allow":["GET"]}}],"collection":[{"href":"https:\/\/arg-agro.com.ar\/actualidad\/wp-json\/wp\/v2\/posts"}],"about":[{"href":"https:\/\/arg-agro.com.ar\/actualidad\/wp-json\/wp\/v2\/types\/post"}],"author":[{"embeddable":true,"href":"https:\/\/arg-agro.com.ar\/actualidad\/wp-json\/wp\/v2\/users\/1"}],"replies":[{"embeddable":true,"href":"https:\/\/arg-agro.com.ar\/actualidad\/wp-json\/wp\/v2\/comments?post=1539"}],"version-history":[{"count":1,"href":"https:\/\/arg-agro.com.ar\/actualidad\/wp-json\/wp\/v2\/posts\/1539\/revisions"}],"predecessor-version":[{"id":1541,"href":"https:\/\/arg-agro.com.ar\/actualidad\/wp-json\/wp\/v2\/posts\/1539\/revisions\/1541"}],"wp:featuredmedia":[{"embeddable":true,"href":"https:\/\/arg-agro.com.ar\/actualidad\/wp-json\/wp\/v2\/media\/1540"}],"wp:attachment":[{"href":"https:\/\/arg-agro.com.ar\/actualidad\/wp-json\/wp\/v2\/media?parent=1539"}],"wp:term":[{"taxonomy":"category","embeddable":true,"href":"https:\/\/arg-agro.com.ar\/actualidad\/wp-json\/wp\/v2\/categories?post=1539"}],"curies":[{"name":"wp","href":"https:\/\/api.w.org\/{rel}","templated":true}]}}