{"id":1526,"date":"2026-08-31T15:25:02","date_gmt":"2026-08-31T18:25:02","guid":{"rendered":"https:\/\/arg-agro.com.ar\/actualidad\/amanecer-28-de-agosto-senador-de-iowa-se-une-a-grupos-agricolas-y-de-biocombustibles-para-oponerse-a-la-expansion-de-las-sres\/"},"modified":"2026-08-31T15:25:03","modified_gmt":"2026-08-31T18:25:03","slug":"amanecer-28-de-agosto-senador-de-iowa-se-une-a-grupos-agricolas-y-de-biocombustibles-para-oponerse-a-la-expansion-de-las-sres","status":"publish","type":"post","link":"https:\/\/arg-agro.com.ar\/actualidad\/amanecer-28-de-agosto-senador-de-iowa-se-une-a-grupos-agricolas-y-de-biocombustibles-para-oponerse-a-la-expansion-de-las-sres\/","title":{"rendered":"Amanecer, 28 de agosto: senador de Iowa se une a grupos agr\u00edcolas y de biocombustibles para oponerse a la expansi\u00f3n de las SREs"},"content":{"rendered":"<p><\/p>\n<div>\n<p>La senadora Joni Ernst, republicana de Iowa, advirti\u00f3 el jueves a la administraci\u00f3n de Trump contra aumentar el uso de exenciones para peque\u00f1as refiner\u00edas en las reglas de mezcla de biocombustibles bajo la Norma de Combustible Renovable, uni\u00e9ndose a varios grupos agr\u00edcolas y de biocombustibles que alertan sobre tales cambios.<\/p>\n<p>En una publicaci\u00f3n en X, Ernst afirm\u00f3 que las exenciones \u00abahogar\u00e1n la demanda del ma\u00edz y la soja de Iowa, al tiempo que enriquecen a las refiner\u00edas que ya obtienen ganancias r\u00e9cord\u201d.<\/p>\n<p>\u00abNo se bajar\u00e1n los precios de la gasolina retirando el biocombustible hecho en Estados Unidos del mercado,\u201d escribi\u00f3.<\/p>\n<p><strong>Tomar nota:<\/strong> La especulaci\u00f3n en el mercado de materias primas agr\u00edcolas es que la administraci\u00f3n de Trump podr\u00eda emitir retroactivamente m\u00e1s exenciones para refiner\u00edas peque\u00f1as (SREs) para 2025 de lo que se indic\u00f3 anteriormente. Grupos agr\u00edcolas y de biocombustibles han expresado su preocupaci\u00f3n de que tal medida minar\u00eda las cuotas de mezcla de biocombustibles para 2026-27, hist\u00f3ricamente altas, finalizadas por la EPA en marzo.<\/p>\n<p><strong>Del otro lado:<\/strong> Una declaraci\u00f3n de la Fueling American Jobs Coalition, un grupo de trabajadores sindicalizados y refiner\u00edas de petr\u00f3leo estadounidenses independientes, advirti\u00f3 que posibles escaseces de cr\u00e9ditos RIN derivados de mandatos m\u00e1s altos y vol\u00famenes de exenciones reasignados podr\u00edan obligar a las refiner\u00edas a \u201cproducir menos combustible, reduciendo a\u00fan m\u00e1s las existencias y elevando los precios de los combustibles.\u201d<\/p>\n<p>\u00abLos responsables de las pol\u00edticas no pueden centrarse solo en aumentar la demanda de soja mientras ignoran el impacto de precios m\u00e1s altos del di\u00e9sel en los agricultores, que dependen del combustible para sembrar, cosechar y transportar sus cultivos,\u201d dec\u00eda la declaraci\u00f3n. \u00abSi mandatos poco realistas y escasez de cr\u00e9ditos constri\u00f1en a\u00fan m\u00e1s el suministro de combustible, las personas que dependen de un combustible fiable para sembrar, cosechar y mover mercanc\u00edas por todo el pa\u00eds enfrentar\u00e1n las consecuencias.\u00a0<\/p>\n<p>Lee nuestra historia sobre estos desarrollos.<\/p>\n<p><strong>Canad\u00e1 elimina la tasa al marisco; la Casa Blanca intensifica la represalia<\/strong><\/p>\n<p>El gobierno de Canad\u00e1 decidi\u00f3 el jueves eliminar el arancel del 25% sobre los productos pesqueros de Estados Unidos \u2014at\u00fan, arenque, salmonidae, langosta y mejillones, entre otros\u2014, menos de 48 horas despu\u00e9s de anunciar sus grav\u00e1menes de represalia.<\/p>\n<p>\u00abEn base a los comentarios recibidos, hemos realizado ajustes selectivos para protegerse contra da\u00f1os econ\u00f3micos m\u00e1s amplios, incluida la eliminaci\u00f3n de productos marinos y pescado de nuestra lista de contrartarifas, manteniendo una respuesta d\u00f3lar por d\u00f3lar y tasa por tasa frente a los productos estadounidenses\u00bb, dijo el Departamento de Finanzas de Canad\u00e1 en X.<\/p>\n<p>\u00abLo que habr\u00eda ocurrido si eso se manten\u00eda en vigor es que las langostas que intentaran cruzar la frontera \u2026 ser\u00edan golpeadas con un arancel del 25%. Por lo tanto, las empresas canadienses no las comprar\u00edan en absoluto, y tendr\u00edan que despedir a trabajadores o cerrar sus plantas porque no hay cantidad de langostas que lleguen a las costas de Canad\u00e1 en este momento porque sus temporadas est\u00e1n cerradas\u00bb, dijo Justin Maderia.<\/p>\n<p>La guerra comercial con Canad\u00e1 llega cuando el presidente Donald Trump firm\u00f3 el jueves una orden ejecutiva que renombra el lago Ontario como Lago Am\u00e9rica.<\/p>\n<p><strong>Dem\u00f3cratas buscan revertir la autoridad arancelaria de la Gran Depresi\u00f3n<\/strong><\/p>\n<p>Los senadores Peter Welch, D-Vt., y Kirsten Gillibrand, D-N.Y., y el representante Brad Schneider, D-Ill., presentaron el jueves un proyecto de ley bicameral que derogar\u00eda la Secci\u00f3n 338 de una ley comercial de 1930. La administraci\u00f3n Trump utiliz\u00f3 la Secci\u00f3n 338 para imponer un arancel del 50% a 20 mil millones de d\u00f3lares en productos canadienses.<\/p>\n<p>\u00abNing\u00fan bien traer\u00e1 esta guerra comercial con Canad\u00e1\u00bb, dijo Welch en un comunicado. \u00abImponer aranceles intermitentes es lo contrario de c\u00f3mo deber\u00edamos tratar a nuestros estrechos amigos y aliados de toda la vida\u00bb.<\/p>\n<p>El proyecto recibe el nombre de BAD DEAL Act, o la Ley para Prohibir Deberes Anticuados y Entregar Aranceles Americanos Equitativos.<\/p>\n<p><strong>Figures presenta un proyecto de ley para detener las importaciones de carne molida extranjera<\/strong><\/p>\n<p>La representante Shomari C. Figures, D-Ala., present\u00f3 el jueves un proyecto de ley que revocar\u00ed\u00ada la proclamaci\u00f3n de Trump que permitir\u00eda la entrada de hasta 300.000 toneladas m\u00e9tricas de carne molida en la cuota de EE. UU. durante 90 d\u00edas. La carne se vender\u00e1 un 25% por debajo del valor de mercado. Figures calific\u00f3 la proclamaci\u00f3n como una \u201cante una bofetada a los ganaderos que trabajan duro\u201d en un comunicado de prensa.<\/p>\n<p>\u00abLa decisi\u00f3n de Trump de traer carne extranjera notablemente por debajo del valor de mercado no pone a los granjeros estadounidenses en primer lugar y demuestra una falta de cuidado alarmante y una desconexi\u00f3n con lo que los agricultores est\u00e1n experimentando debido a sus pol\u00edticas\u00bb, dijo.<\/p>\n<p>Vea nuestra historia aqu\u00ed.<\/p>\n<p><strong>APHIS desregula una variedad de casta\u00f1o americano gen\u00e9ticamente modificada<\/strong><\/p>\n<p>El Servicio de Inspecci\u00f3n de Salud Animal y Vegetal (APHIS) permitir\u00e1 a una universidad de Nueva York introducir una variedad de casta\u00f1o americano gen\u00e9ticamente modificada para tolerar mejor una enfermedad que ha aniquilado miles de millones de \u00e1rboles de casta\u00f1o en el \u00faltimo siglo.<\/p>\n<p>El APHIS anunci\u00f3 el jueves que desregulaba Darling 54, una variedad de casta\u00f1o americano gen\u00e9ticamente modificada desarrollada por la College of Environmental Science and Forestry de la State University of New York, con una mayor resistencia al pat\u00f3geno f\u00fangico Cryphonectria parasitica. Un documento del Servicio Forestal indica que la enfermedad ha matado alrededor de 4 mil millones de \u00e1rboles dominantes y codominantes.<\/p>\n<p><strong>Pero, pero, pero:<\/strong> Aunque la nueva variedad ofrece esperanza para el futuro del Casta\u00f1o Americano, no est\u00e1 exenta de controversia. The American Chestnut Foundation, que en su d\u00eda respald\u00f3 el proyecto del casta\u00f1o transg\u00e9nico Darling, retir\u00f3 ese apoyo en 2023 por preocupaciones sobre los planes de comercializaci\u00f3n de la universidad para el \u00e1rbol y por un fallo que llev\u00f3 a un etiquetado err\u00f3neo entre variedades.<\/p>\n<p>Adem\u00e1s, el Global Justice Ecology Project emiti\u00f3 un comunicado el jueves advirtiendo que una planta modificada gen\u00e9ticamente \u201cnunca antes\u201d hab\u00eda sido liberada en la naturaleza \u201ccon la intenci\u00f3n de contaminar a sus parientes silvestres con rasgos de GE \u2026 Esta decisi\u00f3n marca el inicio de un experimento peligroso e irreversible con nuestros bosques silvestres,\u201d dec\u00eda el comunicado.<\/p>\n<p><strong>La FDA emite actualizaci\u00f3n sobre brote de cyclospora<\/strong><\/p>\n<p>La FDA afirma que \u00abse mantiene confiada\u00bb de que toda la lechuga iceberg retirada relacionada con el brote multistado de cyclospora ya no est\u00e1 en el mercado.<\/p>\n<p>En una actualizaci\u00f3n, la FDA dijo que el conteo total de casos asociados con el brote es de 11.458 enfermedades reportadas en 20 estados. Desde la \u00faltima actualizaci\u00f3n, se han a\u00f1adido tres estados: Georgia, Tennessee y Texas.<\/p>\n<p>\u00abEl brote incluye a personas que reportaron exposici\u00f3n a lechuga iceberg procesada de Taylor Farms de M\u00e9xico servida o comprada en varios lugares, incluidas personas que previamente informaron haber comido en Taco Bell\u00bb, se\u00f1al\u00f3 la FDA. La mayor\u00eda de las enfermedades comenzaron antes de que Taylor Farms retirara su producto mexicano el 17 de julio.<\/p>\n<p>\u00abLas inspecciones en el lugar y el muestreo de la FDA en los cultivadores de lechuga iceberg y la planta de procesamiento en M\u00e9xico, en coordinaci\u00f3n con las autoridades mexicanas, contin\u00faan\u00bb, dijo la agencia el jueves.<\/p>\n<p><strong>Palabra final<\/strong><\/p>\n<p>\u00abSolicitamos respetuosamente a su administraci\u00f3n que implemente la regla final de acuerdo con las propias hip\u00f3tesis de la EPA y rechace las propuestas de incrementar las exenciones SRE m\u00e1s all\u00e1 de los niveles en la Set 2 RVO final, proteja a los agricultores y comunidades rurales que dependen de vol\u00famenes s\u00f3lidos de RFS para impulsar los mercados de materias primas, tomen medidas para reducir los precios en la gasolinera y preserven la seguridad energ\u00e9tica nacional con la producci\u00f3n estadounidense de biocombustibles\u00bb. \u2014 De una carta al presidente Donald Trump firmada por empresas y asociaciones que instan a que \u201cmantengan las exenciones SRE concedidas de acuerdo con el nivel proyectado de vol\u00famenes exentos que la EPA utiliz\u00f3 para establecer la estructura del programa actual en el Set 2 RVO final, con la redistribuci\u00f3n de los galones exentos en 2026 y 2027.\u201d V\u00e9ase la historia aqu\u00ed.<\/p>\n<p><em>Olivia Bridges y Noah Wicks contribuyeron al Daybreak de hoy<\/em><\/p>\n<\/div>\n","protected":false},"excerpt":{"rendered":"","protected":false},"author":1,"featured_media":1527,"comment_status":"closed","ping_status":"closed","sticky":false,"template":"","format":"standard","meta":{"footnotes":""},"categories":[1],"class_list":["post-1526","post","type-post","status-publish","format-standard","has-post-thumbnail","hentry","category-actualidad","generate-columns","tablet-grid-50","mobile-grid-100","grid-parent","grid-50"],"yoast_head":"<!-- This site is optimized with the Yoast SEO plugin v27.0 - https:\/\/yoast.com\/product\/yoast-seo-wordpress\/ -->\n<title>Amanecer, 28 de agosto: senador de Iowa se une a grupos agr\u00edcolas y de biocombustibles para oponerse a la expansi\u00f3n de las SREs - ARG-AGRO Semilleria Venta de Semillas e Insumos para el Agro<\/title>\n<meta name=\"robots\" content=\"index, follow, max-snippet:-1, max-image-preview:large, max-video-preview:-1\" \/>\n<link rel=\"canonical\" href=\"https:\/\/arg-agro.com.ar\/actualidad\/amanecer-28-de-agosto-senador-de-iowa-se-une-a-grupos-agricolas-y-de-biocombustibles-para-oponerse-a-la-expansion-de-las-sres\/\" \/>\n<meta property=\"og:locale\" content=\"es_ES\" \/>\n<meta property=\"og:type\" content=\"article\" \/>\n<meta property=\"og:title\" content=\"Amanecer, 28 de agosto: senador de Iowa se une a grupos agr\u00edcolas y de biocombustibles para oponerse a la expansi\u00f3n de las SREs - ARG-AGRO Semilleria Venta de Semillas e Insumos para el Agro\" \/>\n<meta property=\"og:url\" content=\"https:\/\/arg-agro.com.ar\/actualidad\/amanecer-28-de-agosto-senador-de-iowa-se-une-a-grupos-agricolas-y-de-biocombustibles-para-oponerse-a-la-expansion-de-las-sres\/\" \/>\n<meta property=\"og:site_name\" content=\"ARG-AGRO Semilleria Venta de Semillas e Insumos para el Agro\" \/>\n<meta property=\"article:published_time\" content=\"2026-08-31T18:25:02+00:00\" \/>\n<meta property=\"article:modified_time\" content=\"2026-08-31T18:25:03+00:00\" \/>\n<meta property=\"og:image\" content=\"https:\/\/arg-agro.com.ar\/actualidad\/wp-content\/uploads\/2026\/08\/Amanecer-28-de-agosto-senador-de-Iowa-se-une-a.jpg\" \/>\n\t<meta property=\"og:image:width\" content=\"836\" \/>\n\t<meta property=\"og:image:height\" content=\"627\" \/>\n\t<meta property=\"og:image:type\" content=\"image\/jpeg\" \/>\n<meta name=\"author\" content=\"Tom\u00e1s Echeverr\u00eda\" \/>\n<meta name=\"twitter:card\" content=\"summary_large_image\" \/>\n<meta name=\"twitter:label1\" content=\"Escrito por\" \/>\n\t<meta name=\"twitter:data1\" content=\"Tom\u00e1s Echeverr\u00eda\" \/>\n\t<meta name=\"twitter:label2\" content=\"Tiempo de lectura\" \/>\n\t<meta name=\"twitter:data2\" content=\"7 minutos\" \/>\n<script type=\"application\/ld+json\" class=\"yoast-schema-graph\">{\"@context\":\"https:\/\/schema.org\",\"@graph\":[{\"@type\":\"NewsArticle\",\"@id\":\"https:\/\/arg-agro.com.ar\/actualidad\/amanecer-28-de-agosto-senador-de-iowa-se-une-a-grupos-agricolas-y-de-biocombustibles-para-oponerse-a-la-expansion-de-las-sres\/#article\",\"isPartOf\":{\"@id\":\"https:\/\/arg-agro.com.ar\/actualidad\/amanecer-28-de-agosto-senador-de-iowa-se-une-a-grupos-agricolas-y-de-biocombustibles-para-oponerse-a-la-expansion-de-las-sres\/\"},\"author\":{\"name\":\"Tom\u00e1s Echeverr\u00eda\",\"@id\":\"https:\/\/arg-agro.com.ar\/actualidad\/#\/schema\/person\/6f778d1f6f2c0c1b373aeda7620b7ce3\"},\"headline\":\"Amanecer, 28 de agosto: senador de Iowa se une a grupos agr\u00edcolas y de biocombustibles para oponerse a la expansi\u00f3n de las SREs\",\"datePublished\":\"2026-08-31T18:25:02+00:00\",\"dateModified\":\"2026-08-31T18:25:03+00:00\",\"mainEntityOfPage\":{\"@id\":\"https:\/\/arg-agro.com.ar\/actualidad\/amanecer-28-de-agosto-senador-de-iowa-se-une-a-grupos-agricolas-y-de-biocombustibles-para-oponerse-a-la-expansion-de-las-sres\/\"},\"wordCount\":1444,\"publisher\":{\"@id\":\"https:\/\/arg-agro.com.ar\/actualidad\/#organization\"},\"image\":{\"@id\":\"https:\/\/arg-agro.com.ar\/actualidad\/amanecer-28-de-agosto-senador-de-iowa-se-une-a-grupos-agricolas-y-de-biocombustibles-para-oponerse-a-la-expansion-de-las-sres\/#primaryimage\"},\"thumbnailUrl\":\"https:\/\/arg-agro.com.ar\/actualidad\/wp-content\/uploads\/2026\/08\/Amanecer-28-de-agosto-senador-de-Iowa-se-une-a.jpg\",\"keywords\":[\"agosto\",\"agr\u00edcolas\",\"Amanecer\",\"biocombustibles\",\"expansi\u00f3n\",\"Grupos\",\"Iowa\",\"las\",\"oponerse\",\"para\",\"senador\",\"SREs\",\"une\"],\"articleSection\":[\"Actualidad\"],\"inLanguage\":\"es\"},{\"@type\":\"WebPage\",\"@id\":\"https:\/\/arg-agro.com.ar\/actualidad\/amanecer-28-de-agosto-senador-de-iowa-se-une-a-grupos-agricolas-y-de-biocombustibles-para-oponerse-a-la-expansion-de-las-sres\/\",\"url\":\"https:\/\/arg-agro.com.ar\/actualidad\/amanecer-28-de-agosto-senador-de-iowa-se-une-a-grupos-agricolas-y-de-biocombustibles-para-oponerse-a-la-expansion-de-las-sres\/\",\"name\":\"Amanecer, 28 de agosto: senador de Iowa se une a grupos agr\u00edcolas y de biocombustibles para oponerse a la expansi\u00f3n de las SREs - ARG-AGRO Semilleria Venta de Semillas e Insumos para el Agro\",\"isPartOf\":{\"@id\":\"https:\/\/arg-agro.com.ar\/actualidad\/#website\"},\"primaryImageOfPage\":{\"@id\":\"https:\/\/arg-agro.com.ar\/actualidad\/amanecer-28-de-agosto-senador-de-iowa-se-une-a-grupos-agricolas-y-de-biocombustibles-para-oponerse-a-la-expansion-de-las-sres\/#primaryimage\"},\"image\":{\"@id\":\"https:\/\/arg-agro.com.ar\/actualidad\/amanecer-28-de-agosto-senador-de-iowa-se-une-a-grupos-agricolas-y-de-biocombustibles-para-oponerse-a-la-expansion-de-las-sres\/#primaryimage\"},\"thumbnailUrl\":\"https:\/\/arg-agro.com.ar\/actualidad\/wp-content\/uploads\/2026\/08\/Amanecer-28-de-agosto-senador-de-Iowa-se-une-a.jpg\",\"datePublished\":\"2026-08-31T18:25:02+00:00\",\"dateModified\":\"2026-08-31T18:25:03+00:00\",\"breadcrumb\":{\"@id\":\"https:\/\/arg-agro.com.ar\/actualidad\/amanecer-28-de-agosto-senador-de-iowa-se-une-a-grupos-agricolas-y-de-biocombustibles-para-oponerse-a-la-expansion-de-las-sres\/#breadcrumb\"},\"inLanguage\":\"es\",\"potentialAction\":[{\"@type\":\"ReadAction\",\"target\":[\"https:\/\/arg-agro.com.ar\/actualidad\/amanecer-28-de-agosto-senador-de-iowa-se-une-a-grupos-agricolas-y-de-biocombustibles-para-oponerse-a-la-expansion-de-las-sres\/\"]}]},{\"@type\":\"ImageObject\",\"inLanguage\":\"es\",\"@id\":\"https:\/\/arg-agro.com.ar\/actualidad\/amanecer-28-de-agosto-senador-de-iowa-se-une-a-grupos-agricolas-y-de-biocombustibles-para-oponerse-a-la-expansion-de-las-sres\/#primaryimage\",\"url\":\"https:\/\/arg-agro.com.ar\/actualidad\/wp-content\/uploads\/2026\/08\/Amanecer-28-de-agosto-senador-de-Iowa-se-une-a.jpg\",\"contentUrl\":\"https:\/\/arg-agro.com.ar\/actualidad\/wp-content\/uploads\/2026\/08\/Amanecer-28-de-agosto-senador-de-Iowa-se-une-a.jpg\",\"width\":836,\"height\":627},{\"@type\":\"BreadcrumbList\",\"@id\":\"https:\/\/arg-agro.com.ar\/actualidad\/amanecer-28-de-agosto-senador-de-iowa-se-une-a-grupos-agricolas-y-de-biocombustibles-para-oponerse-a-la-expansion-de-las-sres\/#breadcrumb\",\"itemListElement\":[{\"@type\":\"ListItem\",\"position\":1,\"name\":\"Arg-Agro\",\"item\":\"https:\/\/arg-agro.com.ar\/actualidad\/\"},{\"@type\":\"ListItem\",\"position\":2,\"name\":\"Amanecer, 28 de agosto: senador de Iowa se une a grupos agr\u00edcolas y de biocombustibles para oponerse a la expansi\u00f3n de las SREs\"}]},{\"@type\":\"WebSite\",\"@id\":\"https:\/\/arg-agro.com.ar\/actualidad\/#website\",\"url\":\"https:\/\/arg-agro.com.ar\/actualidad\/\",\"name\":\"ARG-AGRO Semilleria Venta de Semillas e Insumos para el Agro\",\"description\":\"\",\"publisher\":{\"@id\":\"https:\/\/arg-agro.com.ar\/actualidad\/#organization\"},\"potentialAction\":[{\"@type\":\"SearchAction\",\"target\":{\"@type\":\"EntryPoint\",\"urlTemplate\":\"https:\/\/arg-agro.com.ar\/actualidad\/?s={search_term_string}\"},\"query-input\":{\"@type\":\"PropertyValueSpecification\",\"valueRequired\":true,\"valueName\":\"search_term_string\"}}],\"inLanguage\":\"es\"},{\"@type\":\"Organization\",\"@id\":\"https:\/\/arg-agro.com.ar\/actualidad\/#organization\",\"name\":\"ARG-AGRO Semilleria Venta de Semillas e Insumos para el Agro\",\"url\":\"https:\/\/arg-agro.com.ar\/actualidad\/\",\"logo\":{\"@type\":\"ImageObject\",\"inLanguage\":\"es\",\"@id\":\"https:\/\/arg-agro.com.ar\/actualidad\/#\/schema\/logo\/image\/\",\"url\":\"https:\/\/arg-agro.com.ar\/actualidad\/wp-content\/uploads\/2026\/03\/store_logo.png\",\"contentUrl\":\"https:\/\/arg-agro.com.ar\/actualidad\/wp-content\/uploads\/2026\/03\/store_logo.png\",\"width\":270,\"height\":90,\"caption\":\"ARG-AGRO Semilleria Venta de Semillas e Insumos para el Agro\"},\"image\":{\"@id\":\"https:\/\/arg-agro.com.ar\/actualidad\/#\/schema\/logo\/image\/\"}},{\"@type\":\"Person\",\"@id\":\"https:\/\/arg-agro.com.ar\/actualidad\/#\/schema\/person\/6f778d1f6f2c0c1b373aeda7620b7ce3\",\"name\":\"Tom\u00e1s Echeverr\u00eda\",\"image\":{\"@type\":\"ImageObject\",\"inLanguage\":\"es\",\"@id\":\"https:\/\/arg-agro.com.ar\/actualidad\/#\/schema\/person\/image\/\",\"url\":\"https:\/\/arg-agro.com.ar\/actualidad\/wp-content\/uploads\/2026\/03\/Tomas-Echeverria-150x150.jpg\",\"contentUrl\":\"https:\/\/arg-agro.com.ar\/actualidad\/wp-content\/uploads\/2026\/03\/Tomas-Echeverria-150x150.jpg\",\"caption\":\"Tom\u00e1s Echeverr\u00eda\"},\"description\":\"Tom\u00e1s Echeverr\u00eda es especialista en agricultura y manejo sostenible de suelos, con experiencia en sistemas productivos de Argentina. Investiga la optimizaci\u00f3n del riego, la nutrici\u00f3n de cultivos y la adopci\u00f3n de tecnolog\u00edas de agricultura de precisi\u00f3n para mejorar rendimientos. En Arg-Agro, divulga pr\u00e1cticas basadas en evidencia para una producci\u00f3n eficiente y resiliente.\",\"sameAs\":[\"https:\/\/arg-agro.com.ar\/\"]}]}<\/script>\n<!-- \/ Yoast SEO plugin. -->","yoast_head_json":{"title":"Amanecer, 28 de agosto: senador de Iowa se une a grupos agr\u00edcolas y de biocombustibles para oponerse a la expansi\u00f3n de las SREs - ARG-AGRO Semilleria Venta de Semillas e Insumos para el Agro","robots":{"index":"index","follow":"follow","max-snippet":"max-snippet:-1","max-image-preview":"max-image-preview:large","max-video-preview":"max-video-preview:-1"},"canonical":"https:\/\/arg-agro.com.ar\/actualidad\/amanecer-28-de-agosto-senador-de-iowa-se-une-a-grupos-agricolas-y-de-biocombustibles-para-oponerse-a-la-expansion-de-las-sres\/","og_locale":"es_ES","og_type":"article","og_title":"Amanecer, 28 de agosto: senador de Iowa se une a grupos agr\u00edcolas y de biocombustibles para oponerse a la expansi\u00f3n de las SREs - ARG-AGRO Semilleria Venta de Semillas e Insumos para el Agro","og_url":"https:\/\/arg-agro.com.ar\/actualidad\/amanecer-28-de-agosto-senador-de-iowa-se-une-a-grupos-agricolas-y-de-biocombustibles-para-oponerse-a-la-expansion-de-las-sres\/","og_site_name":"ARG-AGRO Semilleria Venta de Semillas e Insumos para el Agro","article_published_time":"2026-08-31T18:25:02+00:00","article_modified_time":"2026-08-31T18:25:03+00:00","og_image":[{"width":836,"height":627,"url":"https:\/\/arg-agro.com.ar\/actualidad\/wp-content\/uploads\/2026\/08\/Amanecer-28-de-agosto-senador-de-Iowa-se-une-a.jpg","type":"image\/jpeg"}],"author":"Tom\u00e1s Echeverr\u00eda","twitter_card":"summary_large_image","twitter_misc":{"Escrito por":"Tom\u00e1s Echeverr\u00eda","Tiempo de lectura":"7 minutos"},"schema":{"@context":"https:\/\/schema.org","@graph":[{"@type":"NewsArticle","@id":"https:\/\/arg-agro.com.ar\/actualidad\/amanecer-28-de-agosto-senador-de-iowa-se-une-a-grupos-agricolas-y-de-biocombustibles-para-oponerse-a-la-expansion-de-las-sres\/#article","isPartOf":{"@id":"https:\/\/arg-agro.com.ar\/actualidad\/amanecer-28-de-agosto-senador-de-iowa-se-une-a-grupos-agricolas-y-de-biocombustibles-para-oponerse-a-la-expansion-de-las-sres\/"},"author":{"name":"Tom\u00e1s Echeverr\u00eda","@id":"https:\/\/arg-agro.com.ar\/actualidad\/#\/schema\/person\/6f778d1f6f2c0c1b373aeda7620b7ce3"},"headline":"Amanecer, 28 de agosto: senador de Iowa se une a grupos agr\u00edcolas y de biocombustibles para oponerse a la expansi\u00f3n de las SREs","datePublished":"2026-08-31T18:25:02+00:00","dateModified":"2026-08-31T18:25:03+00:00","mainEntityOfPage":{"@id":"https:\/\/arg-agro.com.ar\/actualidad\/amanecer-28-de-agosto-senador-de-iowa-se-une-a-grupos-agricolas-y-de-biocombustibles-para-oponerse-a-la-expansion-de-las-sres\/"},"wordCount":1444,"publisher":{"@id":"https:\/\/arg-agro.com.ar\/actualidad\/#organization"},"image":{"@id":"https:\/\/arg-agro.com.ar\/actualidad\/amanecer-28-de-agosto-senador-de-iowa-se-une-a-grupos-agricolas-y-de-biocombustibles-para-oponerse-a-la-expansion-de-las-sres\/#primaryimage"},"thumbnailUrl":"https:\/\/arg-agro.com.ar\/actualidad\/wp-content\/uploads\/2026\/08\/Amanecer-28-de-agosto-senador-de-Iowa-se-une-a.jpg","keywords":["agosto","agr\u00edcolas","Amanecer","biocombustibles","expansi\u00f3n","Grupos","Iowa","las","oponerse","para","senador","SREs","une"],"articleSection":["Actualidad"],"inLanguage":"es"},{"@type":"WebPage","@id":"https:\/\/arg-agro.com.ar\/actualidad\/amanecer-28-de-agosto-senador-de-iowa-se-une-a-grupos-agricolas-y-de-biocombustibles-para-oponerse-a-la-expansion-de-las-sres\/","url":"https:\/\/arg-agro.com.ar\/actualidad\/amanecer-28-de-agosto-senador-de-iowa-se-une-a-grupos-agricolas-y-de-biocombustibles-para-oponerse-a-la-expansion-de-las-sres\/","name":"Amanecer, 28 de agosto: senador de Iowa se une a grupos agr\u00edcolas y de biocombustibles para oponerse a la expansi\u00f3n de las SREs - ARG-AGRO Semilleria Venta de Semillas e Insumos para el Agro","isPartOf":{"@id":"https:\/\/arg-agro.com.ar\/actualidad\/#website"},"primaryImageOfPage":{"@id":"https:\/\/arg-agro.com.ar\/actualidad\/amanecer-28-de-agosto-senador-de-iowa-se-une-a-grupos-agricolas-y-de-biocombustibles-para-oponerse-a-la-expansion-de-las-sres\/#primaryimage"},"image":{"@id":"https:\/\/arg-agro.com.ar\/actualidad\/amanecer-28-de-agosto-senador-de-iowa-se-une-a-grupos-agricolas-y-de-biocombustibles-para-oponerse-a-la-expansion-de-las-sres\/#primaryimage"},"thumbnailUrl":"https:\/\/arg-agro.com.ar\/actualidad\/wp-content\/uploads\/2026\/08\/Amanecer-28-de-agosto-senador-de-Iowa-se-une-a.jpg","datePublished":"2026-08-31T18:25:02+00:00","dateModified":"2026-08-31T18:25:03+00:00","breadcrumb":{"@id":"https:\/\/arg-agro.com.ar\/actualidad\/amanecer-28-de-agosto-senador-de-iowa-se-une-a-grupos-agricolas-y-de-biocombustibles-para-oponerse-a-la-expansion-de-las-sres\/#breadcrumb"},"inLanguage":"es","potentialAction":[{"@type":"ReadAction","target":["https:\/\/arg-agro.com.ar\/actualidad\/amanecer-28-de-agosto-senador-de-iowa-se-une-a-grupos-agricolas-y-de-biocombustibles-para-oponerse-a-la-expansion-de-las-sres\/"]}]},{"@type":"ImageObject","inLanguage":"es","@id":"https:\/\/arg-agro.com.ar\/actualidad\/amanecer-28-de-agosto-senador-de-iowa-se-une-a-grupos-agricolas-y-de-biocombustibles-para-oponerse-a-la-expansion-de-las-sres\/#primaryimage","url":"https:\/\/arg-agro.com.ar\/actualidad\/wp-content\/uploads\/2026\/08\/Amanecer-28-de-agosto-senador-de-Iowa-se-une-a.jpg","contentUrl":"https:\/\/arg-agro.com.ar\/actualidad\/wp-content\/uploads\/2026\/08\/Amanecer-28-de-agosto-senador-de-Iowa-se-une-a.jpg","width":836,"height":627},{"@type":"BreadcrumbList","@id":"https:\/\/arg-agro.com.ar\/actualidad\/amanecer-28-de-agosto-senador-de-iowa-se-une-a-grupos-agricolas-y-de-biocombustibles-para-oponerse-a-la-expansion-de-las-sres\/#breadcrumb","itemListElement":[{"@type":"ListItem","position":1,"name":"Arg-Agro","item":"https:\/\/arg-agro.com.ar\/actualidad\/"},{"@type":"ListItem","position":2,"name":"Amanecer, 28 de agosto: senador de Iowa se une a grupos agr\u00edcolas y de biocombustibles para oponerse a la expansi\u00f3n de las SREs"}]},{"@type":"WebSite","@id":"https:\/\/arg-agro.com.ar\/actualidad\/#website","url":"https:\/\/arg-agro.com.ar\/actualidad\/","name":"ARG-AGRO Semilleria Venta de Semillas e Insumos para el Agro","description":"","publisher":{"@id":"https:\/\/arg-agro.com.ar\/actualidad\/#organization"},"potentialAction":[{"@type":"SearchAction","target":{"@type":"EntryPoint","urlTemplate":"https:\/\/arg-agro.com.ar\/actualidad\/?s={search_term_string}"},"query-input":{"@type":"PropertyValueSpecification","valueRequired":true,"valueName":"search_term_string"}}],"inLanguage":"es"},{"@type":"Organization","@id":"https:\/\/arg-agro.com.ar\/actualidad\/#organization","name":"ARG-AGRO Semilleria Venta de Semillas e Insumos para el Agro","url":"https:\/\/arg-agro.com.ar\/actualidad\/","logo":{"@type":"ImageObject","inLanguage":"es","@id":"https:\/\/arg-agro.com.ar\/actualidad\/#\/schema\/logo\/image\/","url":"https:\/\/arg-agro.com.ar\/actualidad\/wp-content\/uploads\/2026\/03\/store_logo.png","contentUrl":"https:\/\/arg-agro.com.ar\/actualidad\/wp-content\/uploads\/2026\/03\/store_logo.png","width":270,"height":90,"caption":"ARG-AGRO Semilleria Venta de Semillas e Insumos para el Agro"},"image":{"@id":"https:\/\/arg-agro.com.ar\/actualidad\/#\/schema\/logo\/image\/"}},{"@type":"Person","@id":"https:\/\/arg-agro.com.ar\/actualidad\/#\/schema\/person\/6f778d1f6f2c0c1b373aeda7620b7ce3","name":"Tom\u00e1s Echeverr\u00eda","image":{"@type":"ImageObject","inLanguage":"es","@id":"https:\/\/arg-agro.com.ar\/actualidad\/#\/schema\/person\/image\/","url":"https:\/\/arg-agro.com.ar\/actualidad\/wp-content\/uploads\/2026\/03\/Tomas-Echeverria-150x150.jpg","contentUrl":"https:\/\/arg-agro.com.ar\/actualidad\/wp-content\/uploads\/2026\/03\/Tomas-Echeverria-150x150.jpg","caption":"Tom\u00e1s Echeverr\u00eda"},"description":"Tom\u00e1s Echeverr\u00eda es especialista en agricultura y manejo sostenible de suelos, con experiencia en sistemas productivos de Argentina. Investiga la optimizaci\u00f3n del riego, la nutrici\u00f3n de cultivos y la adopci\u00f3n de tecnolog\u00edas de agricultura de precisi\u00f3n para mejorar rendimientos. En Arg-Agro, divulga pr\u00e1cticas basadas en evidencia para una producci\u00f3n eficiente y resiliente.","sameAs":["https:\/\/arg-agro.com.ar\/"]}]}},"_links":{"self":[{"href":"https:\/\/arg-agro.com.ar\/actualidad\/wp-json\/wp\/v2\/posts\/1526","targetHints":{"allow":["GET"]}}],"collection":[{"href":"https:\/\/arg-agro.com.ar\/actualidad\/wp-json\/wp\/v2\/posts"}],"about":[{"href":"https:\/\/arg-agro.com.ar\/actualidad\/wp-json\/wp\/v2\/types\/post"}],"author":[{"embeddable":true,"href":"https:\/\/arg-agro.com.ar\/actualidad\/wp-json\/wp\/v2\/users\/1"}],"replies":[{"embeddable":true,"href":"https:\/\/arg-agro.com.ar\/actualidad\/wp-json\/wp\/v2\/comments?post=1526"}],"version-history":[{"count":1,"href":"https:\/\/arg-agro.com.ar\/actualidad\/wp-json\/wp\/v2\/posts\/1526\/revisions"}],"predecessor-version":[{"id":1528,"href":"https:\/\/arg-agro.com.ar\/actualidad\/wp-json\/wp\/v2\/posts\/1526\/revisions\/1528"}],"wp:featuredmedia":[{"embeddable":true,"href":"https:\/\/arg-agro.com.ar\/actualidad\/wp-json\/wp\/v2\/media\/1527"}],"wp:attachment":[{"href":"https:\/\/arg-agro.com.ar\/actualidad\/wp-json\/wp\/v2\/media?parent=1526"}],"wp:term":[{"taxonomy":"category","embeddable":true,"href":"https:\/\/arg-agro.com.ar\/actualidad\/wp-json\/wp\/v2\/categories?post=1526"}],"curies":[{"name":"wp","href":"https:\/\/api.w.org\/{rel}","templated":true}]}}