{"id":1523,"date":"2026-08-31T14:24:08","date_gmt":"2026-08-31T17:24:08","guid":{"rendered":"https:\/\/arg-agro.com.ar\/actualidad\/amanecer-del-31-de-agosto-menos-audiencias-publicas-perjudican-la-democracia-dice-doggett\/"},"modified":"2026-08-31T14:24:09","modified_gmt":"2026-08-31T17:24:09","slug":"amanecer-del-31-de-agosto-menos-audiencias-publicas-perjudican-la-democracia-dice-doggett","status":"publish","type":"post","link":"https:\/\/arg-agro.com.ar\/actualidad\/amanecer-del-31-de-agosto-menos-audiencias-publicas-perjudican-la-democracia-dice-doggett\/","title":{"rendered":"Amanecer del 31 de agosto: Menos audiencias p\u00fablicas perjudican la democracia, dice Doggett."},"content":{"rendered":"<p><\/p>\n<div>\n<p>Este a\u00f1o se est\u00e1n celebrando menos foros o asambleas p\u00fablicas en el Congreso, y el ex director ejecutivo de la Asociaci\u00f3n Nacional de Cultivadores de Ma\u00edz (NCGA), Jon Doggett, teme que, como resultado, los legisladores tengan menos oportunidad de escuchar las voces de los agricultores.<\/p>\n<p>\u201cLa gente estaba enfadada,\u201d dijo. \u201cLa gente ten\u00eda miedo. La gente alzaba la voz. Si hubiera una reuni\u00f3n en Wolf Point, Montana, habr\u00eda al menos 100 personas. Podr\u00edas hacer una asamblea en Saco, un pueblito, y reunir a 25 personas en el centro para personas mayores. Todos levantaban la voz, la mayor\u00eda eran agricultores y el jefe escuchaba.\u201d<\/p>\n<p>\u201cPero ya no hacemos eso. Nuestros congresistas y nuestras autoridades electas nos comunican a trav\u00e9s de las redes sociales, en lugar de escucharnos,\u201d a\u00f1adi\u00f3 Doggett. <\/p>\n<p>Doggett dijo que si los agricultores y ganaderos quieren \u201cvolver a un lugar donde la agricultura tenga una voz m\u00e1s grande,\u201d deben insistir m\u00e1s en decir a los legisladores que \u201cnecesitamos verlos por aqu\u00ed.\u201d Si los legisladores acuden, no deber\u00edan restringir los eventos a invitaci\u00f3n \u00fanicamente ni responder solo a preguntas filtradas, a\u00f1adi\u00f3.<\/p>\n<p>\u201cNecesitamos devolver un poco de este poder a la gente y darles la oportunidad de participar m\u00e1s en nuestra democracia,\u201d dijo Doggett.<\/p>\n<p>Doggett ha estado involucrado de cerca en el lanzamiento de un nuevo esfuerzo, <span style=\" font-style: normal; font-weight: 400; letter-spacing: normal; orphans: 2; text-align: start; widows: 2; word-spacing: 0px; display: inline !important; float: none;\">Restore American Agriculture<\/span><span style=\" font-style: normal; font-weight: 400; letter-spacing: normal; orphans: 2; text-align: start; widows: 2; word-spacing: 0px; display: inline !important; float: none;\">, que fue \u201clanzado por un grupo bipartidista de l\u00edderes agr\u00edcolas, incluyendo antiguos jefes de organizaciones agr\u00edcolas de EE.UU., antiguos asesores del Congreso y del USDA, y agricultores y ganaderos de todo el pa\u00eds. Creemos que el Congreso y la Administraci\u00f3n no est\u00e1n tomando en serio esta crisis y los desaf\u00edos de la econom\u00eda agr\u00edcola exigen una respuesta seria.\u201d<\/span><\/p>\n<p><strong>En agenda: proyecto de ley E15 en California para allanar el camino a mezclas de etanol m\u00e1s altas<\/strong><\/p>\n<p>California est\u00e1 en foco, ya que los productores de etanol esperan que el mayor mercado de combustibles de bajas emisiones del pa\u00eds abra paso a mezclas m\u00e1s altas de biocombustible a base de ma\u00edz en la gasolina.<\/p>\n<p>La Asociaci\u00f3n de Combustibles Renovables (RFA) est\u00e1 pidiendo la aprobaci\u00f3n inmediata de un proyecto de ley estatal bipartito que ayudar\u00eda a impulsar las ventas voluntarias de mezclas de etanol para combustibles de motor m\u00e1s elevadas, conocidas como E15. A pesar de una nueva ley aprobada el a\u00f1o pasado que lo permite, las ventas en el estado no han comenzado debido a problemas t\u00e9cnicos.<\/p>\n<p>Pero dado que la sesi\u00f3n legislativa actual de California termina hoy, el tiempo se agota para aprobar la legislaci\u00f3n pro-etanol.<\/p>\n<p>\u201cLa aprobaci\u00f3n del proyecto de ley ayudar\u00eda a eliminar los \u00faltimos impedimentos que impiden actualmente que los californianos accedan a la mezcla de combustible E15, de menor costo y menor carbono, en la gasolinera,\u201d dijo la Renewable Fuels Association en un comunicado durante el fin de semana.<\/p>\n<p>El guardia de bomberos de California afirma que el E15 no puede venderse hasta que los sistemas secundarios de recuperaci\u00f3n de vapor est\u00e9n certificados para su uso con el combustible, un proceso potencialmente largo. RFA y otros grupos de biocombustibles se\u00f1alan que tales sistemas no son necesarios para veh\u00edculos modernos, y que California es el \u00fanico estado que a\u00fan los exige.<\/p>\n<p>El proyecto de ley estatal E15 permitir\u00eda a los minoristas usar equipos existentes para dispensar E15 si el fabricante de ese equipo proporciona una declaraci\u00f3n de compatibilidad al estado.<\/p>\n<p>Por separado, el Consejo de Pol\u00edtica Ambiental de California aprob\u00f3 recientemente un an\u00e1lisis de E15, un paso final en el proceso regulatorio para aprobar formalmente E15, seg\u00fan la RFA. Se espera que los reguladores estatales aprueben su regulaci\u00f3n pendiente de E15 en una reuni\u00f3n del 24 de septiembre, dijo el grupo.<\/p>\n<p><strong>La opini\u00f3n de Doud sobre el comercio en Fox News<\/strong><\/p>\n<p>Gregg Doud, ex director general de negociaciones agr\u00edcolas en la Oficina del Representante de Comercio de EE.UU. durante la primera administraci\u00f3n de Trump y actual presidente y director ejecutivo de la Federaci\u00f3n Nacional de Productores de Leche (NMPF), afirm\u00f3 en Fox News que Canad\u00e1 debe implementar las cuotas de aranceles a la leche acordadas en el acuerdo USMCA (EE.UU.-M\u00e9xico-Canad\u00e1).<\/p>\n<p>\u201cPrimero, debemos tener en cuenta que, en t\u00e9rminos de l\u00e1cteos, Canad\u00e1 sigue siendo nuestro segundo mayor cliente con alrededor de 1.300 millones de d\u00f3lares en comercio, y importamos aproximadamente la mitad de esa cantidad en l\u00e1cteos desde Canad\u00e1. Pero tienen un sistema de control de suministro en Canad\u00e1 donde el precio de la leche en Canad\u00e1 es casi el doble de lo que es en Estados Unidos,\u201d coment\u00f3 Doud.<\/p>\n<p>Tambi\u00e9n abord\u00f3 la reacci\u00f3n negativa de la industria ganadera tras que el presidente Donald Trump firmara una proclamaci\u00f3n para permitir hasta 300.000 toneladas m\u00e9tricas de recortes magros de carne de res para carne molida en EE. UU. durante un periodo de 90 d\u00edas. Los ganaderos han expresado su preocupaci\u00f3n de que la medida podr\u00eda perjudicar los esfuerzos por reconstruir el hato ganadero dom\u00e9stico, que se encuentra en su nivel m\u00e1s bajo en 75 a\u00f1os debido a la sequ\u00eda y a la p\u00e9rdida de pastizales.<\/p>\n<p>\u201cSiempre hemos sido uno de los mayores, si no el mayor, importadores de carne de res en el mundo, y ahora la situaci\u00f3n es que tenemos la oportunidad de expandirnos. Esperamos, a medida que cambie el tiempo, mantener ese incentivo econ\u00f3mico y dejar que el mercado funcione,\u201d afirm\u00f3.<\/p>\n<p>Vea nuestra historia aqu\u00ed.<\/p>\n<p><strong>Tim Gannon se une a Invariant<\/strong><\/p>\n<p>Invariant anunci\u00f3 hoy que Tim Gannon se unir\u00e1 a la firma bipartidista de asuntos p\u00fablicos, cabildeo y asesor\u00eda empresarial como socio principal.<\/p>\n<p>Gannon es un granjero de quinta generaci\u00f3n con experiencia en pol\u00edtica agr\u00edcola federal, asuntos rurales, conservaci\u00f3n, seguros de cultivo y energ\u00eda renovable. Anteriormente fue asesor principal del ex Secretario de Agricultura Tom Vilsack y fue jefe de gabinete de Producci\u00f3n Agr\u00edcola y Conservaci\u00f3n en el USDA.<\/p>\n<p>\u201cHe dedicado mi carrera a asegurar que las perspectivas de los agricultores y de las comunidades rurales sean escuchadas en las decisiones pol\u00edticas que afectan a sus negocios y medios de vida,\u201d dijo Gannon en un comunicado. \u201cEstoy emocionado de unirme a Invariant porque la firma entiende que una defensa eficaz empieza por conocer la pol\u00edtica, la pol\u00edtica de verdad y a las personas involucradas.\u201d<\/p>\n<p><strong>La FDA autoriza Bimectin para uso de emergencia para prevenir NWS<\/strong><\/p>\n<p>La Administraci\u00f3n de Alimentos y Medicamentos (FDA) ha emitido su decimocuarta autorizaci\u00f3n de uso de emergencia para un f\u00e1rmaco que puede usarse para prevenir infestaciones de gusano de Nueva Mundo en el ganado.<\/p>\n<p>La EUA es para Bimectin (ingrediente activo: ivermectina), \u201ccuando se administre dentro de las 24 horas posteriores al nacimiento, en el momento de la castraci\u00f3n o ante la aparici\u00f3n de una herida.\u201d<\/p>\n<p>La inyecci\u00f3n de Bimectin es una versi\u00f3n gen\u00e9rica de Ivomec, que la FDA autoriz\u00f3 en febrero para la prevenci\u00f3n de infestaciones de NWS. \u201cLa agencia previamente aprob\u00f3 la inyecci\u00f3n de Bimectin para el tratamiento y control de varias parasitosis en el ganado,\u201d afirm\u00f3 un comunicado de la FDA. \u201cEsta EUA es solo para la inyecci\u00f3n de Bimectin y no autoriza otras formas de dosificaci\u00f3n de Bimectin.\u201d<\/p>\n<p>La inyecci\u00f3n de Bimectin est\u00e1 patrocinada por Bimeda Animal Health Ltd., con sede en Irlanda.<\/p>\n<p>Actualmente solo hay dos casos activos de NWS en EE. UU., seg\u00fan el Servicio de Inspecci\u00f3n de Sanidad Animal y Vegetal del USDA. Ambos se encuentran en el condado de Val Verde, Texas.<\/p>\n<p><strong>Palabra final<\/strong><\/p>\n<p><em>Kim Chipman y Olivia Bridges contribuyeron a Daybreak de hoy.<\/em><\/p>\n<\/div>\n","protected":false},"excerpt":{"rendered":"","protected":false},"author":1,"featured_media":1524,"comment_status":"closed","ping_status":"closed","sticky":false,"template":"","format":"standard","meta":{"footnotes":""},"categories":[1],"class_list":["post-1523","post","type-post","status-publish","format-standard","has-post-thumbnail","hentry","category-actualidad","generate-columns","tablet-grid-50","mobile-grid-100","grid-parent","grid-50"],"yoast_head":"<!-- This site is optimized with the Yoast SEO plugin v27.0 - https:\/\/yoast.com\/product\/yoast-seo-wordpress\/ -->\n<title>Amanecer del 31 de agosto: Menos audiencias p\u00fablicas perjudican la democracia, dice Doggett. - ARG-AGRO Semilleria Venta de Semillas e Insumos para el Agro<\/title>\n<meta name=\"robots\" content=\"index, follow, max-snippet:-1, max-image-preview:large, max-video-preview:-1\" \/>\n<link rel=\"canonical\" href=\"https:\/\/arg-agro.com.ar\/actualidad\/amanecer-del-31-de-agosto-menos-audiencias-publicas-perjudican-la-democracia-dice-doggett\/\" \/>\n<meta property=\"og:locale\" content=\"es_ES\" \/>\n<meta property=\"og:type\" content=\"article\" \/>\n<meta property=\"og:title\" content=\"Amanecer del 31 de agosto: Menos audiencias p\u00fablicas perjudican la democracia, dice Doggett. - ARG-AGRO Semilleria Venta de Semillas e Insumos para el Agro\" \/>\n<meta property=\"og:url\" content=\"https:\/\/arg-agro.com.ar\/actualidad\/amanecer-del-31-de-agosto-menos-audiencias-publicas-perjudican-la-democracia-dice-doggett\/\" \/>\n<meta property=\"og:site_name\" content=\"ARG-AGRO Semilleria Venta de Semillas e Insumos para el Agro\" \/>\n<meta property=\"article:published_time\" content=\"2026-08-31T17:24:08+00:00\" \/>\n<meta property=\"article:modified_time\" content=\"2026-08-31T17:24:09+00:00\" \/>\n<meta property=\"og:image\" content=\"https:\/\/arg-agro.com.ar\/actualidad\/wp-content\/uploads\/2026\/08\/Amanecer-del-31-de-agosto-Menos-audiencias-publicas-perjudican-la.jpg\" \/>\n\t<meta property=\"og:image:width\" content=\"836\" \/>\n\t<meta property=\"og:image:height\" content=\"627\" \/>\n\t<meta property=\"og:image:type\" content=\"image\/jpeg\" \/>\n<meta name=\"author\" content=\"Tom\u00e1s Echeverr\u00eda\" \/>\n<meta name=\"twitter:card\" content=\"summary_large_image\" \/>\n<meta name=\"twitter:label1\" content=\"Escrito por\" \/>\n\t<meta name=\"twitter:data1\" content=\"Tom\u00e1s Echeverr\u00eda\" \/>\n\t<meta name=\"twitter:label2\" content=\"Tiempo de lectura\" \/>\n\t<meta name=\"twitter:data2\" content=\"7 minutos\" \/>\n<script type=\"application\/ld+json\" class=\"yoast-schema-graph\">{\"@context\":\"https:\/\/schema.org\",\"@graph\":[{\"@type\":\"NewsArticle\",\"@id\":\"https:\/\/arg-agro.com.ar\/actualidad\/amanecer-del-31-de-agosto-menos-audiencias-publicas-perjudican-la-democracia-dice-doggett\/#article\",\"isPartOf\":{\"@id\":\"https:\/\/arg-agro.com.ar\/actualidad\/amanecer-del-31-de-agosto-menos-audiencias-publicas-perjudican-la-democracia-dice-doggett\/\"},\"author\":{\"name\":\"Tom\u00e1s Echeverr\u00eda\",\"@id\":\"https:\/\/arg-agro.com.ar\/actualidad\/#\/schema\/person\/6f778d1f6f2c0c1b373aeda7620b7ce3\"},\"headline\":\"Amanecer del 31 de agosto: Menos audiencias p\u00fablicas perjudican la democracia, dice Doggett.\",\"datePublished\":\"2026-08-31T17:24:08+00:00\",\"dateModified\":\"2026-08-31T17:24:09+00:00\",\"mainEntityOfPage\":{\"@id\":\"https:\/\/arg-agro.com.ar\/actualidad\/amanecer-del-31-de-agosto-menos-audiencias-publicas-perjudican-la-democracia-dice-doggett\/\"},\"wordCount\":1331,\"publisher\":{\"@id\":\"https:\/\/arg-agro.com.ar\/actualidad\/#organization\"},\"image\":{\"@id\":\"https:\/\/arg-agro.com.ar\/actualidad\/amanecer-del-31-de-agosto-menos-audiencias-publicas-perjudican-la-democracia-dice-doggett\/#primaryimage\"},\"thumbnailUrl\":\"https:\/\/arg-agro.com.ar\/actualidad\/wp-content\/uploads\/2026\/08\/Amanecer-del-31-de-agosto-Menos-audiencias-publicas-perjudican-la.jpg\",\"keywords\":[\"agosto\",\"Amanecer\",\"audiencias\",\"del\",\"democracia\",\"dice\",\"Doggett\",\"Menos\",\"perjudican\",\"p\u00fablicas\"],\"articleSection\":[\"Actualidad\"],\"inLanguage\":\"es\"},{\"@type\":\"WebPage\",\"@id\":\"https:\/\/arg-agro.com.ar\/actualidad\/amanecer-del-31-de-agosto-menos-audiencias-publicas-perjudican-la-democracia-dice-doggett\/\",\"url\":\"https:\/\/arg-agro.com.ar\/actualidad\/amanecer-del-31-de-agosto-menos-audiencias-publicas-perjudican-la-democracia-dice-doggett\/\",\"name\":\"Amanecer del 31 de agosto: Menos audiencias p\u00fablicas perjudican la democracia, dice Doggett. - ARG-AGRO Semilleria Venta de Semillas e Insumos para el Agro\",\"isPartOf\":{\"@id\":\"https:\/\/arg-agro.com.ar\/actualidad\/#website\"},\"primaryImageOfPage\":{\"@id\":\"https:\/\/arg-agro.com.ar\/actualidad\/amanecer-del-31-de-agosto-menos-audiencias-publicas-perjudican-la-democracia-dice-doggett\/#primaryimage\"},\"image\":{\"@id\":\"https:\/\/arg-agro.com.ar\/actualidad\/amanecer-del-31-de-agosto-menos-audiencias-publicas-perjudican-la-democracia-dice-doggett\/#primaryimage\"},\"thumbnailUrl\":\"https:\/\/arg-agro.com.ar\/actualidad\/wp-content\/uploads\/2026\/08\/Amanecer-del-31-de-agosto-Menos-audiencias-publicas-perjudican-la.jpg\",\"datePublished\":\"2026-08-31T17:24:08+00:00\",\"dateModified\":\"2026-08-31T17:24:09+00:00\",\"breadcrumb\":{\"@id\":\"https:\/\/arg-agro.com.ar\/actualidad\/amanecer-del-31-de-agosto-menos-audiencias-publicas-perjudican-la-democracia-dice-doggett\/#breadcrumb\"},\"inLanguage\":\"es\",\"potentialAction\":[{\"@type\":\"ReadAction\",\"target\":[\"https:\/\/arg-agro.com.ar\/actualidad\/amanecer-del-31-de-agosto-menos-audiencias-publicas-perjudican-la-democracia-dice-doggett\/\"]}]},{\"@type\":\"ImageObject\",\"inLanguage\":\"es\",\"@id\":\"https:\/\/arg-agro.com.ar\/actualidad\/amanecer-del-31-de-agosto-menos-audiencias-publicas-perjudican-la-democracia-dice-doggett\/#primaryimage\",\"url\":\"https:\/\/arg-agro.com.ar\/actualidad\/wp-content\/uploads\/2026\/08\/Amanecer-del-31-de-agosto-Menos-audiencias-publicas-perjudican-la.jpg\",\"contentUrl\":\"https:\/\/arg-agro.com.ar\/actualidad\/wp-content\/uploads\/2026\/08\/Amanecer-del-31-de-agosto-Menos-audiencias-publicas-perjudican-la.jpg\",\"width\":836,\"height\":627},{\"@type\":\"BreadcrumbList\",\"@id\":\"https:\/\/arg-agro.com.ar\/actualidad\/amanecer-del-31-de-agosto-menos-audiencias-publicas-perjudican-la-democracia-dice-doggett\/#breadcrumb\",\"itemListElement\":[{\"@type\":\"ListItem\",\"position\":1,\"name\":\"Arg-Agro\",\"item\":\"https:\/\/arg-agro.com.ar\/actualidad\/\"},{\"@type\":\"ListItem\",\"position\":2,\"name\":\"Amanecer del 31 de agosto: Menos audiencias p\u00fablicas perjudican la democracia, dice Doggett.\"}]},{\"@type\":\"WebSite\",\"@id\":\"https:\/\/arg-agro.com.ar\/actualidad\/#website\",\"url\":\"https:\/\/arg-agro.com.ar\/actualidad\/\",\"name\":\"ARG-AGRO Semilleria Venta de Semillas e Insumos para el Agro\",\"description\":\"\",\"publisher\":{\"@id\":\"https:\/\/arg-agro.com.ar\/actualidad\/#organization\"},\"potentialAction\":[{\"@type\":\"SearchAction\",\"target\":{\"@type\":\"EntryPoint\",\"urlTemplate\":\"https:\/\/arg-agro.com.ar\/actualidad\/?s={search_term_string}\"},\"query-input\":{\"@type\":\"PropertyValueSpecification\",\"valueRequired\":true,\"valueName\":\"search_term_string\"}}],\"inLanguage\":\"es\"},{\"@type\":\"Organization\",\"@id\":\"https:\/\/arg-agro.com.ar\/actualidad\/#organization\",\"name\":\"ARG-AGRO Semilleria Venta de Semillas e Insumos para el Agro\",\"url\":\"https:\/\/arg-agro.com.ar\/actualidad\/\",\"logo\":{\"@type\":\"ImageObject\",\"inLanguage\":\"es\",\"@id\":\"https:\/\/arg-agro.com.ar\/actualidad\/#\/schema\/logo\/image\/\",\"url\":\"https:\/\/arg-agro.com.ar\/actualidad\/wp-content\/uploads\/2026\/03\/store_logo.png\",\"contentUrl\":\"https:\/\/arg-agro.com.ar\/actualidad\/wp-content\/uploads\/2026\/03\/store_logo.png\",\"width\":270,\"height\":90,\"caption\":\"ARG-AGRO Semilleria Venta de Semillas e Insumos para el Agro\"},\"image\":{\"@id\":\"https:\/\/arg-agro.com.ar\/actualidad\/#\/schema\/logo\/image\/\"}},{\"@type\":\"Person\",\"@id\":\"https:\/\/arg-agro.com.ar\/actualidad\/#\/schema\/person\/6f778d1f6f2c0c1b373aeda7620b7ce3\",\"name\":\"Tom\u00e1s Echeverr\u00eda\",\"image\":{\"@type\":\"ImageObject\",\"inLanguage\":\"es\",\"@id\":\"https:\/\/arg-agro.com.ar\/actualidad\/#\/schema\/person\/image\/\",\"url\":\"https:\/\/arg-agro.com.ar\/actualidad\/wp-content\/uploads\/2026\/03\/Tomas-Echeverria-150x150.jpg\",\"contentUrl\":\"https:\/\/arg-agro.com.ar\/actualidad\/wp-content\/uploads\/2026\/03\/Tomas-Echeverria-150x150.jpg\",\"caption\":\"Tom\u00e1s Echeverr\u00eda\"},\"description\":\"Tom\u00e1s Echeverr\u00eda es especialista en agricultura y manejo sostenible de suelos, con experiencia en sistemas productivos de Argentina. Investiga la optimizaci\u00f3n del riego, la nutrici\u00f3n de cultivos y la adopci\u00f3n de tecnolog\u00edas de agricultura de precisi\u00f3n para mejorar rendimientos. En Arg-Agro, divulga pr\u00e1cticas basadas en evidencia para una producci\u00f3n eficiente y resiliente.\",\"sameAs\":[\"https:\/\/arg-agro.com.ar\/\"]}]}<\/script>\n<!-- \/ Yoast SEO plugin. -->","yoast_head_json":{"title":"Amanecer del 31 de agosto: Menos audiencias p\u00fablicas perjudican la democracia, dice Doggett. - ARG-AGRO Semilleria Venta de Semillas e Insumos para el Agro","robots":{"index":"index","follow":"follow","max-snippet":"max-snippet:-1","max-image-preview":"max-image-preview:large","max-video-preview":"max-video-preview:-1"},"canonical":"https:\/\/arg-agro.com.ar\/actualidad\/amanecer-del-31-de-agosto-menos-audiencias-publicas-perjudican-la-democracia-dice-doggett\/","og_locale":"es_ES","og_type":"article","og_title":"Amanecer del 31 de agosto: Menos audiencias p\u00fablicas perjudican la democracia, dice Doggett. - ARG-AGRO Semilleria Venta de Semillas e Insumos para el Agro","og_url":"https:\/\/arg-agro.com.ar\/actualidad\/amanecer-del-31-de-agosto-menos-audiencias-publicas-perjudican-la-democracia-dice-doggett\/","og_site_name":"ARG-AGRO Semilleria Venta de Semillas e Insumos para el Agro","article_published_time":"2026-08-31T17:24:08+00:00","article_modified_time":"2026-08-31T17:24:09+00:00","og_image":[{"width":836,"height":627,"url":"https:\/\/arg-agro.com.ar\/actualidad\/wp-content\/uploads\/2026\/08\/Amanecer-del-31-de-agosto-Menos-audiencias-publicas-perjudican-la.jpg","type":"image\/jpeg"}],"author":"Tom\u00e1s Echeverr\u00eda","twitter_card":"summary_large_image","twitter_misc":{"Escrito por":"Tom\u00e1s Echeverr\u00eda","Tiempo de lectura":"7 minutos"},"schema":{"@context":"https:\/\/schema.org","@graph":[{"@type":"NewsArticle","@id":"https:\/\/arg-agro.com.ar\/actualidad\/amanecer-del-31-de-agosto-menos-audiencias-publicas-perjudican-la-democracia-dice-doggett\/#article","isPartOf":{"@id":"https:\/\/arg-agro.com.ar\/actualidad\/amanecer-del-31-de-agosto-menos-audiencias-publicas-perjudican-la-democracia-dice-doggett\/"},"author":{"name":"Tom\u00e1s Echeverr\u00eda","@id":"https:\/\/arg-agro.com.ar\/actualidad\/#\/schema\/person\/6f778d1f6f2c0c1b373aeda7620b7ce3"},"headline":"Amanecer del 31 de agosto: Menos audiencias p\u00fablicas perjudican la democracia, dice Doggett.","datePublished":"2026-08-31T17:24:08+00:00","dateModified":"2026-08-31T17:24:09+00:00","mainEntityOfPage":{"@id":"https:\/\/arg-agro.com.ar\/actualidad\/amanecer-del-31-de-agosto-menos-audiencias-publicas-perjudican-la-democracia-dice-doggett\/"},"wordCount":1331,"publisher":{"@id":"https:\/\/arg-agro.com.ar\/actualidad\/#organization"},"image":{"@id":"https:\/\/arg-agro.com.ar\/actualidad\/amanecer-del-31-de-agosto-menos-audiencias-publicas-perjudican-la-democracia-dice-doggett\/#primaryimage"},"thumbnailUrl":"https:\/\/arg-agro.com.ar\/actualidad\/wp-content\/uploads\/2026\/08\/Amanecer-del-31-de-agosto-Menos-audiencias-publicas-perjudican-la.jpg","keywords":["agosto","Amanecer","audiencias","del","democracia","dice","Doggett","Menos","perjudican","p\u00fablicas"],"articleSection":["Actualidad"],"inLanguage":"es"},{"@type":"WebPage","@id":"https:\/\/arg-agro.com.ar\/actualidad\/amanecer-del-31-de-agosto-menos-audiencias-publicas-perjudican-la-democracia-dice-doggett\/","url":"https:\/\/arg-agro.com.ar\/actualidad\/amanecer-del-31-de-agosto-menos-audiencias-publicas-perjudican-la-democracia-dice-doggett\/","name":"Amanecer del 31 de agosto: Menos audiencias p\u00fablicas perjudican la democracia, dice Doggett. - ARG-AGRO Semilleria Venta de Semillas e Insumos para el Agro","isPartOf":{"@id":"https:\/\/arg-agro.com.ar\/actualidad\/#website"},"primaryImageOfPage":{"@id":"https:\/\/arg-agro.com.ar\/actualidad\/amanecer-del-31-de-agosto-menos-audiencias-publicas-perjudican-la-democracia-dice-doggett\/#primaryimage"},"image":{"@id":"https:\/\/arg-agro.com.ar\/actualidad\/amanecer-del-31-de-agosto-menos-audiencias-publicas-perjudican-la-democracia-dice-doggett\/#primaryimage"},"thumbnailUrl":"https:\/\/arg-agro.com.ar\/actualidad\/wp-content\/uploads\/2026\/08\/Amanecer-del-31-de-agosto-Menos-audiencias-publicas-perjudican-la.jpg","datePublished":"2026-08-31T17:24:08+00:00","dateModified":"2026-08-31T17:24:09+00:00","breadcrumb":{"@id":"https:\/\/arg-agro.com.ar\/actualidad\/amanecer-del-31-de-agosto-menos-audiencias-publicas-perjudican-la-democracia-dice-doggett\/#breadcrumb"},"inLanguage":"es","potentialAction":[{"@type":"ReadAction","target":["https:\/\/arg-agro.com.ar\/actualidad\/amanecer-del-31-de-agosto-menos-audiencias-publicas-perjudican-la-democracia-dice-doggett\/"]}]},{"@type":"ImageObject","inLanguage":"es","@id":"https:\/\/arg-agro.com.ar\/actualidad\/amanecer-del-31-de-agosto-menos-audiencias-publicas-perjudican-la-democracia-dice-doggett\/#primaryimage","url":"https:\/\/arg-agro.com.ar\/actualidad\/wp-content\/uploads\/2026\/08\/Amanecer-del-31-de-agosto-Menos-audiencias-publicas-perjudican-la.jpg","contentUrl":"https:\/\/arg-agro.com.ar\/actualidad\/wp-content\/uploads\/2026\/08\/Amanecer-del-31-de-agosto-Menos-audiencias-publicas-perjudican-la.jpg","width":836,"height":627},{"@type":"BreadcrumbList","@id":"https:\/\/arg-agro.com.ar\/actualidad\/amanecer-del-31-de-agosto-menos-audiencias-publicas-perjudican-la-democracia-dice-doggett\/#breadcrumb","itemListElement":[{"@type":"ListItem","position":1,"name":"Arg-Agro","item":"https:\/\/arg-agro.com.ar\/actualidad\/"},{"@type":"ListItem","position":2,"name":"Amanecer del 31 de agosto: Menos audiencias p\u00fablicas perjudican la democracia, dice Doggett."}]},{"@type":"WebSite","@id":"https:\/\/arg-agro.com.ar\/actualidad\/#website","url":"https:\/\/arg-agro.com.ar\/actualidad\/","name":"ARG-AGRO Semilleria Venta de Semillas e Insumos para el Agro","description":"","publisher":{"@id":"https:\/\/arg-agro.com.ar\/actualidad\/#organization"},"potentialAction":[{"@type":"SearchAction","target":{"@type":"EntryPoint","urlTemplate":"https:\/\/arg-agro.com.ar\/actualidad\/?s={search_term_string}"},"query-input":{"@type":"PropertyValueSpecification","valueRequired":true,"valueName":"search_term_string"}}],"inLanguage":"es"},{"@type":"Organization","@id":"https:\/\/arg-agro.com.ar\/actualidad\/#organization","name":"ARG-AGRO Semilleria Venta de Semillas e Insumos para el Agro","url":"https:\/\/arg-agro.com.ar\/actualidad\/","logo":{"@type":"ImageObject","inLanguage":"es","@id":"https:\/\/arg-agro.com.ar\/actualidad\/#\/schema\/logo\/image\/","url":"https:\/\/arg-agro.com.ar\/actualidad\/wp-content\/uploads\/2026\/03\/store_logo.png","contentUrl":"https:\/\/arg-agro.com.ar\/actualidad\/wp-content\/uploads\/2026\/03\/store_logo.png","width":270,"height":90,"caption":"ARG-AGRO Semilleria Venta de Semillas e Insumos para el Agro"},"image":{"@id":"https:\/\/arg-agro.com.ar\/actualidad\/#\/schema\/logo\/image\/"}},{"@type":"Person","@id":"https:\/\/arg-agro.com.ar\/actualidad\/#\/schema\/person\/6f778d1f6f2c0c1b373aeda7620b7ce3","name":"Tom\u00e1s Echeverr\u00eda","image":{"@type":"ImageObject","inLanguage":"es","@id":"https:\/\/arg-agro.com.ar\/actualidad\/#\/schema\/person\/image\/","url":"https:\/\/arg-agro.com.ar\/actualidad\/wp-content\/uploads\/2026\/03\/Tomas-Echeverria-150x150.jpg","contentUrl":"https:\/\/arg-agro.com.ar\/actualidad\/wp-content\/uploads\/2026\/03\/Tomas-Echeverria-150x150.jpg","caption":"Tom\u00e1s Echeverr\u00eda"},"description":"Tom\u00e1s Echeverr\u00eda es especialista en agricultura y manejo sostenible de suelos, con experiencia en sistemas productivos de Argentina. Investiga la optimizaci\u00f3n del riego, la nutrici\u00f3n de cultivos y la adopci\u00f3n de tecnolog\u00edas de agricultura de precisi\u00f3n para mejorar rendimientos. En Arg-Agro, divulga pr\u00e1cticas basadas en evidencia para una producci\u00f3n eficiente y resiliente.","sameAs":["https:\/\/arg-agro.com.ar\/"]}]}},"_links":{"self":[{"href":"https:\/\/arg-agro.com.ar\/actualidad\/wp-json\/wp\/v2\/posts\/1523","targetHints":{"allow":["GET"]}}],"collection":[{"href":"https:\/\/arg-agro.com.ar\/actualidad\/wp-json\/wp\/v2\/posts"}],"about":[{"href":"https:\/\/arg-agro.com.ar\/actualidad\/wp-json\/wp\/v2\/types\/post"}],"author":[{"embeddable":true,"href":"https:\/\/arg-agro.com.ar\/actualidad\/wp-json\/wp\/v2\/users\/1"}],"replies":[{"embeddable":true,"href":"https:\/\/arg-agro.com.ar\/actualidad\/wp-json\/wp\/v2\/comments?post=1523"}],"version-history":[{"count":1,"href":"https:\/\/arg-agro.com.ar\/actualidad\/wp-json\/wp\/v2\/posts\/1523\/revisions"}],"predecessor-version":[{"id":1525,"href":"https:\/\/arg-agro.com.ar\/actualidad\/wp-json\/wp\/v2\/posts\/1523\/revisions\/1525"}],"wp:featuredmedia":[{"embeddable":true,"href":"https:\/\/arg-agro.com.ar\/actualidad\/wp-json\/wp\/v2\/media\/1524"}],"wp:attachment":[{"href":"https:\/\/arg-agro.com.ar\/actualidad\/wp-json\/wp\/v2\/media?parent=1523"}],"wp:term":[{"taxonomy":"category","embeddable":true,"href":"https:\/\/arg-agro.com.ar\/actualidad\/wp-json\/wp\/v2\/categories?post=1523"}],"curies":[{"name":"wp","href":"https:\/\/api.w.org\/{rel}","templated":true}]}}