{"id":1520,"date":"2026-08-31T12:29:18","date_gmt":"2026-08-31T15:29:18","guid":{"rendered":"https:\/\/arg-agro.com.ar\/actualidad\/opinion-suben-los-precios-de-fertilizantes-por-interrupciones-externas-no-por-manipulacion-interna\/"},"modified":"2026-08-31T12:29:19","modified_gmt":"2026-08-31T15:29:19","slug":"opinion-suben-los-precios-de-fertilizantes-por-interrupciones-externas-no-por-manipulacion-interna","status":"publish","type":"post","link":"https:\/\/arg-agro.com.ar\/actualidad\/opinion-suben-los-precios-de-fertilizantes-por-interrupciones-externas-no-por-manipulacion-interna\/","title":{"rendered":"Opini\u00f3n: Suben los precios de fertilizantes por interrupciones externas, no por manipulaci\u00f3n interna"},"content":{"rendered":"<p><\/p>\n<div>\n<p>Existe un ritmo familiar en los debates de pol\u00edticas agr\u00edcolas en Estados Unidos. Cuando suben los precios de los insumos, los agricultores lo sienten, y las masas buscan una explicaci\u00f3n de por qu\u00e9 ocurre. En lo que se refiere al actual aumento de los precios de los fertilizantes, la respuesta deber\u00eda ser clara.<\/p>\n<p>La estructura del mercado no se puede inferir por el recuento de empleados. Lo que importa es si los precios en el mercado dom\u00e9stico est\u00e1n disciplinados por la posibilidad de entrada extranjera, y si el bien en cuesti\u00f3n se mueve a trav\u00e9s de las fronteras en vol\u00famenes econ\u00f3micamente significativos.<\/p>\n<p>El fertilizante no es una mercanc\u00eda dom\u00e9stica que por casualidad se venda al extranjero. Es una mercanc\u00eda comerciada globalmente que se produce, en parte, en casa. El fosfato, la potasa, la urea y sus derivados se negocian en mercados mundiales profundos y variados. Los costos de transporte, las barreras comerciales y las diferencias de calidad importan. Sin embargo, los precios de lista dom\u00e9sticos siguen con notable regularidad los puntos de referencia globales.<\/p>\n<p>Describir ese mercado como anticompetitivo es confundir volumen con poder de fijaci\u00f3n de precios. Una industria dom\u00e9stica puede tener una cuota de mercado alta y aun as\u00ed operar a merced de fuerzas m\u00e1s all\u00e1 de su control. Esa es, en l\u00edneas generales, la situaci\u00f3n a la que se enfrentan hoy los productores estadounidenses de fertilizantes. Cuando suben los precios mundiales, los agricultores de EE. UU. pagan m\u00e1s, pero importar al precio global no es m\u00e1s barato.<\/p>\n<p>\u00bfPor qu\u00e9, entonces, suben los precios mundiales? El historial es inusualmente claro. El acceso a insumos clave, como el azufre, se ha visto gravemente reducido. China, hist\u00f3ricamente entre los mayores exportadores de fertilizantes del mundo, ha impuesto controles a la exportaci\u00f3n de \u00e1cido sulf\u00farico. India y Rusia han seguido su ejemplo. El reciente cierre del Estrecho de Ormuz ha interrumpido m\u00e1s de la mitad de los env\u00edos mundiales de azufre. En conjunto, constituyen el tipo de constricci\u00f3n coordinada de suministro que produce picos de precios en productos comerciados globalmente.<\/p>\n<p>Adem\u00e1s, el aumento del precio del azufre en todo el mundo ha hecho m\u00e1s rentable para las refiner\u00edas de petr\u00f3leo y gas exportar azufre al extranjero, en lugar de venderlo en casa. Dados los controles de exportaci\u00f3n adicionales de China sobre fertilizante terminado, se crea un sistema en el que las materias primas fluyen hacia fuera, pero no regresa ning\u00fan producto terminado, lo que restringe a\u00fan m\u00e1s el suministro global y ejerce presi\u00f3n al alza sobre los precios.<\/p>\n<div class=\"related-content\">\n<section class=\"related-content__articles\">\n<h3 class=\"related-content__articles-title\">Art\u00edculos Relacionados<\/h3>\n<\/section>\n<section class=\"related-content__events\">\n<h3 class=\"related-content__events-title\">Eventos Relacionados<\/h3>\n<\/section>\n<\/div>\n<p>Es instructivo comparar el episodio actual con la \u201ccosecha de algod\u00f3n\u201d de 2010\u20132011. En ese periodo, los precios del algod\u00f3n se triplicaron aproximadamente en menos de un a\u00f1o, alcanzando niveles no vistos en generaciones. Las causas cercanas eran notablemente similares en estructura a las que estamos presenciando en el fertilizante. Una serie de shocks de suministro (inundaciones en Pakist\u00e1n, sequ\u00eda en el oeste de China, p\u00e9rdidas de cosecha en Australia) coincidi\u00f3 con restricciones a la exportaci\u00f3n impuestas por India, entonces el segundo mayor exportador del mundo. La confluencia de estos shocks entre grandes participantes del mercado llev\u00f3 a oscilaciones r\u00e1pidas y grandes de precios en ese periodo.<\/p>\n<p>En la prensa popular, el episodio se present\u00f3 con frecuencia como evidencia de manipulaci\u00f3n por parte de los traders y mercaderes. An\u00e1lisis posterior se\u00f1al\u00f3 una explicaci\u00f3n m\u00e1s amplia y gobernada por el mercado. Los precios se comportaron aproximadamente como se esperar\u00eda dada la oferta y la demanda subyacentes y las intervenciones de pol\u00edtica de los pa\u00edses productores mayores. En dieciocho meses, las elasticidades hicieron su trabajo, la superficie cultivable se expandi\u00f3 y los precios retrocedieron. El mercado no se quebr\u00f3; funcionaba de manera bastante l\u00f3gica.<\/p>\n<p>El paralelismo no es perfecto. El fertilizante es un insumo m\u00e1s esencial que el algod\u00f3n, y su demanda a corto plazo es considerablemente menos el\u00e1stica. Un agricultor no puede f\u00e1cilmente prescindir del fosfato a mitad de temporada como un fabricante de camisas puede sustituir fibras sint\u00e9ticas. Esa misma inelasticidad argumenta en contra de una hip\u00f3tesis que culpe a la consolidaci\u00f3n dom\u00e9stica. Cuando la demanda es inel\u00e1stica y la oferta est\u00e1 restringida por choques ex\u00f3genos, los precios suben bruscamente incluso en un mercado perfectamente competitivo. El comportamiento observado de los precios no es necesariamente diagn\u00f3stico de la conducta de las empresas; las condiciones de mercado son una explicaci\u00f3n m\u00e1s robusta y l\u00f3gica.<\/p>\n<p>Ninguno de esto sugiere que los responsables de pol\u00edticas deban ser indiferentes. Existen razones defendibles para preocuparse por la concentraci\u00f3n del azufre en manos de empresas extranjeras respaldadas por el estado. Hay argumentos leg\u00edtimos de seguridad nacional para traer a casa la capacidad de fabricaci\u00f3n de fertilizantes adicional, para mantener reservas estrat\u00e9gicas de materiales clave como el azufre, y para escrutar las pr\u00e1cticas de pa\u00edses con sus propios monopolios respaldados por el estado. Lo que no es defendible es diagnosticar un choque de suministro internacional por culpa de los productores dom\u00e9sticos.<\/p>\n<p>El episodio algod\u00f3-nero de 2011 se resolvi\u00f3 no porque reguladores intervinieran, sino porque los mercados se ajustaron. Es probable que el episodio de fertilizantes de mediados de la d\u00e9cada de 2020 siga un arco mayormente similar, siempre que los responsables pol\u00edticos resistan la tentaci\u00f3n de culpar al acusado equivocado. Hay trabajo por hacer, sin duda. Sin embargo, si diagnosticamos mal la causa, los agricultores estadounidenses seguir\u00e1n soportando el costo.<\/p>\n<p><em>Darren Hudson, Ph.D., es decano asociado para iniciativas estrat\u00e9gicas y evaluaci\u00f3n en la Universidad de Texas Tech.<\/em><\/p>\n<\/div>\n","protected":false},"excerpt":{"rendered":"","protected":false},"author":1,"featured_media":1521,"comment_status":"closed","ping_status":"closed","sticky":false,"template":"","format":"standard","meta":{"footnotes":""},"categories":[1],"class_list":["post-1520","post","type-post","status-publish","format-standard","has-post-thumbnail","hentry","category-actualidad","generate-columns","tablet-grid-50","mobile-grid-100","grid-parent","grid-50"],"yoast_head":"<!-- This site is optimized with the Yoast SEO plugin v27.0 - https:\/\/yoast.com\/product\/yoast-seo-wordpress\/ -->\n<title>Opini\u00f3n: Suben los precios de fertilizantes por interrupciones externas, no por manipulaci\u00f3n interna - ARG-AGRO Semilleria Venta de Semillas e Insumos para el Agro<\/title>\n<meta name=\"robots\" content=\"index, follow, max-snippet:-1, max-image-preview:large, max-video-preview:-1\" \/>\n<link rel=\"canonical\" href=\"https:\/\/arg-agro.com.ar\/actualidad\/opinion-suben-los-precios-de-fertilizantes-por-interrupciones-externas-no-por-manipulacion-interna\/\" \/>\n<meta property=\"og:locale\" content=\"es_ES\" \/>\n<meta property=\"og:type\" content=\"article\" \/>\n<meta property=\"og:title\" content=\"Opini\u00f3n: Suben los precios de fertilizantes por interrupciones externas, no por manipulaci\u00f3n interna - ARG-AGRO Semilleria Venta de Semillas e Insumos para el Agro\" \/>\n<meta property=\"og:url\" content=\"https:\/\/arg-agro.com.ar\/actualidad\/opinion-suben-los-precios-de-fertilizantes-por-interrupciones-externas-no-por-manipulacion-interna\/\" \/>\n<meta property=\"og:site_name\" content=\"ARG-AGRO Semilleria Venta de Semillas e Insumos para el Agro\" \/>\n<meta property=\"article:published_time\" content=\"2026-08-31T15:29:18+00:00\" \/>\n<meta property=\"article:modified_time\" content=\"2026-08-31T15:29:19+00:00\" \/>\n<meta property=\"og:image\" content=\"https:\/\/arg-agro.com.ar\/actualidad\/wp-content\/uploads\/2026\/08\/Opinion-Suben-los-precios-de-fertilizantes-por-interrupciones-externas-no.jpg\" \/>\n\t<meta property=\"og:image:width\" content=\"800\" \/>\n\t<meta property=\"og:image:height\" content=\"490\" \/>\n\t<meta property=\"og:image:type\" content=\"image\/jpeg\" \/>\n<meta name=\"author\" content=\"Tom\u00e1s Echeverr\u00eda\" \/>\n<meta name=\"twitter:card\" content=\"summary_large_image\" \/>\n<meta name=\"twitter:label1\" content=\"Escrito por\" \/>\n\t<meta name=\"twitter:data1\" content=\"Tom\u00e1s Echeverr\u00eda\" \/>\n\t<meta name=\"twitter:label2\" content=\"Tiempo de lectura\" \/>\n\t<meta name=\"twitter:data2\" content=\"5 minutos\" \/>\n<script type=\"application\/ld+json\" class=\"yoast-schema-graph\">{\"@context\":\"https:\/\/schema.org\",\"@graph\":[{\"@type\":\"NewsArticle\",\"@id\":\"https:\/\/arg-agro.com.ar\/actualidad\/opinion-suben-los-precios-de-fertilizantes-por-interrupciones-externas-no-por-manipulacion-interna\/#article\",\"isPartOf\":{\"@id\":\"https:\/\/arg-agro.com.ar\/actualidad\/opinion-suben-los-precios-de-fertilizantes-por-interrupciones-externas-no-por-manipulacion-interna\/\"},\"author\":{\"name\":\"Tom\u00e1s Echeverr\u00eda\",\"@id\":\"https:\/\/arg-agro.com.ar\/actualidad\/#\/schema\/person\/6f778d1f6f2c0c1b373aeda7620b7ce3\"},\"headline\":\"Opini\u00f3n: Suben los precios de fertilizantes por interrupciones externas, no por manipulaci\u00f3n interna\",\"datePublished\":\"2026-08-31T15:29:18+00:00\",\"dateModified\":\"2026-08-31T15:29:19+00:00\",\"mainEntityOfPage\":{\"@id\":\"https:\/\/arg-agro.com.ar\/actualidad\/opinion-suben-los-precios-de-fertilizantes-por-interrupciones-externas-no-por-manipulacion-interna\/\"},\"wordCount\":997,\"publisher\":{\"@id\":\"https:\/\/arg-agro.com.ar\/actualidad\/#organization\"},\"image\":{\"@id\":\"https:\/\/arg-agro.com.ar\/actualidad\/opinion-suben-los-precios-de-fertilizantes-por-interrupciones-externas-no-por-manipulacion-interna\/#primaryimage\"},\"thumbnailUrl\":\"https:\/\/arg-agro.com.ar\/actualidad\/wp-content\/uploads\/2026\/08\/Opinion-Suben-los-precios-de-fertilizantes-por-interrupciones-externas-no.jpg\",\"keywords\":[\"externas\",\"fertilizantes\",\"interna\",\"interrupciones\",\"los\",\"manipulaci\u00f3n\",\"Opinion\",\"por\",\"precios\",\"suben\"],\"articleSection\":[\"Actualidad\"],\"inLanguage\":\"es\"},{\"@type\":\"WebPage\",\"@id\":\"https:\/\/arg-agro.com.ar\/actualidad\/opinion-suben-los-precios-de-fertilizantes-por-interrupciones-externas-no-por-manipulacion-interna\/\",\"url\":\"https:\/\/arg-agro.com.ar\/actualidad\/opinion-suben-los-precios-de-fertilizantes-por-interrupciones-externas-no-por-manipulacion-interna\/\",\"name\":\"Opini\u00f3n: Suben los precios de fertilizantes por interrupciones externas, no por manipulaci\u00f3n interna - ARG-AGRO Semilleria Venta de Semillas e Insumos para el Agro\",\"isPartOf\":{\"@id\":\"https:\/\/arg-agro.com.ar\/actualidad\/#website\"},\"primaryImageOfPage\":{\"@id\":\"https:\/\/arg-agro.com.ar\/actualidad\/opinion-suben-los-precios-de-fertilizantes-por-interrupciones-externas-no-por-manipulacion-interna\/#primaryimage\"},\"image\":{\"@id\":\"https:\/\/arg-agro.com.ar\/actualidad\/opinion-suben-los-precios-de-fertilizantes-por-interrupciones-externas-no-por-manipulacion-interna\/#primaryimage\"},\"thumbnailUrl\":\"https:\/\/arg-agro.com.ar\/actualidad\/wp-content\/uploads\/2026\/08\/Opinion-Suben-los-precios-de-fertilizantes-por-interrupciones-externas-no.jpg\",\"datePublished\":\"2026-08-31T15:29:18+00:00\",\"dateModified\":\"2026-08-31T15:29:19+00:00\",\"breadcrumb\":{\"@id\":\"https:\/\/arg-agro.com.ar\/actualidad\/opinion-suben-los-precios-de-fertilizantes-por-interrupciones-externas-no-por-manipulacion-interna\/#breadcrumb\"},\"inLanguage\":\"es\",\"potentialAction\":[{\"@type\":\"ReadAction\",\"target\":[\"https:\/\/arg-agro.com.ar\/actualidad\/opinion-suben-los-precios-de-fertilizantes-por-interrupciones-externas-no-por-manipulacion-interna\/\"]}]},{\"@type\":\"ImageObject\",\"inLanguage\":\"es\",\"@id\":\"https:\/\/arg-agro.com.ar\/actualidad\/opinion-suben-los-precios-de-fertilizantes-por-interrupciones-externas-no-por-manipulacion-interna\/#primaryimage\",\"url\":\"https:\/\/arg-agro.com.ar\/actualidad\/wp-content\/uploads\/2026\/08\/Opinion-Suben-los-precios-de-fertilizantes-por-interrupciones-externas-no.jpg\",\"contentUrl\":\"https:\/\/arg-agro.com.ar\/actualidad\/wp-content\/uploads\/2026\/08\/Opinion-Suben-los-precios-de-fertilizantes-por-interrupciones-externas-no.jpg\",\"width\":800,\"height\":490},{\"@type\":\"BreadcrumbList\",\"@id\":\"https:\/\/arg-agro.com.ar\/actualidad\/opinion-suben-los-precios-de-fertilizantes-por-interrupciones-externas-no-por-manipulacion-interna\/#breadcrumb\",\"itemListElement\":[{\"@type\":\"ListItem\",\"position\":1,\"name\":\"Arg-Agro\",\"item\":\"https:\/\/arg-agro.com.ar\/actualidad\/\"},{\"@type\":\"ListItem\",\"position\":2,\"name\":\"Opini\u00f3n: Suben los precios de fertilizantes por interrupciones externas, no por manipulaci\u00f3n interna\"}]},{\"@type\":\"WebSite\",\"@id\":\"https:\/\/arg-agro.com.ar\/actualidad\/#website\",\"url\":\"https:\/\/arg-agro.com.ar\/actualidad\/\",\"name\":\"ARG-AGRO Semilleria Venta de Semillas e Insumos para el Agro\",\"description\":\"\",\"publisher\":{\"@id\":\"https:\/\/arg-agro.com.ar\/actualidad\/#organization\"},\"potentialAction\":[{\"@type\":\"SearchAction\",\"target\":{\"@type\":\"EntryPoint\",\"urlTemplate\":\"https:\/\/arg-agro.com.ar\/actualidad\/?s={search_term_string}\"},\"query-input\":{\"@type\":\"PropertyValueSpecification\",\"valueRequired\":true,\"valueName\":\"search_term_string\"}}],\"inLanguage\":\"es\"},{\"@type\":\"Organization\",\"@id\":\"https:\/\/arg-agro.com.ar\/actualidad\/#organization\",\"name\":\"ARG-AGRO Semilleria Venta de Semillas e Insumos para el Agro\",\"url\":\"https:\/\/arg-agro.com.ar\/actualidad\/\",\"logo\":{\"@type\":\"ImageObject\",\"inLanguage\":\"es\",\"@id\":\"https:\/\/arg-agro.com.ar\/actualidad\/#\/schema\/logo\/image\/\",\"url\":\"https:\/\/arg-agro.com.ar\/actualidad\/wp-content\/uploads\/2026\/03\/store_logo.png\",\"contentUrl\":\"https:\/\/arg-agro.com.ar\/actualidad\/wp-content\/uploads\/2026\/03\/store_logo.png\",\"width\":270,\"height\":90,\"caption\":\"ARG-AGRO Semilleria Venta de Semillas e Insumos para el Agro\"},\"image\":{\"@id\":\"https:\/\/arg-agro.com.ar\/actualidad\/#\/schema\/logo\/image\/\"}},{\"@type\":\"Person\",\"@id\":\"https:\/\/arg-agro.com.ar\/actualidad\/#\/schema\/person\/6f778d1f6f2c0c1b373aeda7620b7ce3\",\"name\":\"Tom\u00e1s Echeverr\u00eda\",\"image\":{\"@type\":\"ImageObject\",\"inLanguage\":\"es\",\"@id\":\"https:\/\/arg-agro.com.ar\/actualidad\/#\/schema\/person\/image\/\",\"url\":\"https:\/\/arg-agro.com.ar\/actualidad\/wp-content\/uploads\/2026\/03\/Tomas-Echeverria-150x150.jpg\",\"contentUrl\":\"https:\/\/arg-agro.com.ar\/actualidad\/wp-content\/uploads\/2026\/03\/Tomas-Echeverria-150x150.jpg\",\"caption\":\"Tom\u00e1s Echeverr\u00eda\"},\"description\":\"Tom\u00e1s Echeverr\u00eda es especialista en agricultura y manejo sostenible de suelos, con experiencia en sistemas productivos de Argentina. Investiga la optimizaci\u00f3n del riego, la nutrici\u00f3n de cultivos y la adopci\u00f3n de tecnolog\u00edas de agricultura de precisi\u00f3n para mejorar rendimientos. En Arg-Agro, divulga pr\u00e1cticas basadas en evidencia para una producci\u00f3n eficiente y resiliente.\",\"sameAs\":[\"https:\/\/arg-agro.com.ar\/\"]}]}<\/script>\n<!-- \/ Yoast SEO plugin. -->","yoast_head_json":{"title":"Opini\u00f3n: Suben los precios de fertilizantes por interrupciones externas, no por manipulaci\u00f3n interna - ARG-AGRO Semilleria Venta de Semillas e Insumos para el Agro","robots":{"index":"index","follow":"follow","max-snippet":"max-snippet:-1","max-image-preview":"max-image-preview:large","max-video-preview":"max-video-preview:-1"},"canonical":"https:\/\/arg-agro.com.ar\/actualidad\/opinion-suben-los-precios-de-fertilizantes-por-interrupciones-externas-no-por-manipulacion-interna\/","og_locale":"es_ES","og_type":"article","og_title":"Opini\u00f3n: Suben los precios de fertilizantes por interrupciones externas, no por manipulaci\u00f3n interna - ARG-AGRO Semilleria Venta de Semillas e Insumos para el Agro","og_url":"https:\/\/arg-agro.com.ar\/actualidad\/opinion-suben-los-precios-de-fertilizantes-por-interrupciones-externas-no-por-manipulacion-interna\/","og_site_name":"ARG-AGRO Semilleria Venta de Semillas e Insumos para el Agro","article_published_time":"2026-08-31T15:29:18+00:00","article_modified_time":"2026-08-31T15:29:19+00:00","og_image":[{"width":800,"height":490,"url":"https:\/\/arg-agro.com.ar\/actualidad\/wp-content\/uploads\/2026\/08\/Opinion-Suben-los-precios-de-fertilizantes-por-interrupciones-externas-no.jpg","type":"image\/jpeg"}],"author":"Tom\u00e1s Echeverr\u00eda","twitter_card":"summary_large_image","twitter_misc":{"Escrito por":"Tom\u00e1s Echeverr\u00eda","Tiempo de lectura":"5 minutos"},"schema":{"@context":"https:\/\/schema.org","@graph":[{"@type":"NewsArticle","@id":"https:\/\/arg-agro.com.ar\/actualidad\/opinion-suben-los-precios-de-fertilizantes-por-interrupciones-externas-no-por-manipulacion-interna\/#article","isPartOf":{"@id":"https:\/\/arg-agro.com.ar\/actualidad\/opinion-suben-los-precios-de-fertilizantes-por-interrupciones-externas-no-por-manipulacion-interna\/"},"author":{"name":"Tom\u00e1s Echeverr\u00eda","@id":"https:\/\/arg-agro.com.ar\/actualidad\/#\/schema\/person\/6f778d1f6f2c0c1b373aeda7620b7ce3"},"headline":"Opini\u00f3n: Suben los precios de fertilizantes por interrupciones externas, no por manipulaci\u00f3n interna","datePublished":"2026-08-31T15:29:18+00:00","dateModified":"2026-08-31T15:29:19+00:00","mainEntityOfPage":{"@id":"https:\/\/arg-agro.com.ar\/actualidad\/opinion-suben-los-precios-de-fertilizantes-por-interrupciones-externas-no-por-manipulacion-interna\/"},"wordCount":997,"publisher":{"@id":"https:\/\/arg-agro.com.ar\/actualidad\/#organization"},"image":{"@id":"https:\/\/arg-agro.com.ar\/actualidad\/opinion-suben-los-precios-de-fertilizantes-por-interrupciones-externas-no-por-manipulacion-interna\/#primaryimage"},"thumbnailUrl":"https:\/\/arg-agro.com.ar\/actualidad\/wp-content\/uploads\/2026\/08\/Opinion-Suben-los-precios-de-fertilizantes-por-interrupciones-externas-no.jpg","keywords":["externas","fertilizantes","interna","interrupciones","los","manipulaci\u00f3n","Opinion","por","precios","suben"],"articleSection":["Actualidad"],"inLanguage":"es"},{"@type":"WebPage","@id":"https:\/\/arg-agro.com.ar\/actualidad\/opinion-suben-los-precios-de-fertilizantes-por-interrupciones-externas-no-por-manipulacion-interna\/","url":"https:\/\/arg-agro.com.ar\/actualidad\/opinion-suben-los-precios-de-fertilizantes-por-interrupciones-externas-no-por-manipulacion-interna\/","name":"Opini\u00f3n: Suben los precios de fertilizantes por interrupciones externas, no por manipulaci\u00f3n interna - ARG-AGRO Semilleria Venta de Semillas e Insumos para el Agro","isPartOf":{"@id":"https:\/\/arg-agro.com.ar\/actualidad\/#website"},"primaryImageOfPage":{"@id":"https:\/\/arg-agro.com.ar\/actualidad\/opinion-suben-los-precios-de-fertilizantes-por-interrupciones-externas-no-por-manipulacion-interna\/#primaryimage"},"image":{"@id":"https:\/\/arg-agro.com.ar\/actualidad\/opinion-suben-los-precios-de-fertilizantes-por-interrupciones-externas-no-por-manipulacion-interna\/#primaryimage"},"thumbnailUrl":"https:\/\/arg-agro.com.ar\/actualidad\/wp-content\/uploads\/2026\/08\/Opinion-Suben-los-precios-de-fertilizantes-por-interrupciones-externas-no.jpg","datePublished":"2026-08-31T15:29:18+00:00","dateModified":"2026-08-31T15:29:19+00:00","breadcrumb":{"@id":"https:\/\/arg-agro.com.ar\/actualidad\/opinion-suben-los-precios-de-fertilizantes-por-interrupciones-externas-no-por-manipulacion-interna\/#breadcrumb"},"inLanguage":"es","potentialAction":[{"@type":"ReadAction","target":["https:\/\/arg-agro.com.ar\/actualidad\/opinion-suben-los-precios-de-fertilizantes-por-interrupciones-externas-no-por-manipulacion-interna\/"]}]},{"@type":"ImageObject","inLanguage":"es","@id":"https:\/\/arg-agro.com.ar\/actualidad\/opinion-suben-los-precios-de-fertilizantes-por-interrupciones-externas-no-por-manipulacion-interna\/#primaryimage","url":"https:\/\/arg-agro.com.ar\/actualidad\/wp-content\/uploads\/2026\/08\/Opinion-Suben-los-precios-de-fertilizantes-por-interrupciones-externas-no.jpg","contentUrl":"https:\/\/arg-agro.com.ar\/actualidad\/wp-content\/uploads\/2026\/08\/Opinion-Suben-los-precios-de-fertilizantes-por-interrupciones-externas-no.jpg","width":800,"height":490},{"@type":"BreadcrumbList","@id":"https:\/\/arg-agro.com.ar\/actualidad\/opinion-suben-los-precios-de-fertilizantes-por-interrupciones-externas-no-por-manipulacion-interna\/#breadcrumb","itemListElement":[{"@type":"ListItem","position":1,"name":"Arg-Agro","item":"https:\/\/arg-agro.com.ar\/actualidad\/"},{"@type":"ListItem","position":2,"name":"Opini\u00f3n: Suben los precios de fertilizantes por interrupciones externas, no por manipulaci\u00f3n interna"}]},{"@type":"WebSite","@id":"https:\/\/arg-agro.com.ar\/actualidad\/#website","url":"https:\/\/arg-agro.com.ar\/actualidad\/","name":"ARG-AGRO Semilleria Venta de Semillas e Insumos para el Agro","description":"","publisher":{"@id":"https:\/\/arg-agro.com.ar\/actualidad\/#organization"},"potentialAction":[{"@type":"SearchAction","target":{"@type":"EntryPoint","urlTemplate":"https:\/\/arg-agro.com.ar\/actualidad\/?s={search_term_string}"},"query-input":{"@type":"PropertyValueSpecification","valueRequired":true,"valueName":"search_term_string"}}],"inLanguage":"es"},{"@type":"Organization","@id":"https:\/\/arg-agro.com.ar\/actualidad\/#organization","name":"ARG-AGRO Semilleria Venta de Semillas e Insumos para el Agro","url":"https:\/\/arg-agro.com.ar\/actualidad\/","logo":{"@type":"ImageObject","inLanguage":"es","@id":"https:\/\/arg-agro.com.ar\/actualidad\/#\/schema\/logo\/image\/","url":"https:\/\/arg-agro.com.ar\/actualidad\/wp-content\/uploads\/2026\/03\/store_logo.png","contentUrl":"https:\/\/arg-agro.com.ar\/actualidad\/wp-content\/uploads\/2026\/03\/store_logo.png","width":270,"height":90,"caption":"ARG-AGRO Semilleria Venta de Semillas e Insumos para el Agro"},"image":{"@id":"https:\/\/arg-agro.com.ar\/actualidad\/#\/schema\/logo\/image\/"}},{"@type":"Person","@id":"https:\/\/arg-agro.com.ar\/actualidad\/#\/schema\/person\/6f778d1f6f2c0c1b373aeda7620b7ce3","name":"Tom\u00e1s Echeverr\u00eda","image":{"@type":"ImageObject","inLanguage":"es","@id":"https:\/\/arg-agro.com.ar\/actualidad\/#\/schema\/person\/image\/","url":"https:\/\/arg-agro.com.ar\/actualidad\/wp-content\/uploads\/2026\/03\/Tomas-Echeverria-150x150.jpg","contentUrl":"https:\/\/arg-agro.com.ar\/actualidad\/wp-content\/uploads\/2026\/03\/Tomas-Echeverria-150x150.jpg","caption":"Tom\u00e1s Echeverr\u00eda"},"description":"Tom\u00e1s Echeverr\u00eda es especialista en agricultura y manejo sostenible de suelos, con experiencia en sistemas productivos de Argentina. Investiga la optimizaci\u00f3n del riego, la nutrici\u00f3n de cultivos y la adopci\u00f3n de tecnolog\u00edas de agricultura de precisi\u00f3n para mejorar rendimientos. En Arg-Agro, divulga pr\u00e1cticas basadas en evidencia para una producci\u00f3n eficiente y resiliente.","sameAs":["https:\/\/arg-agro.com.ar\/"]}]}},"_links":{"self":[{"href":"https:\/\/arg-agro.com.ar\/actualidad\/wp-json\/wp\/v2\/posts\/1520","targetHints":{"allow":["GET"]}}],"collection":[{"href":"https:\/\/arg-agro.com.ar\/actualidad\/wp-json\/wp\/v2\/posts"}],"about":[{"href":"https:\/\/arg-agro.com.ar\/actualidad\/wp-json\/wp\/v2\/types\/post"}],"author":[{"embeddable":true,"href":"https:\/\/arg-agro.com.ar\/actualidad\/wp-json\/wp\/v2\/users\/1"}],"replies":[{"embeddable":true,"href":"https:\/\/arg-agro.com.ar\/actualidad\/wp-json\/wp\/v2\/comments?post=1520"}],"version-history":[{"count":1,"href":"https:\/\/arg-agro.com.ar\/actualidad\/wp-json\/wp\/v2\/posts\/1520\/revisions"}],"predecessor-version":[{"id":1522,"href":"https:\/\/arg-agro.com.ar\/actualidad\/wp-json\/wp\/v2\/posts\/1520\/revisions\/1522"}],"wp:featuredmedia":[{"embeddable":true,"href":"https:\/\/arg-agro.com.ar\/actualidad\/wp-json\/wp\/v2\/media\/1521"}],"wp:attachment":[{"href":"https:\/\/arg-agro.com.ar\/actualidad\/wp-json\/wp\/v2\/media?parent=1520"}],"wp:term":[{"taxonomy":"category","embeddable":true,"href":"https:\/\/arg-agro.com.ar\/actualidad\/wp-json\/wp\/v2\/categories?post=1520"}],"curies":[{"name":"wp","href":"https:\/\/api.w.org\/{rel}","templated":true}]}}